{"id":18425,"date":"2020-07-24T19:04:34","date_gmt":"2020-07-24T22:04:34","guid":{"rendered":"http:\/\/www.polisrecreio.com.br\/site\/?p=18425"},"modified":"2020-07-24T19:05:18","modified_gmt":"2020-07-24T22:05:18","slug":"e-e-olavo-bilac-vai-criar-sala-multiuso-cultural-e-laboratorio-de-ciencias-sera-modernizado","status":"publish","type":"post","link":"https:\/\/www.polisrecreio.com.br\/site\/2020\/07\/24\/e-e-olavo-bilac-vai-criar-sala-multiuso-cultural-e-laboratorio-de-ciencias-sera-modernizado\/","title":{"rendered":"E.E. Olavo Bilac vai criar sala multiuso cultural e laborat\u00f3rio de ci\u00eancias ser\u00e1 modernizado"},"content":{"rendered":"<p style=\"text-align: justify;\">As aulas presenciais est\u00e3o suspensas desde mar\u00e7o, mas as atividades administrativas das escolas e os projetos para o futuro n\u00e3o pararam. Em Recreio, a E.E. Olavo Bilac vai criar uma sala multiuso cultural e o laborat\u00f3rio de ci\u00eancias ser\u00e1 modernizado. Estes projetos ser\u00e3o custeados com recursos de R$ 50 mil de emenda parlamentar do deputado Federal, Bet\u00e3o.<\/p>\n<p><!--more--><\/p>\n<p><a href=\"http:\/\/www.polisrecreio.com.br\/site\/wp-content\/uploads\/2020\/07\/104633941_3006503692738359_923017579643680111_n.jpg\"><img loading=\"lazy\" class=\"aligncenter size-full wp-image-18426\" src=\"http:\/\/www.polisrecreio.com.br\/site\/wp-content\/uploads\/2020\/07\/104633941_3006503692738359_923017579643680111_n.jpg\" alt=\"\" width=\"750\" height=\"422\" srcset=\"https:\/\/www.polisrecreio.com.br\/site\/wp-content\/uploads\/2020\/07\/104633941_3006503692738359_923017579643680111_n.jpg 750w, https:\/\/www.polisrecreio.com.br\/site\/wp-content\/uploads\/2020\/07\/104633941_3006503692738359_923017579643680111_n-300x169.jpg 300w\" sizes=\"(max-width: 750px) 100vw, 750px\" \/><\/a><\/p>\n<p style=\"text-align: justify;\">Segundo informa\u00e7\u00f5es do diretor da escola, Ruan Ferreira, a verba entrou na conta do caixa escolar nesta sexta-feira (24). \u201cA sala multiuso contar\u00e1 com instrumentos musicais diversos e sonoriza\u00e7\u00e3o. A nossa ideia \u00e9 utiliz\u00e1-la para o nosso projeto de teatro. O laborat\u00f3rio de ci\u00eancias receber\u00e1 novos equipamentos\u201d, disse.<\/p>\n<p style=\"text-align: justify;\">Por causa da pandemia do novo coronav\u00edrus as aulas presenciais est\u00e3o suspensas desde mar\u00e7o. At\u00e9 o momento n\u00e3o h\u00e1 previs\u00e3o da data oficial da volta \u00e0s aulas presenciais.<\/p>\n","protected":false},"excerpt":{"rendered":"<p>As aulas presenciais est\u00e3o suspensas desde mar\u00e7o, mas as atividades administrativas das escolas e os projetos para o futuro n\u00e3o pararam. Em Recreio, a E.E. Olavo Bilac vai criar uma sala multiuso cultural e o laborat\u00f3rio de ci\u00eancias ser\u00e1 modernizado. Estes projetos ser\u00e3o custeados com recursos de R$ 50 mil de emenda parlamentar do deputado [&hellip;]<\/p>\n","protected":false},"author":3,"featured_media":18426,"comment_status":"open","ping_status":"open","sticky":false,"template":"","format":"standard","meta":[],"categories":[9],"tags":[],"yoast_head":"<!-- This site is optimized with the Yoast SEO plugin v15.6.2 - https:\/\/yoast.com\/wordpress\/plugins\/seo\/ -->\n<meta name=\"robots\" content=\"index, follow, max-snippet:-1, max-image-preview:large, max-video-preview:-1\" \/>\n<link rel=\"canonical\" href=\"http:\/\/www.polisrecreio.com.br\/site\/2020\/07\/24\/e-e-olavo-bilac-vai-criar-sala-multiuso-cultural-e-laboratorio-de-ciencias-sera-modernizado\/\" \/>\n<meta property=\"og:locale\" content=\"pt_BR\" \/>\n<meta property=\"og:type\" content=\"article\" \/>\n<meta property=\"og:title\" content=\"E.E. Olavo Bilac vai criar sala multiuso cultural e laborat\u00f3rio de ci\u00eancias ser\u00e1 modernizado - P\u00f3lis Recreio\" \/>\n<meta property=\"og:description\" content=\"As aulas presenciais est\u00e3o suspensas desde mar\u00e7o, mas as atividades administrativas das escolas e os projetos para o futuro n\u00e3o pararam. Em Recreio, a E.E. Olavo Bilac vai criar uma sala multiuso cultural e o laborat\u00f3rio de ci\u00eancias ser\u00e1 modernizado. Estes projetos ser\u00e3o custeados com recursos de R$ 50 mil de emenda parlamentar do deputado [&hellip;]\" \/>\n<meta property=\"og:url\" content=\"http:\/\/www.polisrecreio.com.br\/site\/2020\/07\/24\/e-e-olavo-bilac-vai-criar-sala-multiuso-cultural-e-laboratorio-de-ciencias-sera-modernizado\/\" \/>\n<meta property=\"og:site_name\" content=\"P\u00f3lis Recreio\" \/>\n<meta property=\"article:publisher\" content=\"https:\/\/www.facebook.com\/Site-P%c3%b3lis-Recreio-MG-181941708571019\/\" \/>\n<meta property=\"article:published_time\" content=\"2020-07-24T22:04:34+00:00\" \/>\n<meta property=\"article:modified_time\" content=\"2020-07-24T22:05:18+00:00\" \/>\n<meta property=\"og:image\" content=\"https:\/\/www.polisrecreio.com.br\/site\/wp-content\/uploads\/2020\/07\/104633941_3006503692738359_923017579643680111_n.jpg\" \/>\n\t<meta property=\"og:image:width\" content=\"750\" \/>\n\t<meta property=\"og:image:height\" content=\"422\" \/>\n<meta name=\"twitter:card\" content=\"summary_large_image\" \/>\n<meta name=\"twitter:creator\" content=\"@PolisRecreio\" \/>\n<meta name=\"twitter:site\" content=\"@PolisRecreio\" \/>\n<meta name=\"twitter:label1\" content=\"Est. reading time\">\n\t<meta name=\"twitter:data1\" content=\"1 minuto\">\n<script type=\"application\/ld+json\" class=\"yoast-schema-graph\">{\"@context\":\"https:\/\/schema.org\",\"@graph\":[{\"@type\":\"WebSite\",\"@id\":\"https:\/\/www.polisrecreio.com.br\/site\/#website\",\"url\":\"https:\/\/www.polisrecreio.com.br\/site\/\",\"name\":\"P\\u00f3lis Recreio\",\"description\":\"\",\"potentialAction\":[{\"@type\":\"SearchAction\",\"target\":\"https:\/\/www.polisrecreio.com.br\/site\/?s={search_term_string}\",\"query-input\":\"required name=search_term_string\"}],\"inLanguage\":\"pt-BR\"},{\"@type\":\"ImageObject\",\"@id\":\"http:\/\/www.polisrecreio.com.br\/site\/2020\/07\/24\/e-e-olavo-bilac-vai-criar-sala-multiuso-cultural-e-laboratorio-de-ciencias-sera-modernizado\/#primaryimage\",\"inLanguage\":\"pt-BR\",\"url\":\"https:\/\/www.polisrecreio.com.br\/site\/wp-content\/uploads\/2020\/07\/104633941_3006503692738359_923017579643680111_n.jpg\",\"width\":750,\"height\":422},{\"@type\":\"WebPage\",\"@id\":\"http:\/\/www.polisrecreio.com.br\/site\/2020\/07\/24\/e-e-olavo-bilac-vai-criar-sala-multiuso-cultural-e-laboratorio-de-ciencias-sera-modernizado\/#webpage\",\"url\":\"http:\/\/www.polisrecreio.com.br\/site\/2020\/07\/24\/e-e-olavo-bilac-vai-criar-sala-multiuso-cultural-e-laboratorio-de-ciencias-sera-modernizado\/\",\"name\":\"E.E. Olavo Bilac vai criar sala multiuso cultural e laborat\\u00f3rio de ci\\u00eancias ser\\u00e1 modernizado - P\\u00f3lis Recreio\",\"isPartOf\":{\"@id\":\"https:\/\/www.polisrecreio.com.br\/site\/#website\"},\"primaryImageOfPage\":{\"@id\":\"http:\/\/www.polisrecreio.com.br\/site\/2020\/07\/24\/e-e-olavo-bilac-vai-criar-sala-multiuso-cultural-e-laboratorio-de-ciencias-sera-modernizado\/#primaryimage\"},\"datePublished\":\"2020-07-24T22:04:34+00:00\",\"dateModified\":\"2020-07-24T22:05:18+00:00\",\"author\":{\"@id\":\"https:\/\/www.polisrecreio.com.br\/site\/#\/schema\/person\/3363c1c78e1e28e1329d97adb387638e\"},\"inLanguage\":\"pt-BR\",\"potentialAction\":[{\"@type\":\"ReadAction\",\"target\":[\"http:\/\/www.polisrecreio.com.br\/site\/2020\/07\/24\/e-e-olavo-bilac-vai-criar-sala-multiuso-cultural-e-laboratorio-de-ciencias-sera-modernizado\/\"]}]},{\"@type\":\"Person\",\"@id\":\"https:\/\/www.polisrecreio.com.br\/site\/#\/schema\/person\/3363c1c78e1e28e1329d97adb387638e\",\"name\":\"Leonardo Ribeiro\",\"image\":{\"@type\":\"ImageObject\",\"@id\":\"https:\/\/www.polisrecreio.com.br\/site\/#personlogo\",\"inLanguage\":\"pt-BR\",\"url\":\"https:\/\/secure.gravatar.com\/avatar\/6ba92a37d621e1a83e23710251178a12?s=96&d=mm&r=g\",\"caption\":\"Leonardo Ribeiro\"},\"sameAs\":[\"http:\/\/www.polisrecreio.com.br\"]}]}<\/script>\n<!-- \/ Yoast SEO plugin. -->","_links":{"self":[{"href":"https:\/\/www.polisrecreio.com.br\/site\/wp-json\/wp\/v2\/posts\/18425"}],"collection":[{"href":"https:\/\/www.polisrecreio.com.br\/site\/wp-json\/wp\/v2\/posts"}],"about":[{"href":"https:\/\/www.polisrecreio.com.br\/site\/wp-json\/wp\/v2\/types\/post"}],"author":[{"embeddable":true,"href":"https:\/\/www.polisrecreio.com.br\/site\/wp-json\/wp\/v2\/users\/3"}],"replies":[{"embeddable":true,"href":"https:\/\/www.polisrecreio.com.br\/site\/wp-json\/wp\/v2\/comments?post=18425"}],"version-history":[{"count":2,"href":"https:\/\/www.polisrecreio.com.br\/site\/wp-json\/wp\/v2\/posts\/18425\/revisions"}],"predecessor-version":[{"id":18428,"href":"https:\/\/www.polisrecreio.com.br\/site\/wp-json\/wp\/v2\/posts\/18425\/revisions\/18428"}],"wp:featuredmedia":[{"embeddable":true,"href":"https:\/\/www.polisrecreio.com.br\/site\/wp-json\/wp\/v2\/media\/18426"}],"wp:attachment":[{"href":"https:\/\/www.polisrecreio.com.br\/site\/wp-json\/wp\/v2\/media?parent=18425"}],"wp:term":[{"taxonomy":"category","embeddable":true,"href":"https:\/\/www.polisrecreio.com.br\/site\/wp-json\/wp\/v2\/categories?post=18425"},{"taxonomy":"post_tag","embeddable":true,"href":"https:\/\/www.polisrecreio.com.br\/site\/wp-json\/wp\/v2\/tags?post=18425"}],"curies":[{"name":"wp","href":"https:\/\/api.w.org\/{rel}","templated":true}]}}