{"id":18540,"date":"2020-08-12T15:10:34","date_gmt":"2020-08-12T18:10:34","guid":{"rendered":"http:\/\/www.polisrecreio.com.br\/site\/?p=18540"},"modified":"2020-08-12T15:15:17","modified_gmt":"2020-08-12T18:15:17","slug":"kits-de-alimentacao-da-e-e-pres-carlos-luz-serao-entregues-nesta-quinta-feira-e-sexta-feira","status":"publish","type":"post","link":"https:\/\/www.polisrecreio.com.br\/site\/2020\/08\/12\/kits-de-alimentacao-da-e-e-pres-carlos-luz-serao-entregues-nesta-quinta-feira-e-sexta-feira\/","title":{"rendered":"Kits de alimenta\u00e7\u00e3o da E.E. Pres. Carlos Luz ser\u00e3o entregues nesta quinta-feira e sexta-feira"},"content":{"rendered":"<p style=\"text-align: justify;\">Os kits de alimenta\u00e7\u00e3o para todos os alunos da E.E. Presidente Carlos Luz ser\u00e3o distribu\u00eddos nesta quinta-feira (13) para as turmas de 6\u00ba ao 9\u00ba ano e na sexta-feira (14) para as turmas de 1\u00ba ao 5\u00ba ano.<\/p>\n<p><!--more--><\/p>\n<p><a href=\"http:\/\/www.polisrecreio.com.br\/site\/wp-content\/uploads\/2020\/08\/DSC_0148.jpg\"><img loading=\"lazy\" class=\"aligncenter size-full wp-image-18541\" src=\"http:\/\/www.polisrecreio.com.br\/site\/wp-content\/uploads\/2020\/08\/DSC_0148.jpg\" alt=\"\" width=\"750\" height=\"500\" srcset=\"https:\/\/www.polisrecreio.com.br\/site\/wp-content\/uploads\/2020\/08\/DSC_0148.jpg 750w, https:\/\/www.polisrecreio.com.br\/site\/wp-content\/uploads\/2020\/08\/DSC_0148-300x200.jpg 300w\" sizes=\"(max-width: 750px) 100vw, 750px\" \/><\/a><\/p>\n<p style=\"text-align: justify;\">Confira os hor\u00e1rios:<\/p>\n<p style=\"text-align: justify;\">Quinta-feira<\/p>\n<ul style=\"text-align: justify;\">\n<li>6\u00ba ano \u2013 8:30h;<\/li>\n<li>7\u00ba ano \u2013 9:30h<\/li>\n<li>8\u00ba ano \u2013 10:30h;<\/li>\n<li>9\u00ba ano \u2013 11h;<\/li>\n<\/ul>\n<p style=\"text-align: justify;\">Sexta-feira (poder\u00e1 sofrer altera\u00e7\u00e3o)<\/p>\n<ul style=\"text-align: justify;\">\n<li>1\u00ba ano \u2013 8:30h;<\/li>\n<li>2\u00ba ano \u2013 9h;<\/li>\n<li>3\u00ba ano \u2013 9:30h;<\/li>\n<li>4\u00ba ano \u2013 10h;<\/li>\n<li>5\u00ba ano \u2013 10:30h.<\/li>\n<\/ul>\n<p style=\"text-align: justify;\">A distribui\u00e7\u00e3o dos kits est\u00e1 embasada na Lei Federal 13.987 de 7 de abril de 2020, na Resolu\u00e7\u00e3o FNDE 2 de 9 de abril de 2020, na Nota T\u00e9cnica SEE\/SPF\/DPCO 01\/2020 e no Memorando Circular 6\/2020\/SEE\/AS.<\/p>\n<p style=\"text-align: justify;\">A retirada do kit s\u00f3 poder\u00e1 ser feita pelo pai, m\u00e3e ou respons\u00e1vel pelo aluno, acompanhado do documento do RG (identidade) ou CPF.<\/p>\n","protected":false},"excerpt":{"rendered":"<p>Os kits de alimenta\u00e7\u00e3o para todos os alunos da E.E. Presidente Carlos Luz ser\u00e3o distribu\u00eddos nesta quinta-feira (13) para as turmas de 6\u00ba ao 9\u00ba ano e na sexta-feira (14) para as turmas de 1\u00ba ao 5\u00ba ano.<\/p>\n","protected":false},"author":3,"featured_media":18541,"comment_status":"open","ping_status":"open","sticky":false,"template":"","format":"standard","meta":[],"categories":[9],"tags":[],"yoast_head":"<!-- This site is optimized with the Yoast SEO plugin v15.6.2 - https:\/\/yoast.com\/wordpress\/plugins\/seo\/ -->\n<meta name=\"robots\" content=\"index, follow, max-snippet:-1, max-image-preview:large, max-video-preview:-1\" \/>\n<link rel=\"canonical\" href=\"https:\/\/www.polisrecreio.com.br\/site\/2020\/08\/12\/kits-de-alimentacao-da-e-e-pres-carlos-luz-serao-entregues-nesta-quinta-feira-e-sexta-feira\/\" \/>\n<meta property=\"og:locale\" content=\"pt_BR\" \/>\n<meta property=\"og:type\" content=\"article\" \/>\n<meta property=\"og:title\" content=\"Kits de alimenta\u00e7\u00e3o da E.E. Pres. Carlos Luz ser\u00e3o entregues nesta quinta-feira e sexta-feira - P\u00f3lis Recreio\" \/>\n<meta property=\"og:description\" content=\"Os kits de alimenta\u00e7\u00e3o para todos os alunos da E.E. Presidente Carlos Luz ser\u00e3o distribu\u00eddos nesta quinta-feira (13) para as turmas de 6\u00ba ao 9\u00ba ano e na sexta-feira (14) para as turmas de 1\u00ba ao 5\u00ba ano.\" \/>\n<meta property=\"og:url\" content=\"https:\/\/www.polisrecreio.com.br\/site\/2020\/08\/12\/kits-de-alimentacao-da-e-e-pres-carlos-luz-serao-entregues-nesta-quinta-feira-e-sexta-feira\/\" \/>\n<meta property=\"og:site_name\" content=\"P\u00f3lis Recreio\" \/>\n<meta property=\"article:publisher\" content=\"https:\/\/www.facebook.com\/Site-P%c3%b3lis-Recreio-MG-181941708571019\/\" \/>\n<meta property=\"article:published_time\" content=\"2020-08-12T18:10:34+00:00\" \/>\n<meta property=\"article:modified_time\" content=\"2020-08-12T18:15:17+00:00\" \/>\n<meta property=\"og:image\" content=\"https:\/\/www.polisrecreio.com.br\/site\/wp-content\/uploads\/2020\/08\/DSC_0148.jpg\" \/>\n\t<meta property=\"og:image:width\" content=\"750\" \/>\n\t<meta property=\"og:image:height\" content=\"500\" \/>\n<meta name=\"twitter:card\" content=\"summary_large_image\" \/>\n<meta name=\"twitter:creator\" content=\"@PolisRecreio\" \/>\n<meta name=\"twitter:site\" content=\"@PolisRecreio\" \/>\n<meta name=\"twitter:label1\" content=\"Est. reading time\">\n\t<meta name=\"twitter:data1\" content=\"1 minuto\">\n<script type=\"application\/ld+json\" class=\"yoast-schema-graph\">{\"@context\":\"https:\/\/schema.org\",\"@graph\":[{\"@type\":\"WebSite\",\"@id\":\"https:\/\/www.polisrecreio.com.br\/site\/#website\",\"url\":\"https:\/\/www.polisrecreio.com.br\/site\/\",\"name\":\"P\\u00f3lis Recreio\",\"description\":\"\",\"potentialAction\":[{\"@type\":\"SearchAction\",\"target\":\"https:\/\/www.polisrecreio.com.br\/site\/?s={search_term_string}\",\"query-input\":\"required name=search_term_string\"}],\"inLanguage\":\"pt-BR\"},{\"@type\":\"ImageObject\",\"@id\":\"https:\/\/www.polisrecreio.com.br\/site\/2020\/08\/12\/kits-de-alimentacao-da-e-e-pres-carlos-luz-serao-entregues-nesta-quinta-feira-e-sexta-feira\/#primaryimage\",\"inLanguage\":\"pt-BR\",\"url\":\"https:\/\/www.polisrecreio.com.br\/site\/wp-content\/uploads\/2020\/08\/DSC_0148.jpg\",\"width\":750,\"height\":500},{\"@type\":\"WebPage\",\"@id\":\"https:\/\/www.polisrecreio.com.br\/site\/2020\/08\/12\/kits-de-alimentacao-da-e-e-pres-carlos-luz-serao-entregues-nesta-quinta-feira-e-sexta-feira\/#webpage\",\"url\":\"https:\/\/www.polisrecreio.com.br\/site\/2020\/08\/12\/kits-de-alimentacao-da-e-e-pres-carlos-luz-serao-entregues-nesta-quinta-feira-e-sexta-feira\/\",\"name\":\"Kits de alimenta\\u00e7\\u00e3o da E.E. Pres. Carlos Luz ser\\u00e3o entregues nesta quinta-feira e sexta-feira - P\\u00f3lis Recreio\",\"isPartOf\":{\"@id\":\"https:\/\/www.polisrecreio.com.br\/site\/#website\"},\"primaryImageOfPage\":{\"@id\":\"https:\/\/www.polisrecreio.com.br\/site\/2020\/08\/12\/kits-de-alimentacao-da-e-e-pres-carlos-luz-serao-entregues-nesta-quinta-feira-e-sexta-feira\/#primaryimage\"},\"datePublished\":\"2020-08-12T18:10:34+00:00\",\"dateModified\":\"2020-08-12T18:15:17+00:00\",\"author\":{\"@id\":\"https:\/\/www.polisrecreio.com.br\/site\/#\/schema\/person\/3363c1c78e1e28e1329d97adb387638e\"},\"inLanguage\":\"pt-BR\",\"potentialAction\":[{\"@type\":\"ReadAction\",\"target\":[\"https:\/\/www.polisrecreio.com.br\/site\/2020\/08\/12\/kits-de-alimentacao-da-e-e-pres-carlos-luz-serao-entregues-nesta-quinta-feira-e-sexta-feira\/\"]}]},{\"@type\":\"Person\",\"@id\":\"https:\/\/www.polisrecreio.com.br\/site\/#\/schema\/person\/3363c1c78e1e28e1329d97adb387638e\",\"name\":\"Leonardo Ribeiro\",\"image\":{\"@type\":\"ImageObject\",\"@id\":\"https:\/\/www.polisrecreio.com.br\/site\/#personlogo\",\"inLanguage\":\"pt-BR\",\"url\":\"https:\/\/secure.gravatar.com\/avatar\/6ba92a37d621e1a83e23710251178a12?s=96&d=mm&r=g\",\"caption\":\"Leonardo Ribeiro\"},\"sameAs\":[\"http:\/\/www.polisrecreio.com.br\"]}]}<\/script>\n<!-- \/ Yoast SEO plugin. -->","_links":{"self":[{"href":"https:\/\/www.polisrecreio.com.br\/site\/wp-json\/wp\/v2\/posts\/18540"}],"collection":[{"href":"https:\/\/www.polisrecreio.com.br\/site\/wp-json\/wp\/v2\/posts"}],"about":[{"href":"https:\/\/www.polisrecreio.com.br\/site\/wp-json\/wp\/v2\/types\/post"}],"author":[{"embeddable":true,"href":"https:\/\/www.polisrecreio.com.br\/site\/wp-json\/wp\/v2\/users\/3"}],"replies":[{"embeddable":true,"href":"https:\/\/www.polisrecreio.com.br\/site\/wp-json\/wp\/v2\/comments?post=18540"}],"version-history":[{"count":3,"href":"https:\/\/www.polisrecreio.com.br\/site\/wp-json\/wp\/v2\/posts\/18540\/revisions"}],"predecessor-version":[{"id":18544,"href":"https:\/\/www.polisrecreio.com.br\/site\/wp-json\/wp\/v2\/posts\/18540\/revisions\/18544"}],"wp:featuredmedia":[{"embeddable":true,"href":"https:\/\/www.polisrecreio.com.br\/site\/wp-json\/wp\/v2\/media\/18541"}],"wp:attachment":[{"href":"https:\/\/www.polisrecreio.com.br\/site\/wp-json\/wp\/v2\/media?parent=18540"}],"wp:term":[{"taxonomy":"category","embeddable":true,"href":"https:\/\/www.polisrecreio.com.br\/site\/wp-json\/wp\/v2\/categories?post=18540"},{"taxonomy":"post_tag","embeddable":true,"href":"https:\/\/www.polisrecreio.com.br\/site\/wp-json\/wp\/v2\/tags?post=18540"}],"curies":[{"name":"wp","href":"https:\/\/api.w.org\/{rel}","templated":true}]}}