{"id":18548,"date":"2020-08-13T15:15:17","date_gmt":"2020-08-13T18:15:17","guid":{"rendered":"http:\/\/www.polisrecreio.com.br\/site\/?p=18548"},"modified":"2020-08-13T15:15:17","modified_gmt":"2020-08-13T18:15:17","slug":"recreio-vai-realizar-audiencia-publica-atraves-de-live-sobre-plano-de-residuos-solidos","status":"publish","type":"post","link":"https:\/\/www.polisrecreio.com.br\/site\/2020\/08\/13\/recreio-vai-realizar-audiencia-publica-atraves-de-live-sobre-plano-de-residuos-solidos\/","title":{"rendered":"Recreio vai realizar audi\u00eancia p\u00fablica atrav\u00e9s de Live sobre Plano de Res\u00edduos S\u00f3lidos"},"content":{"rendered":"<p style=\"text-align: justify;\">A cidade de Recreio d\u00e1 um passo importante para consolida\u00e7\u00e3o do Plano Municipal de Gest\u00e3o Integrada dos Res\u00edduos S\u00f3lidos &#8220;PMGIRS&#8221;. O documento est\u00e1 sendo elaborado pela Prefeitura Municipal desde 2017, naquele ano um relat\u00f3rio do IBGE Perfil dos Munic\u00edpios Brasileiros &#8220;Munic2017&#8221; mostrou que mais da metade dos munic\u00edpios n\u00e3o possu\u00edam o Plano.<\/p>\n<p><!--more--><\/p>\n<p><a href=\"http:\/\/www.polisrecreio.com.br\/site\/wp-content\/uploads\/2020\/08\/plano.jpg\"><img loading=\"lazy\" class=\"aligncenter size-full wp-image-18549\" src=\"http:\/\/www.polisrecreio.com.br\/site\/wp-content\/uploads\/2020\/08\/plano.jpg\" alt=\"\" width=\"750\" height=\"391\" srcset=\"https:\/\/www.polisrecreio.com.br\/site\/wp-content\/uploads\/2020\/08\/plano.jpg 750w, https:\/\/www.polisrecreio.com.br\/site\/wp-content\/uploads\/2020\/08\/plano-300x156.jpg 300w\" sizes=\"(max-width: 750px) 100vw, 750px\" \/><\/a><\/p>\n<p style=\"text-align: justify;\">O documento \u00e9 condi\u00e7\u00e3o para que as prefeituras possam pleitear recursos financeiros para a \u00e1rea ambiental e tamb\u00e9m investimento a fim de dar um destino adequado ao lixo. At\u00e9 a consolida\u00e7\u00e3o do Plano s\u00e3o sete etapas, denominadas de produtos. A audi\u00eancia p\u00fablica \u00e9 o 5\u00ba produto.<\/p>\n<p style=\"text-align: justify;\">Nesta etapa ser\u00e1 realizada uma audi\u00eancia p\u00fablica para apresenta\u00e7\u00e3o do texto pr\u00e9vio do Plano Municipal. Por causa da pandemia do novo coronav\u00edrus a Prefeitura Municipal encontrou na Live atrav\u00e9s do <a href=\"https:\/\/www.facebook.com\/prefeituraderecreio\/\" target=\"_blank\" rel=\"noopener\">Facebook<\/a> uma maneira mais segura de realizar a audi\u00eancia.<\/p>\n<p style=\"text-align: justify;\">A Live, marcada para dia 19 de agosto, \u00e0s 9h, ter\u00e1 a participa\u00e7\u00e3o do engenheiro t\u00e9cnico respons\u00e1vel, Luiz Tadeu Rezende; do secret\u00e1rio de Desenvolvimento Econ\u00f4mico Sustent\u00e1vel, Diego Pena; e do representante da empresa Ideal Consultoria Ambiental, Ricardo Gouv\u00eaa.<\/p>\n<p style=\"text-align: justify;\">As perguntas ou questionamentos sobre o Plano poder\u00e3o ser comentados na Live e os participantes responder\u00e3o ao vivo.<\/p>\n","protected":false},"excerpt":{"rendered":"<p>A cidade de Recreio d\u00e1 um passo importante para consolida\u00e7\u00e3o do Plano Municipal de Gest\u00e3o Integrada dos Res\u00edduos S\u00f3lidos &#8220;PMGIRS&#8221;. O documento est\u00e1 sendo elaborado pela Prefeitura Municipal desde 2017, naquele ano um relat\u00f3rio do IBGE Perfil dos Munic\u00edpios Brasileiros &#8220;Munic2017&#8221; mostrou que mais da metade dos munic\u00edpios n\u00e3o possu\u00edam o Plano.<\/p>\n","protected":false},"author":3,"featured_media":18549,"comment_status":"open","ping_status":"open","sticky":false,"template":"","format":"standard","meta":[],"categories":[14],"tags":[],"yoast_head":"<!-- This site is optimized with the Yoast SEO plugin v15.6.2 - https:\/\/yoast.com\/wordpress\/plugins\/seo\/ -->\n<meta name=\"robots\" content=\"index, follow, max-snippet:-1, max-image-preview:large, max-video-preview:-1\" \/>\n<link rel=\"canonical\" href=\"http:\/\/www.polisrecreio.com.br\/site\/2020\/08\/13\/recreio-vai-realizar-audiencia-publica-atraves-de-live-sobre-plano-de-residuos-solidos\/\" \/>\n<meta property=\"og:locale\" content=\"pt_BR\" \/>\n<meta property=\"og:type\" content=\"article\" \/>\n<meta property=\"og:title\" content=\"Recreio vai realizar audi\u00eancia p\u00fablica atrav\u00e9s de Live sobre Plano de Res\u00edduos S\u00f3lidos - P\u00f3lis Recreio\" \/>\n<meta property=\"og:description\" content=\"A cidade de Recreio d\u00e1 um passo importante para consolida\u00e7\u00e3o do Plano Municipal de Gest\u00e3o Integrada dos Res\u00edduos S\u00f3lidos &#8220;PMGIRS&#8221;. O documento est\u00e1 sendo elaborado pela Prefeitura Municipal desde 2017, naquele ano um relat\u00f3rio do IBGE Perfil dos Munic\u00edpios Brasileiros &#8220;Munic2017&#8221; mostrou que mais da metade dos munic\u00edpios n\u00e3o possu\u00edam o Plano.\" \/>\n<meta property=\"og:url\" content=\"http:\/\/www.polisrecreio.com.br\/site\/2020\/08\/13\/recreio-vai-realizar-audiencia-publica-atraves-de-live-sobre-plano-de-residuos-solidos\/\" \/>\n<meta property=\"og:site_name\" content=\"P\u00f3lis Recreio\" \/>\n<meta property=\"article:publisher\" content=\"https:\/\/www.facebook.com\/Site-P%c3%b3lis-Recreio-MG-181941708571019\/\" \/>\n<meta property=\"article:published_time\" content=\"2020-08-13T18:15:17+00:00\" \/>\n<meta property=\"og:image\" content=\"https:\/\/www.polisrecreio.com.br\/site\/wp-content\/uploads\/2020\/08\/plano.jpg\" \/>\n\t<meta property=\"og:image:width\" content=\"750\" \/>\n\t<meta property=\"og:image:height\" content=\"391\" \/>\n<meta name=\"twitter:card\" content=\"summary_large_image\" \/>\n<meta name=\"twitter:creator\" content=\"@PolisRecreio\" \/>\n<meta name=\"twitter:site\" content=\"@PolisRecreio\" \/>\n<meta name=\"twitter:label1\" content=\"Est. reading time\">\n\t<meta name=\"twitter:data1\" content=\"1 minuto\">\n<script type=\"application\/ld+json\" class=\"yoast-schema-graph\">{\"@context\":\"https:\/\/schema.org\",\"@graph\":[{\"@type\":\"WebSite\",\"@id\":\"https:\/\/www.polisrecreio.com.br\/site\/#website\",\"url\":\"https:\/\/www.polisrecreio.com.br\/site\/\",\"name\":\"P\\u00f3lis Recreio\",\"description\":\"\",\"potentialAction\":[{\"@type\":\"SearchAction\",\"target\":\"https:\/\/www.polisrecreio.com.br\/site\/?s={search_term_string}\",\"query-input\":\"required name=search_term_string\"}],\"inLanguage\":\"pt-BR\"},{\"@type\":\"ImageObject\",\"@id\":\"http:\/\/www.polisrecreio.com.br\/site\/2020\/08\/13\/recreio-vai-realizar-audiencia-publica-atraves-de-live-sobre-plano-de-residuos-solidos\/#primaryimage\",\"inLanguage\":\"pt-BR\",\"url\":\"https:\/\/www.polisrecreio.com.br\/site\/wp-content\/uploads\/2020\/08\/plano.jpg\",\"width\":750,\"height\":391},{\"@type\":\"WebPage\",\"@id\":\"http:\/\/www.polisrecreio.com.br\/site\/2020\/08\/13\/recreio-vai-realizar-audiencia-publica-atraves-de-live-sobre-plano-de-residuos-solidos\/#webpage\",\"url\":\"http:\/\/www.polisrecreio.com.br\/site\/2020\/08\/13\/recreio-vai-realizar-audiencia-publica-atraves-de-live-sobre-plano-de-residuos-solidos\/\",\"name\":\"Recreio vai realizar audi\\u00eancia p\\u00fablica atrav\\u00e9s de Live sobre Plano de Res\\u00edduos S\\u00f3lidos - P\\u00f3lis Recreio\",\"isPartOf\":{\"@id\":\"https:\/\/www.polisrecreio.com.br\/site\/#website\"},\"primaryImageOfPage\":{\"@id\":\"http:\/\/www.polisrecreio.com.br\/site\/2020\/08\/13\/recreio-vai-realizar-audiencia-publica-atraves-de-live-sobre-plano-de-residuos-solidos\/#primaryimage\"},\"datePublished\":\"2020-08-13T18:15:17+00:00\",\"dateModified\":\"2020-08-13T18:15:17+00:00\",\"author\":{\"@id\":\"https:\/\/www.polisrecreio.com.br\/site\/#\/schema\/person\/3363c1c78e1e28e1329d97adb387638e\"},\"inLanguage\":\"pt-BR\",\"potentialAction\":[{\"@type\":\"ReadAction\",\"target\":[\"http:\/\/www.polisrecreio.com.br\/site\/2020\/08\/13\/recreio-vai-realizar-audiencia-publica-atraves-de-live-sobre-plano-de-residuos-solidos\/\"]}]},{\"@type\":\"Person\",\"@id\":\"https:\/\/www.polisrecreio.com.br\/site\/#\/schema\/person\/3363c1c78e1e28e1329d97adb387638e\",\"name\":\"Leonardo Ribeiro\",\"image\":{\"@type\":\"ImageObject\",\"@id\":\"https:\/\/www.polisrecreio.com.br\/site\/#personlogo\",\"inLanguage\":\"pt-BR\",\"url\":\"https:\/\/secure.gravatar.com\/avatar\/6ba92a37d621e1a83e23710251178a12?s=96&d=mm&r=g\",\"caption\":\"Leonardo Ribeiro\"},\"sameAs\":[\"http:\/\/www.polisrecreio.com.br\"]}]}<\/script>\n<!-- \/ Yoast SEO plugin. -->","_links":{"self":[{"href":"https:\/\/www.polisrecreio.com.br\/site\/wp-json\/wp\/v2\/posts\/18548"}],"collection":[{"href":"https:\/\/www.polisrecreio.com.br\/site\/wp-json\/wp\/v2\/posts"}],"about":[{"href":"https:\/\/www.polisrecreio.com.br\/site\/wp-json\/wp\/v2\/types\/post"}],"author":[{"embeddable":true,"href":"https:\/\/www.polisrecreio.com.br\/site\/wp-json\/wp\/v2\/users\/3"}],"replies":[{"embeddable":true,"href":"https:\/\/www.polisrecreio.com.br\/site\/wp-json\/wp\/v2\/comments?post=18548"}],"version-history":[{"count":1,"href":"https:\/\/www.polisrecreio.com.br\/site\/wp-json\/wp\/v2\/posts\/18548\/revisions"}],"predecessor-version":[{"id":18550,"href":"https:\/\/www.polisrecreio.com.br\/site\/wp-json\/wp\/v2\/posts\/18548\/revisions\/18550"}],"wp:featuredmedia":[{"embeddable":true,"href":"https:\/\/www.polisrecreio.com.br\/site\/wp-json\/wp\/v2\/media\/18549"}],"wp:attachment":[{"href":"https:\/\/www.polisrecreio.com.br\/site\/wp-json\/wp\/v2\/media?parent=18548"}],"wp:term":[{"taxonomy":"category","embeddable":true,"href":"https:\/\/www.polisrecreio.com.br\/site\/wp-json\/wp\/v2\/categories?post=18548"},{"taxonomy":"post_tag","embeddable":true,"href":"https:\/\/www.polisrecreio.com.br\/site\/wp-json\/wp\/v2\/tags?post=18548"}],"curies":[{"name":"wp","href":"https:\/\/api.w.org\/{rel}","templated":true}]}}