{"id":193,"date":"2015-02-04T09:35:48","date_gmt":"2015-02-04T12:35:48","guid":{"rendered":"http:\/\/www.polisrecreio.com.br\/site\/?p=193"},"modified":"2017-02-23T09:40:36","modified_gmt":"2017-02-23T12:40:36","slug":"comecou-o-campeonato-society-do-social-country-clube-de-recreio","status":"publish","type":"post","link":"https:\/\/www.polisrecreio.com.br\/site\/2015\/02\/04\/comecou-o-campeonato-society-do-social-country-clube-de-recreio\/","title":{"rendered":"Come\u00e7ou o Campeonato Society do Social Country Clube de Recreio"},"content":{"rendered":"<p style=\"text-align: justify;\">Come\u00e7ou no \u00faltimo s\u00e1bado, dia 31 de outubro, o Campeonato de Futebol Society do Social Country Clube de Recreio com participa\u00e7\u00e3o de seis equipes: Barcelona, Canto dos Ferreira, Centro, Planalto, Souza Car e B.B \/ B.E.<\/p>\n<p style=\"text-align: justify;\"><!--more--><\/p>\n<figure id=\"attachment_194\" aria-describedby=\"caption-attachment-194\" style=\"width: 300px\" class=\"wp-caption alignleft\"><a href=\"http:\/\/www.polisrecreio.com.br\/site\/wp-content\/uploads\/2015\/11\/1.jpg\"><img loading=\"lazy\" class=\"wp-image-194 size-medium\" src=\"http:\/\/www.polisrecreio.com.br\/site\/wp-content\/uploads\/2015\/11\/1-300x162.jpg\" alt=\"1\" width=\"300\" height=\"162\" srcset=\"https:\/\/www.polisrecreio.com.br\/site\/wp-content\/uploads\/2015\/11\/1-300x162.jpg 300w, https:\/\/www.polisrecreio.com.br\/site\/wp-content\/uploads\/2015\/11\/1.jpg 650w\" sizes=\"(max-width: 300px) 100vw, 300px\" \/><\/a><figcaption id=\"caption-attachment-194\" class=\"wp-caption-text\">Presidente do Social, Marcelo Barbosa, dando o pontap\u00e9 inicial para o representante do Conselho Deliberativo, Manoel Ant\u00f4nio de Freitas.<\/figcaption><\/figure>\n<p style=\"text-align: justify;\">Para abrir oficialmente a competi\u00e7\u00e3o o Presidente do Clube, Marcelo Barbosa, ao lado do representante do Conselho Deliberativo do Clube, Manoel Ant\u00f4nio de Freitas, deram o pontap\u00e9 inicial e em seguida jogaram Planalto X Centro e Souza Car X B.B \/ B.E, o destaque foi a goleada de 5X0 para o Planalto, no outro jogo o resultado foi 2X2.<\/p>\n<p style=\"text-align: justify;\">\u201cO certame ser\u00e1 de turno \u00fanico com todos contra todos e os quatro melhores passar\u00e3o para as semifinais e na sequ\u00eancia os vencedores disputar\u00e3o a grande final, prevista para dia 12 de dezembro\u201d, informou o organizador do torneio, Beto Machado, diretor de esportes do Social.<\/p>\n<p style=\"text-align: justify;\">\n<p style=\"text-align: justify;\">\n<p style=\"text-align: justify;\">\n","protected":false},"excerpt":{"rendered":"<p>Come\u00e7ou no \u00faltimo s\u00e1bado, dia 31 de outubro, o Campeonato de Futebol Society do Social Country Clube de Recreio com participa\u00e7\u00e3o de seis equipes: Barcelona, Canto dos Ferreira, Centro, Planalto, Souza Car e B.B \/ B.E.<\/p>\n","protected":false},"author":3,"featured_media":197,"comment_status":"closed","ping_status":"closed","sticky":false,"template":"","format":"standard","meta":[],"categories":[1],"tags":[],"yoast_head":"<!-- This site is optimized with the Yoast SEO plugin v15.6.2 - https:\/\/yoast.com\/wordpress\/plugins\/seo\/ -->\n<meta name=\"robots\" content=\"index, follow, max-snippet:-1, max-image-preview:large, max-video-preview:-1\" \/>\n<link rel=\"canonical\" href=\"http:\/\/www.polisrecreio.com.br\/site\/2015\/02\/04\/comecou-o-campeonato-society-do-social-country-clube-de-recreio\/\" \/>\n<meta property=\"og:locale\" content=\"pt_BR\" \/>\n<meta property=\"og:type\" content=\"article\" \/>\n<meta property=\"og:title\" content=\"Come\u00e7ou o Campeonato Society do Social Country Clube de Recreio - P\u00f3lis Recreio\" \/>\n<meta property=\"og:description\" content=\"Come\u00e7ou no \u00faltimo s\u00e1bado, dia 31 de outubro, o Campeonato de Futebol Society do Social Country Clube de Recreio com participa\u00e7\u00e3o de seis equipes: Barcelona, Canto dos Ferreira, Centro, Planalto, Souza Car e B.B \/ B.E.\" \/>\n<meta property=\"og:url\" content=\"http:\/\/www.polisrecreio.com.br\/site\/2015\/02\/04\/comecou-o-campeonato-society-do-social-country-clube-de-recreio\/\" \/>\n<meta property=\"og:site_name\" content=\"P\u00f3lis Recreio\" \/>\n<meta property=\"article:publisher\" content=\"https:\/\/www.facebook.com\/Site-P%c3%b3lis-Recreio-MG-181941708571019\/\" \/>\n<meta property=\"article:published_time\" content=\"2015-02-04T12:35:48+00:00\" \/>\n<meta property=\"article:modified_time\" content=\"2017-02-23T12:40:36+00:00\" \/>\n<meta property=\"og:image\" content=\"https:\/\/www.polisrecreio.com.br\/site\/wp-content\/uploads\/2015\/11\/2.jpg\" \/>\n\t<meta property=\"og:image:width\" content=\"650\" \/>\n\t<meta property=\"og:image:height\" content=\"317\" \/>\n<meta name=\"twitter:card\" content=\"summary_large_image\" \/>\n<meta name=\"twitter:creator\" content=\"@PolisRecreio\" \/>\n<meta name=\"twitter:site\" content=\"@PolisRecreio\" \/>\n<meta name=\"twitter:label1\" content=\"Est. reading time\">\n\t<meta name=\"twitter:data1\" content=\"1 minuto\">\n<script type=\"application\/ld+json\" class=\"yoast-schema-graph\">{\"@context\":\"https:\/\/schema.org\",\"@graph\":[{\"@type\":\"WebSite\",\"@id\":\"https:\/\/www.polisrecreio.com.br\/site\/#website\",\"url\":\"https:\/\/www.polisrecreio.com.br\/site\/\",\"name\":\"P\\u00f3lis Recreio\",\"description\":\"\",\"potentialAction\":[{\"@type\":\"SearchAction\",\"target\":\"https:\/\/www.polisrecreio.com.br\/site\/?s={search_term_string}\",\"query-input\":\"required name=search_term_string\"}],\"inLanguage\":\"pt-BR\"},{\"@type\":\"ImageObject\",\"@id\":\"http:\/\/www.polisrecreio.com.br\/site\/2015\/02\/04\/comecou-o-campeonato-society-do-social-country-clube-de-recreio\/#primaryimage\",\"inLanguage\":\"pt-BR\",\"url\":\"https:\/\/www.polisrecreio.com.br\/site\/wp-content\/uploads\/2015\/11\/2.jpg\",\"width\":650,\"height\":317},{\"@type\":\"WebPage\",\"@id\":\"http:\/\/www.polisrecreio.com.br\/site\/2015\/02\/04\/comecou-o-campeonato-society-do-social-country-clube-de-recreio\/#webpage\",\"url\":\"http:\/\/www.polisrecreio.com.br\/site\/2015\/02\/04\/comecou-o-campeonato-society-do-social-country-clube-de-recreio\/\",\"name\":\"Come\\u00e7ou o Campeonato Society do Social Country Clube de Recreio - P\\u00f3lis Recreio\",\"isPartOf\":{\"@id\":\"https:\/\/www.polisrecreio.com.br\/site\/#website\"},\"primaryImageOfPage\":{\"@id\":\"http:\/\/www.polisrecreio.com.br\/site\/2015\/02\/04\/comecou-o-campeonato-society-do-social-country-clube-de-recreio\/#primaryimage\"},\"datePublished\":\"2015-02-04T12:35:48+00:00\",\"dateModified\":\"2017-02-23T12:40:36+00:00\",\"author\":{\"@id\":\"https:\/\/www.polisrecreio.com.br\/site\/#\/schema\/person\/3363c1c78e1e28e1329d97adb387638e\"},\"inLanguage\":\"pt-BR\",\"potentialAction\":[{\"@type\":\"ReadAction\",\"target\":[\"http:\/\/www.polisrecreio.com.br\/site\/2015\/02\/04\/comecou-o-campeonato-society-do-social-country-clube-de-recreio\/\"]}]},{\"@type\":\"Person\",\"@id\":\"https:\/\/www.polisrecreio.com.br\/site\/#\/schema\/person\/3363c1c78e1e28e1329d97adb387638e\",\"name\":\"Leonardo Ribeiro\",\"image\":{\"@type\":\"ImageObject\",\"@id\":\"https:\/\/www.polisrecreio.com.br\/site\/#personlogo\",\"inLanguage\":\"pt-BR\",\"url\":\"https:\/\/secure.gravatar.com\/avatar\/6ba92a37d621e1a83e23710251178a12?s=96&d=mm&r=g\",\"caption\":\"Leonardo Ribeiro\"},\"sameAs\":[\"http:\/\/www.polisrecreio.com.br\"]}]}<\/script>\n<!-- \/ Yoast SEO plugin. -->","_links":{"self":[{"href":"https:\/\/www.polisrecreio.com.br\/site\/wp-json\/wp\/v2\/posts\/193"}],"collection":[{"href":"https:\/\/www.polisrecreio.com.br\/site\/wp-json\/wp\/v2\/posts"}],"about":[{"href":"https:\/\/www.polisrecreio.com.br\/site\/wp-json\/wp\/v2\/types\/post"}],"author":[{"embeddable":true,"href":"https:\/\/www.polisrecreio.com.br\/site\/wp-json\/wp\/v2\/users\/3"}],"replies":[{"embeddable":true,"href":"https:\/\/www.polisrecreio.com.br\/site\/wp-json\/wp\/v2\/comments?post=193"}],"version-history":[{"count":4,"href":"https:\/\/www.polisrecreio.com.br\/site\/wp-json\/wp\/v2\/posts\/193\/revisions"}],"predecessor-version":[{"id":4471,"href":"https:\/\/www.polisrecreio.com.br\/site\/wp-json\/wp\/v2\/posts\/193\/revisions\/4471"}],"wp:featuredmedia":[{"embeddable":true,"href":"https:\/\/www.polisrecreio.com.br\/site\/wp-json\/wp\/v2\/media\/197"}],"wp:attachment":[{"href":"https:\/\/www.polisrecreio.com.br\/site\/wp-json\/wp\/v2\/media?parent=193"}],"wp:term":[{"taxonomy":"category","embeddable":true,"href":"https:\/\/www.polisrecreio.com.br\/site\/wp-json\/wp\/v2\/categories?post=193"},{"taxonomy":"post_tag","embeddable":true,"href":"https:\/\/www.polisrecreio.com.br\/site\/wp-json\/wp\/v2\/tags?post=193"}],"curies":[{"name":"wp","href":"https:\/\/api.w.org\/{rel}","templated":true}]}}