{"id":19471,"date":"2021-01-05T09:42:50","date_gmt":"2021-01-05T12:42:50","guid":{"rendered":"http:\/\/www.polisrecreio.com.br\/site\/?p=19471"},"modified":"2021-01-05T09:44:11","modified_gmt":"2021-01-05T12:44:11","slug":"bolsa-familia-confira-calendario-de-pagamento-em-2021","status":"publish","type":"post","link":"https:\/\/www.polisrecreio.com.br\/site\/2021\/01\/05\/bolsa-familia-confira-calendario-de-pagamento-em-2021\/","title":{"rendered":"Bolsa Fam\u00edlia: confira calend\u00e1rio de pagamento em 2021"},"content":{"rendered":"<p style=\"text-align: justify;\">A\u00a0Caixa Econ\u00f4mica Federal, respons\u00e1vel por operar o\u00a0Bolsa Fam\u00edlia, divulgou o calend\u00e1rio de pagamentos do benef\u00edcio social para 2021. Em janeiro, o pagamento ser\u00e1 feito entre os dias 18 e 29.<\/p>\n<p style=\"text-align: justify;\"><!--more--><\/p>\n<p><a href=\"http:\/\/www.polisrecreio.com.br\/site\/wp-content\/uploads\/2021\/01\/em-2021-governo-comeca-a-pagar-bolsa-familia-em-1801-ultima-parcela-cai-dia-2312-1609789847869_v2_450x337.jpg\"><img loading=\"lazy\" class=\"aligncenter size-full wp-image-19472\" src=\"http:\/\/www.polisrecreio.com.br\/site\/wp-content\/uploads\/2021\/01\/em-2021-governo-comeca-a-pagar-bolsa-familia-em-1801-ultima-parcela-cai-dia-2312-1609789847869_v2_450x337.jpg\" alt=\"\" width=\"750\" height=\"500\" srcset=\"https:\/\/www.polisrecreio.com.br\/site\/wp-content\/uploads\/2021\/01\/em-2021-governo-comeca-a-pagar-bolsa-familia-em-1801-ultima-parcela-cai-dia-2312-1609789847869_v2_450x337.jpg 750w, https:\/\/www.polisrecreio.com.br\/site\/wp-content\/uploads\/2021\/01\/em-2021-governo-comeca-a-pagar-bolsa-familia-em-1801-ultima-parcela-cai-dia-2312-1609789847869_v2_450x337-300x200.jpg 300w\" sizes=\"(max-width: 750px) 100vw, 750px\" \/><\/a><\/p>\n<p style=\"text-align: justify;\">O\u00a0Bolsa Fam\u00edlia\u00a0paga 14 milh\u00f5es de fam\u00edlias inscritas\u00a0conforme o d\u00edgito final do N\u00famero de Identifica\u00e7\u00e3o Social (NIS).\u00a0Os\u00a0dep\u00f3sitos ocorrem sempre nos 10 \u00faltimos dias \u00fateis de cada m\u00eas.<\/p>\n<p style=\"text-align: justify;\">Confira o calend\u00e1rio de pagamento para todos os meses do ano na tabela abaixo:<\/p>\n<p style=\"text-align: justify;\">O Bolsa Fam\u00edlia \u00e9 um aux\u00edlio para as fam\u00edlias de baixa renda. S\u00e3o benefici\u00e1rias as fam\u00edlias consideradas:<\/p>\n<ul style=\"text-align: justify;\">\n<li>extremamente pobres: com renda mensal de at\u00e9 R$ 89 por pessoa;<\/li>\n<li>pobres: com renda mensal de at\u00e9 R$ 178 por pessoa, mas que incluam gestantes ou crian\u00e7as e adolescentes de at\u00e9 18 anos.<\/li>\n<\/ul>\n<p style=\"text-align: justify;\">O benef\u00edcio parte de R$ 89 mensais e pode ter parcelas adicionais de:<\/p>\n<ul style=\"text-align: justify;\">\n<li>R$ 41 para crian\u00e7as, adolescentes e gestantes;<\/li>\n<li>R$ 48 para adolescentes de 16 ou de 17 anos.<\/li>\n<\/ul>\n<p style=\"text-align: justify;\">O valor total do pagamento n\u00e3o pode ultrapassar R$ 372 por fam\u00edlia.<\/p>\n<p><a href=\"http:\/\/www.polisrecreio.com.br\/site\/wp-content\/uploads\/2021\/01\/capturar.jpg\"><img loading=\"lazy\" class=\"aligncenter size-full wp-image-19473\" src=\"http:\/\/www.polisrecreio.com.br\/site\/wp-content\/uploads\/2021\/01\/capturar.jpg\" alt=\"\" width=\"1008\" height=\"356\" srcset=\"https:\/\/www.polisrecreio.com.br\/site\/wp-content\/uploads\/2021\/01\/capturar.jpg 1008w, https:\/\/www.polisrecreio.com.br\/site\/wp-content\/uploads\/2021\/01\/capturar-300x106.jpg 300w, https:\/\/www.polisrecreio.com.br\/site\/wp-content\/uploads\/2021\/01\/capturar-768x271.jpg 768w\" sizes=\"(max-width: 1008px) 100vw, 1008px\" \/><\/a><\/p>\n<p style=\"text-align: justify;\"><em>Com informa\u00e7\u00f5es: G1.<\/em><\/p>\n<p>&nbsp;<\/p>\n","protected":false},"excerpt":{"rendered":"<p>A\u00a0Caixa Econ\u00f4mica Federal, respons\u00e1vel por operar o\u00a0Bolsa Fam\u00edlia, divulgou o calend\u00e1rio de pagamentos do benef\u00edcio social para 2021. Em janeiro, o pagamento ser\u00e1 feito entre os dias 18 e 29.<\/p>\n","protected":false},"author":3,"featured_media":0,"comment_status":"open","ping_status":"open","sticky":false,"template":"","format":"standard","meta":[],"categories":[5],"tags":[],"yoast_head":"<!-- This site is optimized with the Yoast SEO plugin v15.6.2 - https:\/\/yoast.com\/wordpress\/plugins\/seo\/ -->\n<meta name=\"robots\" content=\"index, follow, max-snippet:-1, max-image-preview:large, max-video-preview:-1\" \/>\n<link rel=\"canonical\" href=\"https:\/\/www.polisrecreio.com.br\/site\/2021\/01\/05\/bolsa-familia-confira-calendario-de-pagamento-em-2021\/\" \/>\n<meta property=\"og:locale\" content=\"pt_BR\" \/>\n<meta property=\"og:type\" content=\"article\" \/>\n<meta property=\"og:title\" content=\"Bolsa Fam\u00edlia: confira calend\u00e1rio de pagamento em 2021 - P\u00f3lis Recreio\" \/>\n<meta property=\"og:description\" content=\"A\u00a0Caixa Econ\u00f4mica Federal, respons\u00e1vel por operar o\u00a0Bolsa Fam\u00edlia, divulgou o calend\u00e1rio de pagamentos do benef\u00edcio social para 2021. Em janeiro, o pagamento ser\u00e1 feito entre os dias 18 e 29.\" \/>\n<meta property=\"og:url\" content=\"https:\/\/www.polisrecreio.com.br\/site\/2021\/01\/05\/bolsa-familia-confira-calendario-de-pagamento-em-2021\/\" \/>\n<meta property=\"og:site_name\" content=\"P\u00f3lis Recreio\" \/>\n<meta property=\"article:publisher\" content=\"https:\/\/www.facebook.com\/Site-P%c3%b3lis-Recreio-MG-181941708571019\/\" \/>\n<meta property=\"article:published_time\" content=\"2021-01-05T12:42:50+00:00\" \/>\n<meta property=\"article:modified_time\" content=\"2021-01-05T12:44:11+00:00\" \/>\n<meta property=\"og:image\" content=\"http:\/\/www.polisrecreio.com.br\/site\/wp-content\/uploads\/2021\/01\/em-2021-governo-comeca-a-pagar-bolsa-familia-em-1801-ultima-parcela-cai-dia-2312-1609789847869_v2_450x337.jpg\" \/>\n<meta name=\"twitter:card\" content=\"summary_large_image\" \/>\n<meta name=\"twitter:creator\" content=\"@PolisRecreio\" \/>\n<meta name=\"twitter:site\" content=\"@PolisRecreio\" \/>\n<meta name=\"twitter:label1\" content=\"Est. reading time\">\n\t<meta name=\"twitter:data1\" content=\"1 minuto\">\n<script type=\"application\/ld+json\" class=\"yoast-schema-graph\">{\"@context\":\"https:\/\/schema.org\",\"@graph\":[{\"@type\":\"WebSite\",\"@id\":\"https:\/\/www.polisrecreio.com.br\/site\/#website\",\"url\":\"https:\/\/www.polisrecreio.com.br\/site\/\",\"name\":\"P\\u00f3lis Recreio\",\"description\":\"\",\"potentialAction\":[{\"@type\":\"SearchAction\",\"target\":\"https:\/\/www.polisrecreio.com.br\/site\/?s={search_term_string}\",\"query-input\":\"required name=search_term_string\"}],\"inLanguage\":\"pt-BR\"},{\"@type\":\"ImageObject\",\"@id\":\"https:\/\/www.polisrecreio.com.br\/site\/2021\/01\/05\/bolsa-familia-confira-calendario-de-pagamento-em-2021\/#primaryimage\",\"inLanguage\":\"pt-BR\",\"url\":\"http:\/\/www.polisrecreio.com.br\/site\/wp-content\/uploads\/2021\/01\/em-2021-governo-comeca-a-pagar-bolsa-familia-em-1801-ultima-parcela-cai-dia-2312-1609789847869_v2_450x337.jpg\"},{\"@type\":\"WebPage\",\"@id\":\"https:\/\/www.polisrecreio.com.br\/site\/2021\/01\/05\/bolsa-familia-confira-calendario-de-pagamento-em-2021\/#webpage\",\"url\":\"https:\/\/www.polisrecreio.com.br\/site\/2021\/01\/05\/bolsa-familia-confira-calendario-de-pagamento-em-2021\/\",\"name\":\"Bolsa Fam\\u00edlia: confira calend\\u00e1rio de pagamento em 2021 - P\\u00f3lis Recreio\",\"isPartOf\":{\"@id\":\"https:\/\/www.polisrecreio.com.br\/site\/#website\"},\"primaryImageOfPage\":{\"@id\":\"https:\/\/www.polisrecreio.com.br\/site\/2021\/01\/05\/bolsa-familia-confira-calendario-de-pagamento-em-2021\/#primaryimage\"},\"datePublished\":\"2021-01-05T12:42:50+00:00\",\"dateModified\":\"2021-01-05T12:44:11+00:00\",\"author\":{\"@id\":\"https:\/\/www.polisrecreio.com.br\/site\/#\/schema\/person\/3363c1c78e1e28e1329d97adb387638e\"},\"inLanguage\":\"pt-BR\",\"potentialAction\":[{\"@type\":\"ReadAction\",\"target\":[\"https:\/\/www.polisrecreio.com.br\/site\/2021\/01\/05\/bolsa-familia-confira-calendario-de-pagamento-em-2021\/\"]}]},{\"@type\":\"Person\",\"@id\":\"https:\/\/www.polisrecreio.com.br\/site\/#\/schema\/person\/3363c1c78e1e28e1329d97adb387638e\",\"name\":\"Leonardo Ribeiro\",\"image\":{\"@type\":\"ImageObject\",\"@id\":\"https:\/\/www.polisrecreio.com.br\/site\/#personlogo\",\"inLanguage\":\"pt-BR\",\"url\":\"https:\/\/secure.gravatar.com\/avatar\/6ba92a37d621e1a83e23710251178a12?s=96&d=mm&r=g\",\"caption\":\"Leonardo Ribeiro\"},\"sameAs\":[\"http:\/\/www.polisrecreio.com.br\"]}]}<\/script>\n<!-- \/ Yoast SEO plugin. -->","_links":{"self":[{"href":"https:\/\/www.polisrecreio.com.br\/site\/wp-json\/wp\/v2\/posts\/19471"}],"collection":[{"href":"https:\/\/www.polisrecreio.com.br\/site\/wp-json\/wp\/v2\/posts"}],"about":[{"href":"https:\/\/www.polisrecreio.com.br\/site\/wp-json\/wp\/v2\/types\/post"}],"author":[{"embeddable":true,"href":"https:\/\/www.polisrecreio.com.br\/site\/wp-json\/wp\/v2\/users\/3"}],"replies":[{"embeddable":true,"href":"https:\/\/www.polisrecreio.com.br\/site\/wp-json\/wp\/v2\/comments?post=19471"}],"version-history":[{"count":3,"href":"https:\/\/www.polisrecreio.com.br\/site\/wp-json\/wp\/v2\/posts\/19471\/revisions"}],"predecessor-version":[{"id":19476,"href":"https:\/\/www.polisrecreio.com.br\/site\/wp-json\/wp\/v2\/posts\/19471\/revisions\/19476"}],"wp:attachment":[{"href":"https:\/\/www.polisrecreio.com.br\/site\/wp-json\/wp\/v2\/media?parent=19471"}],"wp:term":[{"taxonomy":"category","embeddable":true,"href":"https:\/\/www.polisrecreio.com.br\/site\/wp-json\/wp\/v2\/categories?post=19471"},{"taxonomy":"post_tag","embeddable":true,"href":"https:\/\/www.polisrecreio.com.br\/site\/wp-json\/wp\/v2\/tags?post=19471"}],"curies":[{"name":"wp","href":"https:\/\/api.w.org\/{rel}","templated":true}]}}