{"id":19477,"date":"2021-01-05T16:16:43","date_gmt":"2021-01-05T19:16:43","guid":{"rendered":"http:\/\/www.polisrecreio.com.br\/site\/?p=19477"},"modified":"2021-01-05T16:21:34","modified_gmt":"2021-01-05T19:21:34","slug":"recreio-bate-recorde-de-casos-ativos-da-covid-19","status":"publish","type":"post","link":"https:\/\/www.polisrecreio.com.br\/site\/2021\/01\/05\/recreio-bate-recorde-de-casos-ativos-da-covid-19\/","title":{"rendered":"Recreio bate recorde de casos ativos da covid-19"},"content":{"rendered":"<p style=\"text-align: justify;\">A cidade de Recreio bateu o recorde de casos ativos da doen\u00e7a causada pelo novo coronav\u00edrus, covid-19, nesta ter\u00e7a-feira (5). Conforme boletim epidemiol\u00f3gico, s\u00e3o 31, com 1 internado em hospital refer\u00eancia.<\/p>\n<p><!--more--><\/p>\n<p><a href=\"http:\/\/www.polisrecreio.com.br\/site\/wp-content\/uploads\/2021\/01\/3522892-1024x683.jpg\"><img loading=\"lazy\" class=\"aligncenter size-full wp-image-19478\" src=\"http:\/\/www.polisrecreio.com.br\/site\/wp-content\/uploads\/2021\/01\/3522892-1024x683.jpg\" alt=\"\" width=\"750\" height=\"503\" srcset=\"https:\/\/www.polisrecreio.com.br\/site\/wp-content\/uploads\/2021\/01\/3522892-1024x683.jpg 750w, https:\/\/www.polisrecreio.com.br\/site\/wp-content\/uploads\/2021\/01\/3522892-1024x683-300x201.jpg 300w\" sizes=\"(max-width: 750px) 100vw, 750px\" \/><\/a><\/p>\n<p style=\"text-align: justify;\">Desde o final do ano os n\u00fameros est\u00e3o aumentando diariamente. O recorde anterior era de 29 casos ativos, registrado no dia 30 de dezembro. A primeira notifica\u00e7\u00e3o positiva da doen\u00e7a no Munic\u00edpio ocorreu em 1\u00ba de maio.<\/p>\n<p style=\"text-align: justify;\">Na semana do Natal Recreio entrou para \u201cOnda Vermelha\u201d do Programa Minas Consciente. As informa\u00e7\u00f5es completas sobre a medidas adotadas nesta categoria do Programa est\u00e3o no <a href=\"https:\/\/recreio.mg.gov.br\/images\/Decretos\/2020\/decreto422.pdf\" target=\"_blank\" rel=\"noopener\">decreto 422\/2020<\/a>.<\/p>\n<p><a href=\"http:\/\/www.polisrecreio.com.br\/site\/wp-content\/uploads\/2021\/01\/boletim050121.jpg\"><img loading=\"lazy\" class=\"aligncenter size-full wp-image-19479\" src=\"http:\/\/www.polisrecreio.com.br\/site\/wp-content\/uploads\/2021\/01\/boletim050121.jpg\" alt=\"\" width=\"960\" height=\"640\" srcset=\"https:\/\/www.polisrecreio.com.br\/site\/wp-content\/uploads\/2021\/01\/boletim050121.jpg 960w, https:\/\/www.polisrecreio.com.br\/site\/wp-content\/uploads\/2021\/01\/boletim050121-300x200.jpg 300w, https:\/\/www.polisrecreio.com.br\/site\/wp-content\/uploads\/2021\/01\/boletim050121-768x512.jpg 768w\" sizes=\"(max-width: 960px) 100vw, 960px\" \/><\/a><\/p>\n<p>&nbsp;<\/p>\n<p>&nbsp;<\/p>\n<p>&nbsp;<\/p>\n","protected":false},"excerpt":{"rendered":"<p>A cidade de Recreio bateu o recorde de casos ativos da doen\u00e7a causada pelo novo coronav\u00edrus, covid-19, nesta ter\u00e7a-feira (5). Conforme boletim epidemiol\u00f3gico, s\u00e3o 31, com 1 internado em hospital refer\u00eancia.<\/p>\n","protected":false},"author":3,"featured_media":0,"comment_status":"open","ping_status":"open","sticky":false,"template":"","format":"standard","meta":[],"categories":[7],"tags":[],"yoast_head":"<!-- This site is optimized with the Yoast SEO plugin v15.6.2 - https:\/\/yoast.com\/wordpress\/plugins\/seo\/ -->\n<meta name=\"robots\" content=\"index, follow, max-snippet:-1, max-image-preview:large, max-video-preview:-1\" \/>\n<link rel=\"canonical\" href=\"https:\/\/www.polisrecreio.com.br\/site\/2021\/01\/05\/recreio-bate-recorde-de-casos-ativos-da-covid-19\/\" \/>\n<meta property=\"og:locale\" content=\"pt_BR\" \/>\n<meta property=\"og:type\" content=\"article\" \/>\n<meta property=\"og:title\" content=\"Recreio bate recorde de casos ativos da covid-19 - P\u00f3lis Recreio\" \/>\n<meta property=\"og:description\" content=\"A cidade de Recreio bateu o recorde de casos ativos da doen\u00e7a causada pelo novo coronav\u00edrus, covid-19, nesta ter\u00e7a-feira (5). Conforme boletim epidemiol\u00f3gico, s\u00e3o 31, com 1 internado em hospital refer\u00eancia.\" \/>\n<meta property=\"og:url\" content=\"https:\/\/www.polisrecreio.com.br\/site\/2021\/01\/05\/recreio-bate-recorde-de-casos-ativos-da-covid-19\/\" \/>\n<meta property=\"og:site_name\" content=\"P\u00f3lis Recreio\" \/>\n<meta property=\"article:publisher\" content=\"https:\/\/www.facebook.com\/Site-P%c3%b3lis-Recreio-MG-181941708571019\/\" \/>\n<meta property=\"article:published_time\" content=\"2021-01-05T19:16:43+00:00\" \/>\n<meta property=\"article:modified_time\" content=\"2021-01-05T19:21:34+00:00\" \/>\n<meta property=\"og:image\" content=\"http:\/\/www.polisrecreio.com.br\/site\/wp-content\/uploads\/2021\/01\/3522892-1024x683.jpg\" \/>\n<meta name=\"twitter:card\" content=\"summary_large_image\" \/>\n<meta name=\"twitter:creator\" content=\"@PolisRecreio\" \/>\n<meta name=\"twitter:site\" content=\"@PolisRecreio\" \/>\n<meta name=\"twitter:label1\" content=\"Est. reading time\">\n\t<meta name=\"twitter:data1\" content=\"1 minuto\">\n<script type=\"application\/ld+json\" class=\"yoast-schema-graph\">{\"@context\":\"https:\/\/schema.org\",\"@graph\":[{\"@type\":\"WebSite\",\"@id\":\"https:\/\/www.polisrecreio.com.br\/site\/#website\",\"url\":\"https:\/\/www.polisrecreio.com.br\/site\/\",\"name\":\"P\\u00f3lis Recreio\",\"description\":\"\",\"potentialAction\":[{\"@type\":\"SearchAction\",\"target\":\"https:\/\/www.polisrecreio.com.br\/site\/?s={search_term_string}\",\"query-input\":\"required name=search_term_string\"}],\"inLanguage\":\"pt-BR\"},{\"@type\":\"ImageObject\",\"@id\":\"https:\/\/www.polisrecreio.com.br\/site\/2021\/01\/05\/recreio-bate-recorde-de-casos-ativos-da-covid-19\/#primaryimage\",\"inLanguage\":\"pt-BR\",\"url\":\"http:\/\/www.polisrecreio.com.br\/site\/wp-content\/uploads\/2021\/01\/3522892-1024x683.jpg\"},{\"@type\":\"WebPage\",\"@id\":\"https:\/\/www.polisrecreio.com.br\/site\/2021\/01\/05\/recreio-bate-recorde-de-casos-ativos-da-covid-19\/#webpage\",\"url\":\"https:\/\/www.polisrecreio.com.br\/site\/2021\/01\/05\/recreio-bate-recorde-de-casos-ativos-da-covid-19\/\",\"name\":\"Recreio bate recorde de casos ativos da covid-19 - P\\u00f3lis Recreio\",\"isPartOf\":{\"@id\":\"https:\/\/www.polisrecreio.com.br\/site\/#website\"},\"primaryImageOfPage\":{\"@id\":\"https:\/\/www.polisrecreio.com.br\/site\/2021\/01\/05\/recreio-bate-recorde-de-casos-ativos-da-covid-19\/#primaryimage\"},\"datePublished\":\"2021-01-05T19:16:43+00:00\",\"dateModified\":\"2021-01-05T19:21:34+00:00\",\"author\":{\"@id\":\"https:\/\/www.polisrecreio.com.br\/site\/#\/schema\/person\/3363c1c78e1e28e1329d97adb387638e\"},\"inLanguage\":\"pt-BR\",\"potentialAction\":[{\"@type\":\"ReadAction\",\"target\":[\"https:\/\/www.polisrecreio.com.br\/site\/2021\/01\/05\/recreio-bate-recorde-de-casos-ativos-da-covid-19\/\"]}]},{\"@type\":\"Person\",\"@id\":\"https:\/\/www.polisrecreio.com.br\/site\/#\/schema\/person\/3363c1c78e1e28e1329d97adb387638e\",\"name\":\"Leonardo Ribeiro\",\"image\":{\"@type\":\"ImageObject\",\"@id\":\"https:\/\/www.polisrecreio.com.br\/site\/#personlogo\",\"inLanguage\":\"pt-BR\",\"url\":\"https:\/\/secure.gravatar.com\/avatar\/6ba92a37d621e1a83e23710251178a12?s=96&d=mm&r=g\",\"caption\":\"Leonardo Ribeiro\"},\"sameAs\":[\"http:\/\/www.polisrecreio.com.br\"]}]}<\/script>\n<!-- \/ Yoast SEO plugin. -->","_links":{"self":[{"href":"https:\/\/www.polisrecreio.com.br\/site\/wp-json\/wp\/v2\/posts\/19477"}],"collection":[{"href":"https:\/\/www.polisrecreio.com.br\/site\/wp-json\/wp\/v2\/posts"}],"about":[{"href":"https:\/\/www.polisrecreio.com.br\/site\/wp-json\/wp\/v2\/types\/post"}],"author":[{"embeddable":true,"href":"https:\/\/www.polisrecreio.com.br\/site\/wp-json\/wp\/v2\/users\/3"}],"replies":[{"embeddable":true,"href":"https:\/\/www.polisrecreio.com.br\/site\/wp-json\/wp\/v2\/comments?post=19477"}],"version-history":[{"count":2,"href":"https:\/\/www.polisrecreio.com.br\/site\/wp-json\/wp\/v2\/posts\/19477\/revisions"}],"predecessor-version":[{"id":19481,"href":"https:\/\/www.polisrecreio.com.br\/site\/wp-json\/wp\/v2\/posts\/19477\/revisions\/19481"}],"wp:attachment":[{"href":"https:\/\/www.polisrecreio.com.br\/site\/wp-json\/wp\/v2\/media?parent=19477"}],"wp:term":[{"taxonomy":"category","embeddable":true,"href":"https:\/\/www.polisrecreio.com.br\/site\/wp-json\/wp\/v2\/categories?post=19477"},{"taxonomy":"post_tag","embeddable":true,"href":"https:\/\/www.polisrecreio.com.br\/site\/wp-json\/wp\/v2\/tags?post=19477"}],"curies":[{"name":"wp","href":"https:\/\/api.w.org\/{rel}","templated":true}]}}