{"id":19482,"date":"2021-01-06T14:21:59","date_gmt":"2021-01-06T17:21:59","guid":{"rendered":"http:\/\/www.polisrecreio.com.br\/site\/?p=19482"},"modified":"2021-01-06T14:21:59","modified_gmt":"2021-01-06T17:21:59","slug":"facebook-vai-reformular-visual-das-paginas","status":"publish","type":"post","link":"https:\/\/www.polisrecreio.com.br\/site\/2021\/01\/06\/facebook-vai-reformular-visual-das-paginas\/","title":{"rendered":"Facebook vai reformular visual das p\u00e1ginas"},"content":{"rendered":"<p style=\"text-align: justify;\">O Facebook anunciou nesta quarta-feira (6) que vai reformular o visual das p\u00e1ginas. O total de curtidas ser\u00e1 substitu\u00eddo pelo n\u00famero de seguidores, dentre outras mudan\u00e7as.<\/p>\n<p><!--more--><\/p>\n<p><a href=\"http:\/\/www.polisrecreio.com.br\/site\/wp-content\/uploads\/2021\/01\/174976.jpg\"><img loading=\"lazy\" class=\"aligncenter size-full wp-image-19483\" src=\"http:\/\/www.polisrecreio.com.br\/site\/wp-content\/uploads\/2021\/01\/174976.jpg\" alt=\"\" width=\"750\" height=\"396\" srcset=\"https:\/\/www.polisrecreio.com.br\/site\/wp-content\/uploads\/2021\/01\/174976.jpg 750w, https:\/\/www.polisrecreio.com.br\/site\/wp-content\/uploads\/2021\/01\/174976-300x158.jpg 300w\" sizes=\"(max-width: 750px) 100vw, 750px\" \/><\/a><\/p>\n<p style=\"text-align: justify;\">O objetivo \u00e9 tornar mais claro quantas pessoas podem ser alcan\u00e7adas pelas publica\u00e7\u00f5es de cada p\u00e1gina \u2013 na rede social \u00e9 poss\u00edvel curtir e deixar de seguir aqueles conte\u00fados ou vice-versa. A quantidade de\u00a0rea\u00e7\u00f5es em posts, como &#8220;curti&#8221;, &#8220;amei&#8221;e &#8220;uau&#8221;, seguem aparecendo.<\/p>\n<p style=\"text-align: justify;\">A mudan\u00e7a vai acontecer junto com uma reformula\u00e7\u00e3o no visual, que deixar\u00e1 as p\u00e1ginas mais simples, e que ser\u00e3o liberadas aos poucos, durante os pr\u00f3ximos meses.\u00a0Veja quais s\u00e3o as novidades:<\/p>\n<ul style=\"text-align: justify;\">\n<li>O total de curtidas das p\u00e1ginas ser\u00e1 substitu\u00eddo pelo\u00a0n\u00famero de seguidores;<\/li>\n<li>A\u00a0biografia e descri\u00e7\u00e3odas p\u00e1ginas ter\u00e3o mais destaque;<\/li>\n<li>Administradores poder\u00e3o fazer um novo tipo de publica\u00e7\u00e3o, com um\u00a0formato de perguntas e respostas para interagir com os seguidores;<\/li>\n<li>As p\u00e1ginas poder\u00e3o seguir outros criadores, e ter\u00e3o um\u00a0Feed de Not\u00edcias voltado para os administradores. Por meio dele, os criadores de conte\u00fado poder\u00e3o seguir, interagir em posts e acompanhar tend\u00eancias.<\/li>\n<li>Coment\u00e1rios de figuras p\u00fablicas e p\u00e1ginas verificadasser\u00e3o destacados em toda a rede social;<\/li>\n<li>O selo de verificado ficar\u00e1 destacado nesses coment\u00e1rios, e haver\u00e1 um bot\u00e3o &#8220;Seguir&#8221; ao lado do nome da p\u00e1gina.<\/li>\n<\/ul>\n<p style=\"text-align: justify;\">Novo design das p\u00e1ginas ser\u00e1 liberado ao longo dos pr\u00f3ximos meses.<\/p>\n<p><em>Com informa\u00e7\u00f5es: G1.<\/em><\/p>\n","protected":false},"excerpt":{"rendered":"<p>O Facebook anunciou nesta quarta-feira (6) que vai reformular o visual das p\u00e1ginas. O total de curtidas ser\u00e1 substitu\u00eddo pelo n\u00famero de seguidores, dentre outras mudan\u00e7as.<\/p>\n","protected":false},"author":3,"featured_media":0,"comment_status":"open","ping_status":"open","sticky":false,"template":"","format":"standard","meta":[],"categories":[5],"tags":[],"yoast_head":"<!-- This site is optimized with the Yoast SEO plugin v15.6.2 - https:\/\/yoast.com\/wordpress\/plugins\/seo\/ -->\n<meta name=\"robots\" content=\"index, follow, max-snippet:-1, max-image-preview:large, max-video-preview:-1\" \/>\n<link rel=\"canonical\" href=\"https:\/\/www.polisrecreio.com.br\/site\/2021\/01\/06\/facebook-vai-reformular-visual-das-paginas\/\" \/>\n<meta property=\"og:locale\" content=\"pt_BR\" \/>\n<meta property=\"og:type\" content=\"article\" \/>\n<meta property=\"og:title\" content=\"Facebook vai reformular visual das p\u00e1ginas - P\u00f3lis Recreio\" \/>\n<meta property=\"og:description\" content=\"O Facebook anunciou nesta quarta-feira (6) que vai reformular o visual das p\u00e1ginas. O total de curtidas ser\u00e1 substitu\u00eddo pelo n\u00famero de seguidores, dentre outras mudan\u00e7as.\" \/>\n<meta property=\"og:url\" content=\"https:\/\/www.polisrecreio.com.br\/site\/2021\/01\/06\/facebook-vai-reformular-visual-das-paginas\/\" \/>\n<meta property=\"og:site_name\" content=\"P\u00f3lis Recreio\" \/>\n<meta property=\"article:publisher\" content=\"https:\/\/www.facebook.com\/Site-P%c3%b3lis-Recreio-MG-181941708571019\/\" \/>\n<meta property=\"article:published_time\" content=\"2021-01-06T17:21:59+00:00\" \/>\n<meta property=\"og:image\" content=\"http:\/\/www.polisrecreio.com.br\/site\/wp-content\/uploads\/2021\/01\/174976.jpg\" \/>\n<meta name=\"twitter:card\" content=\"summary_large_image\" \/>\n<meta name=\"twitter:creator\" content=\"@PolisRecreio\" \/>\n<meta name=\"twitter:site\" content=\"@PolisRecreio\" \/>\n<meta name=\"twitter:label1\" content=\"Est. reading time\">\n\t<meta name=\"twitter:data1\" content=\"1 minuto\">\n<script type=\"application\/ld+json\" class=\"yoast-schema-graph\">{\"@context\":\"https:\/\/schema.org\",\"@graph\":[{\"@type\":\"WebSite\",\"@id\":\"https:\/\/www.polisrecreio.com.br\/site\/#website\",\"url\":\"https:\/\/www.polisrecreio.com.br\/site\/\",\"name\":\"P\\u00f3lis Recreio\",\"description\":\"\",\"potentialAction\":[{\"@type\":\"SearchAction\",\"target\":\"https:\/\/www.polisrecreio.com.br\/site\/?s={search_term_string}\",\"query-input\":\"required name=search_term_string\"}],\"inLanguage\":\"pt-BR\"},{\"@type\":\"ImageObject\",\"@id\":\"https:\/\/www.polisrecreio.com.br\/site\/2021\/01\/06\/facebook-vai-reformular-visual-das-paginas\/#primaryimage\",\"inLanguage\":\"pt-BR\",\"url\":\"http:\/\/www.polisrecreio.com.br\/site\/wp-content\/uploads\/2021\/01\/174976.jpg\"},{\"@type\":\"WebPage\",\"@id\":\"https:\/\/www.polisrecreio.com.br\/site\/2021\/01\/06\/facebook-vai-reformular-visual-das-paginas\/#webpage\",\"url\":\"https:\/\/www.polisrecreio.com.br\/site\/2021\/01\/06\/facebook-vai-reformular-visual-das-paginas\/\",\"name\":\"Facebook vai reformular visual das p\\u00e1ginas - P\\u00f3lis Recreio\",\"isPartOf\":{\"@id\":\"https:\/\/www.polisrecreio.com.br\/site\/#website\"},\"primaryImageOfPage\":{\"@id\":\"https:\/\/www.polisrecreio.com.br\/site\/2021\/01\/06\/facebook-vai-reformular-visual-das-paginas\/#primaryimage\"},\"datePublished\":\"2021-01-06T17:21:59+00:00\",\"dateModified\":\"2021-01-06T17:21:59+00:00\",\"author\":{\"@id\":\"https:\/\/www.polisrecreio.com.br\/site\/#\/schema\/person\/3363c1c78e1e28e1329d97adb387638e\"},\"inLanguage\":\"pt-BR\",\"potentialAction\":[{\"@type\":\"ReadAction\",\"target\":[\"https:\/\/www.polisrecreio.com.br\/site\/2021\/01\/06\/facebook-vai-reformular-visual-das-paginas\/\"]}]},{\"@type\":\"Person\",\"@id\":\"https:\/\/www.polisrecreio.com.br\/site\/#\/schema\/person\/3363c1c78e1e28e1329d97adb387638e\",\"name\":\"Leonardo Ribeiro\",\"image\":{\"@type\":\"ImageObject\",\"@id\":\"https:\/\/www.polisrecreio.com.br\/site\/#personlogo\",\"inLanguage\":\"pt-BR\",\"url\":\"https:\/\/secure.gravatar.com\/avatar\/6ba92a37d621e1a83e23710251178a12?s=96&d=mm&r=g\",\"caption\":\"Leonardo Ribeiro\"},\"sameAs\":[\"http:\/\/www.polisrecreio.com.br\"]}]}<\/script>\n<!-- \/ Yoast SEO plugin. -->","_links":{"self":[{"href":"https:\/\/www.polisrecreio.com.br\/site\/wp-json\/wp\/v2\/posts\/19482"}],"collection":[{"href":"https:\/\/www.polisrecreio.com.br\/site\/wp-json\/wp\/v2\/posts"}],"about":[{"href":"https:\/\/www.polisrecreio.com.br\/site\/wp-json\/wp\/v2\/types\/post"}],"author":[{"embeddable":true,"href":"https:\/\/www.polisrecreio.com.br\/site\/wp-json\/wp\/v2\/users\/3"}],"replies":[{"embeddable":true,"href":"https:\/\/www.polisrecreio.com.br\/site\/wp-json\/wp\/v2\/comments?post=19482"}],"version-history":[{"count":2,"href":"https:\/\/www.polisrecreio.com.br\/site\/wp-json\/wp\/v2\/posts\/19482\/revisions"}],"predecessor-version":[{"id":19485,"href":"https:\/\/www.polisrecreio.com.br\/site\/wp-json\/wp\/v2\/posts\/19482\/revisions\/19485"}],"wp:attachment":[{"href":"https:\/\/www.polisrecreio.com.br\/site\/wp-json\/wp\/v2\/media?parent=19482"}],"wp:term":[{"taxonomy":"category","embeddable":true,"href":"https:\/\/www.polisrecreio.com.br\/site\/wp-json\/wp\/v2\/categories?post=19482"},{"taxonomy":"post_tag","embeddable":true,"href":"https:\/\/www.polisrecreio.com.br\/site\/wp-json\/wp\/v2\/tags?post=19482"}],"curies":[{"name":"wp","href":"https:\/\/api.w.org\/{rel}","templated":true}]}}