{"id":19489,"date":"2021-01-08T09:40:29","date_gmt":"2021-01-08T12:40:29","guid":{"rendered":"http:\/\/www.polisrecreio.com.br\/site\/?p=19489"},"modified":"2021-01-08T09:41:43","modified_gmt":"2021-01-08T12:41:43","slug":"fake-news-mensagem-do-secretario-de-saude-de-mg-com-o-assunto-chegamos-ao-pico","status":"publish","type":"post","link":"https:\/\/www.polisrecreio.com.br\/site\/2021\/01\/08\/fake-news-mensagem-do-secretario-de-saude-de-mg-com-o-assunto-chegamos-ao-pico\/","title":{"rendered":"Fake News: mensagem do secret\u00e1rio de Sa\u00fade de MG com o assunto \u201cChegamos ao Pico\u201d"},"content":{"rendered":"<p style=\"text-align: justify;\">O secret\u00e1rio de Sa\u00fade de Minas Gerais, Carlos Eduardo Amaral, publicou no final da tarde de ontem que a mensagem que circulou em redes sociais com o assunto \u201cChegamos ao Pico\u201d n\u00e3o \u00e9 verdadeira, ou seja, trata-se de uma Fake News.<\/p>\n<p><!--more--><\/p>\n<p><a href=\"http:\/\/www.polisrecreio.com.br\/site\/wp-content\/uploads\/2021\/01\/fake.jpg\"><img loading=\"lazy\" class=\"aligncenter size-full wp-image-19490\" src=\"http:\/\/www.polisrecreio.com.br\/site\/wp-content\/uploads\/2021\/01\/fake.jpg\" alt=\"\" width=\"750\" height=\"418\" srcset=\"https:\/\/www.polisrecreio.com.br\/site\/wp-content\/uploads\/2021\/01\/fake.jpg 750w, https:\/\/www.polisrecreio.com.br\/site\/wp-content\/uploads\/2021\/01\/fake-300x167.jpg 300w\" sizes=\"(max-width: 750px) 100vw, 750px\" \/><\/a><\/p>\n<p>Confira a publica\u00e7\u00e3o:<\/p>\n<p style=\"text-align: justify;\"><em>Essa n\u00e3o \u00e9 uma mensagem enviada pelo Secret\u00e1rio de Estado de Sa\u00fade de Minas Gerais, Carlos Eduardo Amaral.<\/em><\/p>\n<p style=\"text-align: justify;\"><em>Fique atento (a) ao que recebe pelo Whatsapp e l\u00ea nas redes sociais.<\/em><\/p>\n<p style=\"text-align: justify;\"><em>Confira sempre em sites e redes oficiais do Governo de Minas @saudemg @drcarloseduardoamaral @marcelocabral @governomg<\/em><\/p>\n<p style=\"text-align: justify;\"><em>\u00a0<\/em>A mensagem atribu\u00edda ao secret\u00e1rio circulou em v\u00e1rias redes sociais.<\/p>\n<p><a href=\"http:\/\/www.polisrecreio.com.br\/site\/wp-content\/uploads\/2021\/01\/135902594_2727203664263700_1521760976080645969_o.png\"><img loading=\"lazy\" class=\"aligncenter size-full wp-image-19491\" src=\"http:\/\/www.polisrecreio.com.br\/site\/wp-content\/uploads\/2021\/01\/135902594_2727203664263700_1521760976080645969_o.png\" alt=\"\" width=\"1080\" height=\"1350\" srcset=\"https:\/\/www.polisrecreio.com.br\/site\/wp-content\/uploads\/2021\/01\/135902594_2727203664263700_1521760976080645969_o.png 1080w, https:\/\/www.polisrecreio.com.br\/site\/wp-content\/uploads\/2021\/01\/135902594_2727203664263700_1521760976080645969_o-240x300.png 240w, https:\/\/www.polisrecreio.com.br\/site\/wp-content\/uploads\/2021\/01\/135902594_2727203664263700_1521760976080645969_o-768x960.png 768w, https:\/\/www.polisrecreio.com.br\/site\/wp-content\/uploads\/2021\/01\/135902594_2727203664263700_1521760976080645969_o-819x1024.png 819w\" sizes=\"(max-width: 1080px) 100vw, 1080px\" \/><\/a><\/p>\n","protected":false},"excerpt":{"rendered":"<p>O secret\u00e1rio de Sa\u00fade de Minas Gerais, Carlos Eduardo Amaral, publicou no final da tarde de ontem que a mensagem que circulou em redes sociais com o assunto \u201cChegamos ao Pico\u201d n\u00e3o \u00e9 verdadeira, ou seja, trata-se de uma Fake News.<\/p>\n","protected":false},"author":3,"featured_media":0,"comment_status":"open","ping_status":"open","sticky":false,"template":"","format":"standard","meta":[],"categories":[7],"tags":[],"yoast_head":"<!-- This site is optimized with the Yoast SEO plugin v15.6.2 - https:\/\/yoast.com\/wordpress\/plugins\/seo\/ -->\n<meta name=\"robots\" content=\"index, follow, max-snippet:-1, max-image-preview:large, max-video-preview:-1\" \/>\n<link rel=\"canonical\" href=\"https:\/\/www.polisrecreio.com.br\/site\/2021\/01\/08\/fake-news-mensagem-do-secretario-de-saude-de-mg-com-o-assunto-chegamos-ao-pico\/\" \/>\n<meta property=\"og:locale\" content=\"pt_BR\" \/>\n<meta property=\"og:type\" content=\"article\" \/>\n<meta property=\"og:title\" content=\"Fake News: mensagem do secret\u00e1rio de Sa\u00fade de MG com o assunto \u201cChegamos ao Pico\u201d - P\u00f3lis Recreio\" \/>\n<meta property=\"og:description\" content=\"O secret\u00e1rio de Sa\u00fade de Minas Gerais, Carlos Eduardo Amaral, publicou no final da tarde de ontem que a mensagem que circulou em redes sociais com o assunto \u201cChegamos ao Pico\u201d n\u00e3o \u00e9 verdadeira, ou seja, trata-se de uma Fake News.\" \/>\n<meta property=\"og:url\" content=\"https:\/\/www.polisrecreio.com.br\/site\/2021\/01\/08\/fake-news-mensagem-do-secretario-de-saude-de-mg-com-o-assunto-chegamos-ao-pico\/\" \/>\n<meta property=\"og:site_name\" content=\"P\u00f3lis Recreio\" \/>\n<meta property=\"article:publisher\" content=\"https:\/\/www.facebook.com\/Site-P%c3%b3lis-Recreio-MG-181941708571019\/\" \/>\n<meta property=\"article:published_time\" content=\"2021-01-08T12:40:29+00:00\" \/>\n<meta property=\"article:modified_time\" content=\"2021-01-08T12:41:43+00:00\" \/>\n<meta property=\"og:image\" content=\"http:\/\/www.polisrecreio.com.br\/site\/wp-content\/uploads\/2021\/01\/fake.jpg\" \/>\n<meta name=\"twitter:card\" content=\"summary_large_image\" \/>\n<meta name=\"twitter:creator\" content=\"@PolisRecreio\" \/>\n<meta name=\"twitter:site\" content=\"@PolisRecreio\" \/>\n<meta name=\"twitter:label1\" content=\"Est. reading time\">\n\t<meta name=\"twitter:data1\" content=\"1 minuto\">\n<script type=\"application\/ld+json\" class=\"yoast-schema-graph\">{\"@context\":\"https:\/\/schema.org\",\"@graph\":[{\"@type\":\"WebSite\",\"@id\":\"https:\/\/www.polisrecreio.com.br\/site\/#website\",\"url\":\"https:\/\/www.polisrecreio.com.br\/site\/\",\"name\":\"P\\u00f3lis Recreio\",\"description\":\"\",\"potentialAction\":[{\"@type\":\"SearchAction\",\"target\":\"https:\/\/www.polisrecreio.com.br\/site\/?s={search_term_string}\",\"query-input\":\"required name=search_term_string\"}],\"inLanguage\":\"pt-BR\"},{\"@type\":\"ImageObject\",\"@id\":\"https:\/\/www.polisrecreio.com.br\/site\/2021\/01\/08\/fake-news-mensagem-do-secretario-de-saude-de-mg-com-o-assunto-chegamos-ao-pico\/#primaryimage\",\"inLanguage\":\"pt-BR\",\"url\":\"http:\/\/www.polisrecreio.com.br\/site\/wp-content\/uploads\/2021\/01\/fake.jpg\"},{\"@type\":\"WebPage\",\"@id\":\"https:\/\/www.polisrecreio.com.br\/site\/2021\/01\/08\/fake-news-mensagem-do-secretario-de-saude-de-mg-com-o-assunto-chegamos-ao-pico\/#webpage\",\"url\":\"https:\/\/www.polisrecreio.com.br\/site\/2021\/01\/08\/fake-news-mensagem-do-secretario-de-saude-de-mg-com-o-assunto-chegamos-ao-pico\/\",\"name\":\"Fake News: mensagem do secret\\u00e1rio de Sa\\u00fade de MG com o assunto \\u201cChegamos ao Pico\\u201d - P\\u00f3lis Recreio\",\"isPartOf\":{\"@id\":\"https:\/\/www.polisrecreio.com.br\/site\/#website\"},\"primaryImageOfPage\":{\"@id\":\"https:\/\/www.polisrecreio.com.br\/site\/2021\/01\/08\/fake-news-mensagem-do-secretario-de-saude-de-mg-com-o-assunto-chegamos-ao-pico\/#primaryimage\"},\"datePublished\":\"2021-01-08T12:40:29+00:00\",\"dateModified\":\"2021-01-08T12:41:43+00:00\",\"author\":{\"@id\":\"https:\/\/www.polisrecreio.com.br\/site\/#\/schema\/person\/3363c1c78e1e28e1329d97adb387638e\"},\"inLanguage\":\"pt-BR\",\"potentialAction\":[{\"@type\":\"ReadAction\",\"target\":[\"https:\/\/www.polisrecreio.com.br\/site\/2021\/01\/08\/fake-news-mensagem-do-secretario-de-saude-de-mg-com-o-assunto-chegamos-ao-pico\/\"]}]},{\"@type\":\"Person\",\"@id\":\"https:\/\/www.polisrecreio.com.br\/site\/#\/schema\/person\/3363c1c78e1e28e1329d97adb387638e\",\"name\":\"Leonardo Ribeiro\",\"image\":{\"@type\":\"ImageObject\",\"@id\":\"https:\/\/www.polisrecreio.com.br\/site\/#personlogo\",\"inLanguage\":\"pt-BR\",\"url\":\"https:\/\/secure.gravatar.com\/avatar\/6ba92a37d621e1a83e23710251178a12?s=96&d=mm&r=g\",\"caption\":\"Leonardo Ribeiro\"},\"sameAs\":[\"http:\/\/www.polisrecreio.com.br\"]}]}<\/script>\n<!-- \/ Yoast SEO plugin. -->","_links":{"self":[{"href":"https:\/\/www.polisrecreio.com.br\/site\/wp-json\/wp\/v2\/posts\/19489"}],"collection":[{"href":"https:\/\/www.polisrecreio.com.br\/site\/wp-json\/wp\/v2\/posts"}],"about":[{"href":"https:\/\/www.polisrecreio.com.br\/site\/wp-json\/wp\/v2\/types\/post"}],"author":[{"embeddable":true,"href":"https:\/\/www.polisrecreio.com.br\/site\/wp-json\/wp\/v2\/users\/3"}],"replies":[{"embeddable":true,"href":"https:\/\/www.polisrecreio.com.br\/site\/wp-json\/wp\/v2\/comments?post=19489"}],"version-history":[{"count":2,"href":"https:\/\/www.polisrecreio.com.br\/site\/wp-json\/wp\/v2\/posts\/19489\/revisions"}],"predecessor-version":[{"id":19493,"href":"https:\/\/www.polisrecreio.com.br\/site\/wp-json\/wp\/v2\/posts\/19489\/revisions\/19493"}],"wp:attachment":[{"href":"https:\/\/www.polisrecreio.com.br\/site\/wp-json\/wp\/v2\/media?parent=19489"}],"wp:term":[{"taxonomy":"category","embeddable":true,"href":"https:\/\/www.polisrecreio.com.br\/site\/wp-json\/wp\/v2\/categories?post=19489"},{"taxonomy":"post_tag","embeddable":true,"href":"https:\/\/www.polisrecreio.com.br\/site\/wp-json\/wp\/v2\/tags?post=19489"}],"curies":[{"name":"wp","href":"https:\/\/api.w.org\/{rel}","templated":true}]}}