{"id":19494,"date":"2021-01-08T16:37:18","date_gmt":"2021-01-08T19:37:18","guid":{"rendered":"http:\/\/www.polisrecreio.com.br\/site\/?p=19494"},"modified":"2021-01-08T16:37:18","modified_gmt":"2021-01-08T19:37:18","slug":"ha-risco-de-surto-de-dengue-em-recreio-diz-levantamento-da-vigilancia-epidemiologica","status":"publish","type":"post","link":"https:\/\/www.polisrecreio.com.br\/site\/2021\/01\/08\/ha-risco-de-surto-de-dengue-em-recreio-diz-levantamento-da-vigilancia-epidemiologica\/","title":{"rendered":"H\u00e1 risco de surto de dengue em Recreio, diz levantamento da Vigil\u00e2ncia Epidemiol\u00f3gica"},"content":{"rendered":"<p style=\"text-align: justify;\">Enquanto os casos de covid-19 n\u00e3o param de ser registrados, um novo ou melhor antigo problema entra na lista de preocupa\u00e7\u00f5es da popula\u00e7\u00e3o recreiense. Segundo levantamento da Vigil\u00e2ncia Epidemiol\u00f3gica Municipal, h\u00e1 risco de um surto de dengue em Recreio.<\/p>\n<p><!--more--><\/p>\n<p><a href=\"http:\/\/www.polisrecreio.com.br\/site\/wp-content\/uploads\/2021\/01\/24114499.jpg\"><img loading=\"lazy\" class=\"aligncenter size-full wp-image-19496\" src=\"http:\/\/www.polisrecreio.com.br\/site\/wp-content\/uploads\/2021\/01\/24114499.jpg\" alt=\"\" width=\"750\" height=\"499\" srcset=\"https:\/\/www.polisrecreio.com.br\/site\/wp-content\/uploads\/2021\/01\/24114499.jpg 750w, https:\/\/www.polisrecreio.com.br\/site\/wp-content\/uploads\/2021\/01\/24114499-300x200.jpg 300w\" sizes=\"(max-width: 750px) 100vw, 750px\" \/><\/a><\/p>\n<p style=\"text-align: justify;\">Essa identifica\u00e7\u00e3o foi poss\u00edvel atrav\u00e9s do primeiro LIRA &#8211; Levantamento R\u00e1pido do \u00cdndice de Infesta\u00e7\u00e3o por Aedes aegypti \u2013 de 2021, realizado entre os dias 4 e 7 de janeiro.<\/p>\n<p style=\"text-align: justify;\">Conforme a escala do Minist\u00e9rio da Sa\u00fade os munic\u00edpios em condi\u00e7\u00f5es favor\u00e1veis devem estar com n\u00famero inferior a 1% de infesta\u00e7\u00e3o; de 1% a 3,9% a situa\u00e7\u00e3o \u00e9 de alerta; e acima de 4% o risco \u00e9 de um surto de dengue. Recreio atingiu 4,3%.<\/p>\n<p style=\"text-align: justify;\">Conforme informa\u00e7\u00f5es, a equipe de agentes de epidemiologia j\u00e1 iniciou os trabalhos de tratamento focal e delimita\u00e7\u00e3o dos focos.<\/p>\n<p style=\"text-align: justify;\"><strong>Confira os locais com focos<\/strong><\/p>\n<p><a href=\"http:\/\/www.polisrecreio.com.br\/site\/wp-content\/uploads\/2021\/01\/137103502_1271008953268806_272866797786418319_o.jpg\"><img loading=\"lazy\" class=\"size-full wp-image-19495 alignleft\" src=\"http:\/\/www.polisrecreio.com.br\/site\/wp-content\/uploads\/2021\/01\/137103502_1271008953268806_272866797786418319_o.jpg\" alt=\"\" width=\"1448\" height=\"2047\" srcset=\"https:\/\/www.polisrecreio.com.br\/site\/wp-content\/uploads\/2021\/01\/137103502_1271008953268806_272866797786418319_o.jpg 1448w, https:\/\/www.polisrecreio.com.br\/site\/wp-content\/uploads\/2021\/01\/137103502_1271008953268806_272866797786418319_o-212x300.jpg 212w, https:\/\/www.polisrecreio.com.br\/site\/wp-content\/uploads\/2021\/01\/137103502_1271008953268806_272866797786418319_o-768x1086.jpg 768w, https:\/\/www.polisrecreio.com.br\/site\/wp-content\/uploads\/2021\/01\/137103502_1271008953268806_272866797786418319_o-724x1024.jpg 724w\" sizes=\"(max-width: 1448px) 100vw, 1448px\" \/><\/a><\/p>\n","protected":false},"excerpt":{"rendered":"<p>Enquanto os casos de covid-19 n\u00e3o param de ser registrados, um novo ou melhor antigo problema entra na lista de preocupa\u00e7\u00f5es da popula\u00e7\u00e3o recreiense. Segundo levantamento da Vigil\u00e2ncia Epidemiol\u00f3gica Municipal, h\u00e1 risco de um surto de dengue em Recreio.<\/p>\n","protected":false},"author":3,"featured_media":0,"comment_status":"open","ping_status":"open","sticky":false,"template":"","format":"standard","meta":[],"categories":[7],"tags":[],"yoast_head":"<!-- This site is optimized with the Yoast SEO plugin v15.6.2 - https:\/\/yoast.com\/wordpress\/plugins\/seo\/ -->\n<meta name=\"robots\" content=\"index, follow, max-snippet:-1, max-image-preview:large, max-video-preview:-1\" \/>\n<link rel=\"canonical\" href=\"http:\/\/www.polisrecreio.com.br\/site\/2021\/01\/08\/ha-risco-de-surto-de-dengue-em-recreio-diz-levantamento-da-vigilancia-epidemiologica\/\" \/>\n<meta property=\"og:locale\" content=\"pt_BR\" \/>\n<meta property=\"og:type\" content=\"article\" \/>\n<meta property=\"og:title\" content=\"H\u00e1 risco de surto de dengue em Recreio, diz levantamento da Vigil\u00e2ncia Epidemiol\u00f3gica - P\u00f3lis Recreio\" \/>\n<meta property=\"og:description\" content=\"Enquanto os casos de covid-19 n\u00e3o param de ser registrados, um novo ou melhor antigo problema entra na lista de preocupa\u00e7\u00f5es da popula\u00e7\u00e3o recreiense. Segundo levantamento da Vigil\u00e2ncia Epidemiol\u00f3gica Municipal, h\u00e1 risco de um surto de dengue em Recreio.\" \/>\n<meta property=\"og:url\" content=\"http:\/\/www.polisrecreio.com.br\/site\/2021\/01\/08\/ha-risco-de-surto-de-dengue-em-recreio-diz-levantamento-da-vigilancia-epidemiologica\/\" \/>\n<meta property=\"og:site_name\" content=\"P\u00f3lis Recreio\" \/>\n<meta property=\"article:publisher\" content=\"https:\/\/www.facebook.com\/Site-P%c3%b3lis-Recreio-MG-181941708571019\/\" \/>\n<meta property=\"article:published_time\" content=\"2021-01-08T19:37:18+00:00\" \/>\n<meta property=\"og:image\" content=\"http:\/\/www.polisrecreio.com.br\/site\/wp-content\/uploads\/2021\/01\/24114499.jpg\" \/>\n<meta name=\"twitter:card\" content=\"summary_large_image\" \/>\n<meta name=\"twitter:creator\" content=\"@PolisRecreio\" \/>\n<meta name=\"twitter:site\" content=\"@PolisRecreio\" \/>\n<meta name=\"twitter:label1\" content=\"Est. reading time\">\n\t<meta name=\"twitter:data1\" content=\"1 minuto\">\n<script type=\"application\/ld+json\" class=\"yoast-schema-graph\">{\"@context\":\"https:\/\/schema.org\",\"@graph\":[{\"@type\":\"WebSite\",\"@id\":\"https:\/\/www.polisrecreio.com.br\/site\/#website\",\"url\":\"https:\/\/www.polisrecreio.com.br\/site\/\",\"name\":\"P\\u00f3lis Recreio\",\"description\":\"\",\"potentialAction\":[{\"@type\":\"SearchAction\",\"target\":\"https:\/\/www.polisrecreio.com.br\/site\/?s={search_term_string}\",\"query-input\":\"required name=search_term_string\"}],\"inLanguage\":\"pt-BR\"},{\"@type\":\"ImageObject\",\"@id\":\"http:\/\/www.polisrecreio.com.br\/site\/2021\/01\/08\/ha-risco-de-surto-de-dengue-em-recreio-diz-levantamento-da-vigilancia-epidemiologica\/#primaryimage\",\"inLanguage\":\"pt-BR\",\"url\":\"http:\/\/www.polisrecreio.com.br\/site\/wp-content\/uploads\/2021\/01\/24114499.jpg\"},{\"@type\":\"WebPage\",\"@id\":\"http:\/\/www.polisrecreio.com.br\/site\/2021\/01\/08\/ha-risco-de-surto-de-dengue-em-recreio-diz-levantamento-da-vigilancia-epidemiologica\/#webpage\",\"url\":\"http:\/\/www.polisrecreio.com.br\/site\/2021\/01\/08\/ha-risco-de-surto-de-dengue-em-recreio-diz-levantamento-da-vigilancia-epidemiologica\/\",\"name\":\"H\\u00e1 risco de surto de dengue em Recreio, diz levantamento da Vigil\\u00e2ncia Epidemiol\\u00f3gica - P\\u00f3lis Recreio\",\"isPartOf\":{\"@id\":\"https:\/\/www.polisrecreio.com.br\/site\/#website\"},\"primaryImageOfPage\":{\"@id\":\"http:\/\/www.polisrecreio.com.br\/site\/2021\/01\/08\/ha-risco-de-surto-de-dengue-em-recreio-diz-levantamento-da-vigilancia-epidemiologica\/#primaryimage\"},\"datePublished\":\"2021-01-08T19:37:18+00:00\",\"dateModified\":\"2021-01-08T19:37:18+00:00\",\"author\":{\"@id\":\"https:\/\/www.polisrecreio.com.br\/site\/#\/schema\/person\/3363c1c78e1e28e1329d97adb387638e\"},\"inLanguage\":\"pt-BR\",\"potentialAction\":[{\"@type\":\"ReadAction\",\"target\":[\"http:\/\/www.polisrecreio.com.br\/site\/2021\/01\/08\/ha-risco-de-surto-de-dengue-em-recreio-diz-levantamento-da-vigilancia-epidemiologica\/\"]}]},{\"@type\":\"Person\",\"@id\":\"https:\/\/www.polisrecreio.com.br\/site\/#\/schema\/person\/3363c1c78e1e28e1329d97adb387638e\",\"name\":\"Leonardo Ribeiro\",\"image\":{\"@type\":\"ImageObject\",\"@id\":\"https:\/\/www.polisrecreio.com.br\/site\/#personlogo\",\"inLanguage\":\"pt-BR\",\"url\":\"https:\/\/secure.gravatar.com\/avatar\/6ba92a37d621e1a83e23710251178a12?s=96&d=mm&r=g\",\"caption\":\"Leonardo Ribeiro\"},\"sameAs\":[\"http:\/\/www.polisrecreio.com.br\"]}]}<\/script>\n<!-- \/ Yoast SEO plugin. -->","_links":{"self":[{"href":"https:\/\/www.polisrecreio.com.br\/site\/wp-json\/wp\/v2\/posts\/19494"}],"collection":[{"href":"https:\/\/www.polisrecreio.com.br\/site\/wp-json\/wp\/v2\/posts"}],"about":[{"href":"https:\/\/www.polisrecreio.com.br\/site\/wp-json\/wp\/v2\/types\/post"}],"author":[{"embeddable":true,"href":"https:\/\/www.polisrecreio.com.br\/site\/wp-json\/wp\/v2\/users\/3"}],"replies":[{"embeddable":true,"href":"https:\/\/www.polisrecreio.com.br\/site\/wp-json\/wp\/v2\/comments?post=19494"}],"version-history":[{"count":1,"href":"https:\/\/www.polisrecreio.com.br\/site\/wp-json\/wp\/v2\/posts\/19494\/revisions"}],"predecessor-version":[{"id":19497,"href":"https:\/\/www.polisrecreio.com.br\/site\/wp-json\/wp\/v2\/posts\/19494\/revisions\/19497"}],"wp:attachment":[{"href":"https:\/\/www.polisrecreio.com.br\/site\/wp-json\/wp\/v2\/media?parent=19494"}],"wp:term":[{"taxonomy":"category","embeddable":true,"href":"https:\/\/www.polisrecreio.com.br\/site\/wp-json\/wp\/v2\/categories?post=19494"},{"taxonomy":"post_tag","embeddable":true,"href":"https:\/\/www.polisrecreio.com.br\/site\/wp-json\/wp\/v2\/tags?post=19494"}],"curies":[{"name":"wp","href":"https:\/\/api.w.org\/{rel}","templated":true}]}}