{"id":19498,"date":"2021-01-11T12:02:27","date_gmt":"2021-01-11T15:02:27","guid":{"rendered":"http:\/\/www.polisrecreio.com.br\/site\/?p=19498"},"modified":"2021-01-11T13:03:02","modified_gmt":"2021-01-11T16:03:02","slug":"escolas-municipais-de-recreio-estao-abertas-para-atendimento-ao-publico","status":"publish","type":"post","link":"https:\/\/www.polisrecreio.com.br\/site\/2021\/01\/11\/escolas-municipais-de-recreio-estao-abertas-para-atendimento-ao-publico\/","title":{"rendered":"Escolas municipais de Recreio est\u00e3o abertas para atendimento ao p\u00fablico"},"content":{"rendered":"<p style=\"text-align: justify;\">As escolas municipais de Recreio est\u00e3o abertas de segunda-feira a sexta-feira, de 8h \u00e0s 12h, para servi\u00e7os de atendimento ao p\u00fablico.<\/p>\n<p><!--more--><\/p>\n<p><a href=\"http:\/\/www.polisrecreio.com.br\/site\/wp-content\/uploads\/2021\/01\/DSC_0334.jpg\"><img loading=\"lazy\" class=\"aligncenter size-full wp-image-19499\" src=\"http:\/\/www.polisrecreio.com.br\/site\/wp-content\/uploads\/2021\/01\/DSC_0334.jpg\" alt=\"\" width=\"750\" height=\"500\" srcset=\"https:\/\/www.polisrecreio.com.br\/site\/wp-content\/uploads\/2021\/01\/DSC_0334.jpg 750w, https:\/\/www.polisrecreio.com.br\/site\/wp-content\/uploads\/2021\/01\/DSC_0334-300x200.jpg 300w\" sizes=\"(max-width: 750px) 100vw, 750px\" \/><\/a><\/p>\n<p>Confira os servi\u00e7os dispon\u00edveis:<\/p>\n<ul>\n<li>Matr\u00edcula;<\/li>\n<li>Transfer\u00eancia;<\/li>\n<li>Declara\u00e7\u00e3o;<\/li>\n<li>Hist\u00f3rico Escolar.<\/li>\n<\/ul>\n<p style=\"text-align: justify;\">De acordo com o calend\u00e1rio do ano letivo de 2021 as aulas na rede municipal ter\u00e3o in\u00edcio em fevereiro. A previs\u00e3o \u00e9 que as aulas presenciais continuem suspensas, por medidas de preven\u00e7\u00e3o ao novo coronav\u00edrus.<\/p>\n<p style=\"text-align: justify;\">Ano passado foi adotado o projeto \u201cEduca em Casa Recreio\u201d com atividades n\u00e3o presenciais.<\/p>\n<p style=\"text-align: justify;\">Maiores informa\u00e7\u00f5es pelo telefone da Secretaria Municipal de Educa\u00e7\u00e3o e Cultura, (32) 3444-1606.<\/p>\n","protected":false},"excerpt":{"rendered":"<p>As escolas municipais de Recreio est\u00e3o abertas de segunda-feira a sexta-feira, de 8h \u00e0s 12h, para servi\u00e7os de atendimento ao p\u00fablico.<\/p>\n","protected":false},"author":3,"featured_media":19499,"comment_status":"open","ping_status":"open","sticky":false,"template":"","format":"standard","meta":[],"categories":[9],"tags":[],"yoast_head":"<!-- This site is optimized with the Yoast SEO plugin v15.6.2 - https:\/\/yoast.com\/wordpress\/plugins\/seo\/ -->\n<meta name=\"robots\" content=\"index, follow, max-snippet:-1, max-image-preview:large, max-video-preview:-1\" \/>\n<link rel=\"canonical\" href=\"http:\/\/www.polisrecreio.com.br\/site\/2021\/01\/11\/escolas-municipais-de-recreio-estao-abertas-para-atendimento-ao-publico\/\" \/>\n<meta property=\"og:locale\" content=\"pt_BR\" \/>\n<meta property=\"og:type\" content=\"article\" \/>\n<meta property=\"og:title\" content=\"Escolas municipais de Recreio est\u00e3o abertas para atendimento ao p\u00fablico - P\u00f3lis Recreio\" \/>\n<meta property=\"og:description\" content=\"As escolas municipais de Recreio est\u00e3o abertas de segunda-feira a sexta-feira, de 8h \u00e0s 12h, para servi\u00e7os de atendimento ao p\u00fablico.\" \/>\n<meta property=\"og:url\" content=\"http:\/\/www.polisrecreio.com.br\/site\/2021\/01\/11\/escolas-municipais-de-recreio-estao-abertas-para-atendimento-ao-publico\/\" \/>\n<meta property=\"og:site_name\" content=\"P\u00f3lis Recreio\" \/>\n<meta property=\"article:publisher\" content=\"https:\/\/www.facebook.com\/Site-P%c3%b3lis-Recreio-MG-181941708571019\/\" \/>\n<meta property=\"article:published_time\" content=\"2021-01-11T15:02:27+00:00\" \/>\n<meta property=\"article:modified_time\" content=\"2021-01-11T16:03:02+00:00\" \/>\n<meta property=\"og:image\" content=\"https:\/\/www.polisrecreio.com.br\/site\/wp-content\/uploads\/2021\/01\/DSC_0334.jpg\" \/>\n\t<meta property=\"og:image:width\" content=\"750\" \/>\n\t<meta property=\"og:image:height\" content=\"500\" \/>\n<meta name=\"twitter:card\" content=\"summary_large_image\" \/>\n<meta name=\"twitter:creator\" content=\"@PolisRecreio\" \/>\n<meta name=\"twitter:site\" content=\"@PolisRecreio\" \/>\n<meta name=\"twitter:label1\" content=\"Est. reading time\">\n\t<meta name=\"twitter:data1\" content=\"1 minuto\">\n<script type=\"application\/ld+json\" class=\"yoast-schema-graph\">{\"@context\":\"https:\/\/schema.org\",\"@graph\":[{\"@type\":\"WebSite\",\"@id\":\"https:\/\/www.polisrecreio.com.br\/site\/#website\",\"url\":\"https:\/\/www.polisrecreio.com.br\/site\/\",\"name\":\"P\\u00f3lis Recreio\",\"description\":\"\",\"potentialAction\":[{\"@type\":\"SearchAction\",\"target\":\"https:\/\/www.polisrecreio.com.br\/site\/?s={search_term_string}\",\"query-input\":\"required name=search_term_string\"}],\"inLanguage\":\"pt-BR\"},{\"@type\":\"ImageObject\",\"@id\":\"http:\/\/www.polisrecreio.com.br\/site\/2021\/01\/11\/escolas-municipais-de-recreio-estao-abertas-para-atendimento-ao-publico\/#primaryimage\",\"inLanguage\":\"pt-BR\",\"url\":\"https:\/\/www.polisrecreio.com.br\/site\/wp-content\/uploads\/2021\/01\/DSC_0334.jpg\",\"width\":750,\"height\":500},{\"@type\":\"WebPage\",\"@id\":\"http:\/\/www.polisrecreio.com.br\/site\/2021\/01\/11\/escolas-municipais-de-recreio-estao-abertas-para-atendimento-ao-publico\/#webpage\",\"url\":\"http:\/\/www.polisrecreio.com.br\/site\/2021\/01\/11\/escolas-municipais-de-recreio-estao-abertas-para-atendimento-ao-publico\/\",\"name\":\"Escolas municipais de Recreio est\\u00e3o abertas para atendimento ao p\\u00fablico - P\\u00f3lis Recreio\",\"isPartOf\":{\"@id\":\"https:\/\/www.polisrecreio.com.br\/site\/#website\"},\"primaryImageOfPage\":{\"@id\":\"http:\/\/www.polisrecreio.com.br\/site\/2021\/01\/11\/escolas-municipais-de-recreio-estao-abertas-para-atendimento-ao-publico\/#primaryimage\"},\"datePublished\":\"2021-01-11T15:02:27+00:00\",\"dateModified\":\"2021-01-11T16:03:02+00:00\",\"author\":{\"@id\":\"https:\/\/www.polisrecreio.com.br\/site\/#\/schema\/person\/3363c1c78e1e28e1329d97adb387638e\"},\"inLanguage\":\"pt-BR\",\"potentialAction\":[{\"@type\":\"ReadAction\",\"target\":[\"http:\/\/www.polisrecreio.com.br\/site\/2021\/01\/11\/escolas-municipais-de-recreio-estao-abertas-para-atendimento-ao-publico\/\"]}]},{\"@type\":\"Person\",\"@id\":\"https:\/\/www.polisrecreio.com.br\/site\/#\/schema\/person\/3363c1c78e1e28e1329d97adb387638e\",\"name\":\"Leonardo Ribeiro\",\"image\":{\"@type\":\"ImageObject\",\"@id\":\"https:\/\/www.polisrecreio.com.br\/site\/#personlogo\",\"inLanguage\":\"pt-BR\",\"url\":\"https:\/\/secure.gravatar.com\/avatar\/6ba92a37d621e1a83e23710251178a12?s=96&d=mm&r=g\",\"caption\":\"Leonardo Ribeiro\"},\"sameAs\":[\"http:\/\/www.polisrecreio.com.br\"]}]}<\/script>\n<!-- \/ Yoast SEO plugin. -->","_links":{"self":[{"href":"https:\/\/www.polisrecreio.com.br\/site\/wp-json\/wp\/v2\/posts\/19498"}],"collection":[{"href":"https:\/\/www.polisrecreio.com.br\/site\/wp-json\/wp\/v2\/posts"}],"about":[{"href":"https:\/\/www.polisrecreio.com.br\/site\/wp-json\/wp\/v2\/types\/post"}],"author":[{"embeddable":true,"href":"https:\/\/www.polisrecreio.com.br\/site\/wp-json\/wp\/v2\/users\/3"}],"replies":[{"embeddable":true,"href":"https:\/\/www.polisrecreio.com.br\/site\/wp-json\/wp\/v2\/comments?post=19498"}],"version-history":[{"count":8,"href":"https:\/\/www.polisrecreio.com.br\/site\/wp-json\/wp\/v2\/posts\/19498\/revisions"}],"predecessor-version":[{"id":19507,"href":"https:\/\/www.polisrecreio.com.br\/site\/wp-json\/wp\/v2\/posts\/19498\/revisions\/19507"}],"wp:featuredmedia":[{"embeddable":true,"href":"https:\/\/www.polisrecreio.com.br\/site\/wp-json\/wp\/v2\/media\/19499"}],"wp:attachment":[{"href":"https:\/\/www.polisrecreio.com.br\/site\/wp-json\/wp\/v2\/media?parent=19498"}],"wp:term":[{"taxonomy":"category","embeddable":true,"href":"https:\/\/www.polisrecreio.com.br\/site\/wp-json\/wp\/v2\/categories?post=19498"},{"taxonomy":"post_tag","embeddable":true,"href":"https:\/\/www.polisrecreio.com.br\/site\/wp-json\/wp\/v2\/tags?post=19498"}],"curies":[{"name":"wp","href":"https:\/\/api.w.org\/{rel}","templated":true}]}}