{"id":19515,"date":"2021-01-12T15:15:55","date_gmt":"2021-01-12T18:15:55","guid":{"rendered":"http:\/\/www.polisrecreio.com.br\/site\/?p=19515"},"modified":"2021-01-12T15:18:03","modified_gmt":"2021-01-12T18:18:03","slug":"butantan-informa-a-anvisa-que-eficacia-geral-da-coronavac-e-de-5038","status":"publish","type":"post","link":"https:\/\/www.polisrecreio.com.br\/site\/2021\/01\/12\/butantan-informa-a-anvisa-que-eficacia-geral-da-coronavac-e-de-5038\/","title":{"rendered":"Butantan informa \u00e0 Anvisa que efic\u00e1cia geral da Coronavac \u00e9 de 50,38%"},"content":{"rendered":"<p style=\"text-align: justify;\">Ap\u00f3s press\u00e3o de cientistas e jornalistas, o governo de S\u00e3o Paulo e o\u00a0Instituto Butantan\u00a0revelou, nesta ter\u00e7a-feira (12) que a taxa de efic\u00e1cia geral da Coronavac \u00e9 de\u00a050,38%. O dado foi informado \u00e0\u00a0Anvisa\u00a0(Ag\u00eancia Nacional de Vigil\u00e2ncia Sanit\u00e1ria) no pedido de registro emergencial da vacina, e est\u00e1\u00a0acima dos 50%\u00a0requeridos universalmente para considerar um imunizante vi\u00e1vel.<\/p>\n<p><!--more--><\/p>\n<p><a href=\"http:\/\/www.polisrecreio.com.br\/site\/wp-content\/uploads\/2021\/01\/vacina.jpg\"><img loading=\"lazy\" class=\"aligncenter size-full wp-image-19516\" src=\"http:\/\/www.polisrecreio.com.br\/site\/wp-content\/uploads\/2021\/01\/vacina.jpg\" alt=\"\" width=\"750\" height=\"500\" srcset=\"https:\/\/www.polisrecreio.com.br\/site\/wp-content\/uploads\/2021\/01\/vacina.jpg 750w, https:\/\/www.polisrecreio.com.br\/site\/wp-content\/uploads\/2021\/01\/vacina-300x200.jpg 300w\" sizes=\"(max-width: 750px) 100vw, 750px\" \/><\/a><\/p>\n<p style=\"text-align: justify;\">A vacina contra o coronav\u00edrus foi desenvolvida pela farmac\u00eautica\u00a0chinesa Sinovac\u00a0e produzida no Brasil pelo Instituto Butantan.<\/p>\n<p style=\"text-align: justify;\">Na quinta-feira passada, a gest\u00e3o Jo\u00e3o Doria (PSDB) afirmou que o imunizante tem 78% de efic\u00e1cia contra casos leves da doen\u00e7a e 100% contra os quadros graves e moderados.<\/p>\n<p style=\"text-align: justify;\">Mas, como o\u00a0Estad\u00e3o\u00a0revelou no s\u00e1bado, 9, os dados referem-se s\u00f3 a um\u00a0recorte\u00a0do estudo. A\u00a0efic\u00e1cia geral, principal indicador da pesquisa e que considera toda a amostra de volunt\u00e1rios, n\u00e3o havia sido revelada at\u00e9 ent\u00e3o.<\/p>\n<p style=\"text-align: justify;\">Especialistas j\u00e1 previam que esse percentual pudesse ficar em patamar inferior, segundo disse \u00e0 reportagem o infectologista Esper Kallas. Professor da USP, ele \u00e9 coordenador do centro da pesquisa da Coronavac no Hospital das Cl\u00ednicas.<\/p>\n<p style=\"text-align: justify;\"><em>Com informa\u00e7\u00f5es: Estado de Minas.<\/em><\/p>\n","protected":false},"excerpt":{"rendered":"<p>Ap\u00f3s press\u00e3o de cientistas e jornalistas, o governo de S\u00e3o Paulo e o\u00a0Instituto Butantan\u00a0revelou, nesta ter\u00e7a-feira (12) que a taxa de efic\u00e1cia geral da Coronavac \u00e9 de\u00a050,38%. O dado foi informado \u00e0\u00a0Anvisa\u00a0(Ag\u00eancia Nacional de Vigil\u00e2ncia Sanit\u00e1ria) no pedido de registro emergencial da vacina, e est\u00e1\u00a0acima dos 50%\u00a0requeridos universalmente para considerar um imunizante vi\u00e1vel.<\/p>\n","protected":false},"author":3,"featured_media":19516,"comment_status":"open","ping_status":"open","sticky":false,"template":"","format":"standard","meta":[],"categories":[7],"tags":[],"yoast_head":"<!-- This site is optimized with the Yoast SEO plugin v15.6.2 - https:\/\/yoast.com\/wordpress\/plugins\/seo\/ -->\n<meta name=\"robots\" content=\"index, follow, max-snippet:-1, max-image-preview:large, max-video-preview:-1\" \/>\n<link rel=\"canonical\" href=\"http:\/\/www.polisrecreio.com.br\/site\/2021\/01\/12\/butantan-informa-a-anvisa-que-eficacia-geral-da-coronavac-e-de-5038\/\" \/>\n<meta property=\"og:locale\" content=\"pt_BR\" \/>\n<meta property=\"og:type\" content=\"article\" \/>\n<meta property=\"og:title\" content=\"Butantan informa \u00e0 Anvisa que efic\u00e1cia geral da Coronavac \u00e9 de 50,38% - P\u00f3lis Recreio\" \/>\n<meta property=\"og:description\" content=\"Ap\u00f3s press\u00e3o de cientistas e jornalistas, o governo de S\u00e3o Paulo e o\u00a0Instituto Butantan\u00a0revelou, nesta ter\u00e7a-feira (12) que a taxa de efic\u00e1cia geral da Coronavac \u00e9 de\u00a050,38%. O dado foi informado \u00e0\u00a0Anvisa\u00a0(Ag\u00eancia Nacional de Vigil\u00e2ncia Sanit\u00e1ria) no pedido de registro emergencial da vacina, e est\u00e1\u00a0acima dos 50%\u00a0requeridos universalmente para considerar um imunizante vi\u00e1vel.\" \/>\n<meta property=\"og:url\" content=\"http:\/\/www.polisrecreio.com.br\/site\/2021\/01\/12\/butantan-informa-a-anvisa-que-eficacia-geral-da-coronavac-e-de-5038\/\" \/>\n<meta property=\"og:site_name\" content=\"P\u00f3lis Recreio\" \/>\n<meta property=\"article:publisher\" content=\"https:\/\/www.facebook.com\/Site-P%c3%b3lis-Recreio-MG-181941708571019\/\" \/>\n<meta property=\"article:published_time\" content=\"2021-01-12T18:15:55+00:00\" \/>\n<meta property=\"article:modified_time\" content=\"2021-01-12T18:18:03+00:00\" \/>\n<meta property=\"og:image\" content=\"https:\/\/www.polisrecreio.com.br\/site\/wp-content\/uploads\/2021\/01\/vacina.jpg\" \/>\n\t<meta property=\"og:image:width\" content=\"750\" \/>\n\t<meta property=\"og:image:height\" content=\"500\" \/>\n<meta name=\"twitter:card\" content=\"summary_large_image\" \/>\n<meta name=\"twitter:creator\" content=\"@PolisRecreio\" \/>\n<meta name=\"twitter:site\" content=\"@PolisRecreio\" \/>\n<meta name=\"twitter:label1\" content=\"Est. reading time\">\n\t<meta name=\"twitter:data1\" content=\"2 minutos\">\n<script type=\"application\/ld+json\" class=\"yoast-schema-graph\">{\"@context\":\"https:\/\/schema.org\",\"@graph\":[{\"@type\":\"WebSite\",\"@id\":\"https:\/\/www.polisrecreio.com.br\/site\/#website\",\"url\":\"https:\/\/www.polisrecreio.com.br\/site\/\",\"name\":\"P\\u00f3lis Recreio\",\"description\":\"\",\"potentialAction\":[{\"@type\":\"SearchAction\",\"target\":\"https:\/\/www.polisrecreio.com.br\/site\/?s={search_term_string}\",\"query-input\":\"required name=search_term_string\"}],\"inLanguage\":\"pt-BR\"},{\"@type\":\"ImageObject\",\"@id\":\"http:\/\/www.polisrecreio.com.br\/site\/2021\/01\/12\/butantan-informa-a-anvisa-que-eficacia-geral-da-coronavac-e-de-5038\/#primaryimage\",\"inLanguage\":\"pt-BR\",\"url\":\"https:\/\/www.polisrecreio.com.br\/site\/wp-content\/uploads\/2021\/01\/vacina.jpg\",\"width\":750,\"height\":500},{\"@type\":\"WebPage\",\"@id\":\"http:\/\/www.polisrecreio.com.br\/site\/2021\/01\/12\/butantan-informa-a-anvisa-que-eficacia-geral-da-coronavac-e-de-5038\/#webpage\",\"url\":\"http:\/\/www.polisrecreio.com.br\/site\/2021\/01\/12\/butantan-informa-a-anvisa-que-eficacia-geral-da-coronavac-e-de-5038\/\",\"name\":\"Butantan informa \\u00e0 Anvisa que efic\\u00e1cia geral da Coronavac \\u00e9 de 50,38% - P\\u00f3lis Recreio\",\"isPartOf\":{\"@id\":\"https:\/\/www.polisrecreio.com.br\/site\/#website\"},\"primaryImageOfPage\":{\"@id\":\"http:\/\/www.polisrecreio.com.br\/site\/2021\/01\/12\/butantan-informa-a-anvisa-que-eficacia-geral-da-coronavac-e-de-5038\/#primaryimage\"},\"datePublished\":\"2021-01-12T18:15:55+00:00\",\"dateModified\":\"2021-01-12T18:18:03+00:00\",\"author\":{\"@id\":\"https:\/\/www.polisrecreio.com.br\/site\/#\/schema\/person\/3363c1c78e1e28e1329d97adb387638e\"},\"inLanguage\":\"pt-BR\",\"potentialAction\":[{\"@type\":\"ReadAction\",\"target\":[\"http:\/\/www.polisrecreio.com.br\/site\/2021\/01\/12\/butantan-informa-a-anvisa-que-eficacia-geral-da-coronavac-e-de-5038\/\"]}]},{\"@type\":\"Person\",\"@id\":\"https:\/\/www.polisrecreio.com.br\/site\/#\/schema\/person\/3363c1c78e1e28e1329d97adb387638e\",\"name\":\"Leonardo Ribeiro\",\"image\":{\"@type\":\"ImageObject\",\"@id\":\"https:\/\/www.polisrecreio.com.br\/site\/#personlogo\",\"inLanguage\":\"pt-BR\",\"url\":\"https:\/\/secure.gravatar.com\/avatar\/6ba92a37d621e1a83e23710251178a12?s=96&d=mm&r=g\",\"caption\":\"Leonardo Ribeiro\"},\"sameAs\":[\"http:\/\/www.polisrecreio.com.br\"]}]}<\/script>\n<!-- \/ Yoast SEO plugin. -->","_links":{"self":[{"href":"https:\/\/www.polisrecreio.com.br\/site\/wp-json\/wp\/v2\/posts\/19515"}],"collection":[{"href":"https:\/\/www.polisrecreio.com.br\/site\/wp-json\/wp\/v2\/posts"}],"about":[{"href":"https:\/\/www.polisrecreio.com.br\/site\/wp-json\/wp\/v2\/types\/post"}],"author":[{"embeddable":true,"href":"https:\/\/www.polisrecreio.com.br\/site\/wp-json\/wp\/v2\/users\/3"}],"replies":[{"embeddable":true,"href":"https:\/\/www.polisrecreio.com.br\/site\/wp-json\/wp\/v2\/comments?post=19515"}],"version-history":[{"count":2,"href":"https:\/\/www.polisrecreio.com.br\/site\/wp-json\/wp\/v2\/posts\/19515\/revisions"}],"predecessor-version":[{"id":19518,"href":"https:\/\/www.polisrecreio.com.br\/site\/wp-json\/wp\/v2\/posts\/19515\/revisions\/19518"}],"wp:featuredmedia":[{"embeddable":true,"href":"https:\/\/www.polisrecreio.com.br\/site\/wp-json\/wp\/v2\/media\/19516"}],"wp:attachment":[{"href":"https:\/\/www.polisrecreio.com.br\/site\/wp-json\/wp\/v2\/media?parent=19515"}],"wp:term":[{"taxonomy":"category","embeddable":true,"href":"https:\/\/www.polisrecreio.com.br\/site\/wp-json\/wp\/v2\/categories?post=19515"},{"taxonomy":"post_tag","embeddable":true,"href":"https:\/\/www.polisrecreio.com.br\/site\/wp-json\/wp\/v2\/tags?post=19515"}],"curies":[{"name":"wp","href":"https:\/\/api.w.org\/{rel}","templated":true}]}}