{"id":19519,"date":"2021-01-12T16:43:22","date_gmt":"2021-01-12T19:43:22","guid":{"rendered":"http:\/\/www.polisrecreio.com.br\/site\/?p=19519"},"modified":"2021-01-12T16:43:22","modified_gmt":"2021-01-12T19:43:22","slug":"governo-de-mg-abre-vagas-para-profissionais-que-vao-atuar-na-vacinacao-contra-covid-19","status":"publish","type":"post","link":"https:\/\/www.polisrecreio.com.br\/site\/2021\/01\/12\/governo-de-mg-abre-vagas-para-profissionais-que-vao-atuar-na-vacinacao-contra-covid-19\/","title":{"rendered":"Governo de MG abre vagas para profissionais que v\u00e3o atuar na vacina\u00e7\u00e3o contra covid-19"},"content":{"rendered":"<p style=\"text-align: justify;\">O Governo de Minas Gerais abriu processo seletivo para contrata\u00e7\u00e3o de 79 profissionais que v\u00e3o participar do plano de vacina\u00e7\u00e3o contra a covid-19. S\u00e3o 32 vagas para n\u00edvel superior e 47 para n\u00edvel m\u00e9dio\/t\u00e9cnico.<\/p>\n<p><!--more--><\/p>\n<p><a href=\"http:\/\/www.polisrecreio.com.br\/site\/wp-content\/uploads\/2021\/01\/eficacia-da-vacina-coronavac.jpg\"><img loading=\"lazy\" class=\"aligncenter size-full wp-image-19520\" src=\"http:\/\/www.polisrecreio.com.br\/site\/wp-content\/uploads\/2021\/01\/eficacia-da-vacina-coronavac.jpg\" alt=\"\" width=\"750\" height=\"500\" srcset=\"https:\/\/www.polisrecreio.com.br\/site\/wp-content\/uploads\/2021\/01\/eficacia-da-vacina-coronavac.jpg 750w, https:\/\/www.polisrecreio.com.br\/site\/wp-content\/uploads\/2021\/01\/eficacia-da-vacina-coronavac-300x200.jpg 300w\" sizes=\"(max-width: 750px) 100vw, 750px\" \/><\/a><\/p>\n<p style=\"text-align: justify;\">A contrata\u00e7\u00e3o foi divulgada pouco depois do\u00a0Instituto Butantan divulgar a efic\u00e1cia geral da vacina\u00a0Coronavac em 50,38%. O \u00edndice de prote\u00e7\u00e3o do imunizante\u00a0contra casos graves \u00e9 de 100%.<\/p>\n<p style=\"text-align: justify;\">As \u00e1reas de forma\u00e7\u00e3o que v\u00e3o participar do plano de vacina\u00e7\u00e3o em Minas Gerais s\u00e3o enfermagem, farm\u00e1cia, biomedicina, ci\u00eancias biol\u00f3gicas, gestores de servi\u00e7os de sa\u00fade e patologia cl\u00ednica\/an\u00e1lises cl\u00ednicas.<\/p>\n<p style=\"text-align: justify;\">Os servidores v\u00e3o atuar em Belo Horizonte e em unidades regionais de sa\u00fade de Minas Gerais.<\/p>\n<p style=\"text-align: justify;\">As inscri\u00e7\u00f5es s\u00e3o gratuitas e poder\u00e3o ser feitas\u00a0<a href=\"http:\/\/saude.mg.gov.br\/processoseletivo\" target=\"_blank\" rel=\"noopener noreferrer\">no site<\/a>, das 8h de 18\/01 at\u00e9 as 17h de 29\/01.\u00a0A remunera\u00e7\u00e3o pode chegar a R$ 4.955,15.<\/p>\n<p style=\"text-align: justify;\">Os contratos tempor\u00e1rios ter\u00e3o vig\u00eancia de seis meses, podendo ser prorrogados enquanto o estado de calamidade p\u00fablica decorrente da pandemia estiver em vigor.<\/p>\n<p style=\"text-align: justify;\">Na semana passada, o estado\u00a0come\u00e7ou a distribui\u00e7\u00e3o das seringas\u00a0para os munic\u00edpios mineiros.<\/p>\n<p><em>Com informa\u00e7\u00f5es: G1 MG.<\/em><\/p>\n","protected":false},"excerpt":{"rendered":"<p>O Governo de Minas Gerais abriu processo seletivo para contrata\u00e7\u00e3o de 79 profissionais que v\u00e3o participar do plano de vacina\u00e7\u00e3o contra a covid-19. S\u00e3o 32 vagas para n\u00edvel superior e 47 para n\u00edvel m\u00e9dio\/t\u00e9cnico.<\/p>\n","protected":false},"author":3,"featured_media":19520,"comment_status":"open","ping_status":"open","sticky":false,"template":"","format":"standard","meta":[],"categories":[7],"tags":[],"yoast_head":"<!-- This site is optimized with the Yoast SEO plugin v15.6.2 - https:\/\/yoast.com\/wordpress\/plugins\/seo\/ -->\n<meta name=\"robots\" content=\"index, follow, max-snippet:-1, max-image-preview:large, max-video-preview:-1\" \/>\n<link rel=\"canonical\" href=\"https:\/\/www.polisrecreio.com.br\/site\/2021\/01\/12\/governo-de-mg-abre-vagas-para-profissionais-que-vao-atuar-na-vacinacao-contra-covid-19\/\" \/>\n<meta property=\"og:locale\" content=\"pt_BR\" \/>\n<meta property=\"og:type\" content=\"article\" \/>\n<meta property=\"og:title\" content=\"Governo de MG abre vagas para profissionais que v\u00e3o atuar na vacina\u00e7\u00e3o contra covid-19 - P\u00f3lis Recreio\" \/>\n<meta property=\"og:description\" content=\"O Governo de Minas Gerais abriu processo seletivo para contrata\u00e7\u00e3o de 79 profissionais que v\u00e3o participar do plano de vacina\u00e7\u00e3o contra a covid-19. S\u00e3o 32 vagas para n\u00edvel superior e 47 para n\u00edvel m\u00e9dio\/t\u00e9cnico.\" \/>\n<meta property=\"og:url\" content=\"https:\/\/www.polisrecreio.com.br\/site\/2021\/01\/12\/governo-de-mg-abre-vagas-para-profissionais-que-vao-atuar-na-vacinacao-contra-covid-19\/\" \/>\n<meta property=\"og:site_name\" content=\"P\u00f3lis Recreio\" \/>\n<meta property=\"article:publisher\" content=\"https:\/\/www.facebook.com\/Site-P%c3%b3lis-Recreio-MG-181941708571019\/\" \/>\n<meta property=\"article:published_time\" content=\"2021-01-12T19:43:22+00:00\" \/>\n<meta property=\"og:image\" content=\"https:\/\/www.polisrecreio.com.br\/site\/wp-content\/uploads\/2021\/01\/eficacia-da-vacina-coronavac.jpg\" \/>\n\t<meta property=\"og:image:width\" content=\"750\" \/>\n\t<meta property=\"og:image:height\" content=\"500\" \/>\n<meta name=\"twitter:card\" content=\"summary_large_image\" \/>\n<meta name=\"twitter:creator\" content=\"@PolisRecreio\" \/>\n<meta name=\"twitter:site\" content=\"@PolisRecreio\" \/>\n<meta name=\"twitter:label1\" content=\"Est. reading time\">\n\t<meta name=\"twitter:data1\" content=\"1 minuto\">\n<script type=\"application\/ld+json\" class=\"yoast-schema-graph\">{\"@context\":\"https:\/\/schema.org\",\"@graph\":[{\"@type\":\"WebSite\",\"@id\":\"https:\/\/www.polisrecreio.com.br\/site\/#website\",\"url\":\"https:\/\/www.polisrecreio.com.br\/site\/\",\"name\":\"P\\u00f3lis Recreio\",\"description\":\"\",\"potentialAction\":[{\"@type\":\"SearchAction\",\"target\":\"https:\/\/www.polisrecreio.com.br\/site\/?s={search_term_string}\",\"query-input\":\"required name=search_term_string\"}],\"inLanguage\":\"pt-BR\"},{\"@type\":\"ImageObject\",\"@id\":\"https:\/\/www.polisrecreio.com.br\/site\/2021\/01\/12\/governo-de-mg-abre-vagas-para-profissionais-que-vao-atuar-na-vacinacao-contra-covid-19\/#primaryimage\",\"inLanguage\":\"pt-BR\",\"url\":\"https:\/\/www.polisrecreio.com.br\/site\/wp-content\/uploads\/2021\/01\/eficacia-da-vacina-coronavac.jpg\",\"width\":750,\"height\":500},{\"@type\":\"WebPage\",\"@id\":\"https:\/\/www.polisrecreio.com.br\/site\/2021\/01\/12\/governo-de-mg-abre-vagas-para-profissionais-que-vao-atuar-na-vacinacao-contra-covid-19\/#webpage\",\"url\":\"https:\/\/www.polisrecreio.com.br\/site\/2021\/01\/12\/governo-de-mg-abre-vagas-para-profissionais-que-vao-atuar-na-vacinacao-contra-covid-19\/\",\"name\":\"Governo de MG abre vagas para profissionais que v\\u00e3o atuar na vacina\\u00e7\\u00e3o contra covid-19 - P\\u00f3lis Recreio\",\"isPartOf\":{\"@id\":\"https:\/\/www.polisrecreio.com.br\/site\/#website\"},\"primaryImageOfPage\":{\"@id\":\"https:\/\/www.polisrecreio.com.br\/site\/2021\/01\/12\/governo-de-mg-abre-vagas-para-profissionais-que-vao-atuar-na-vacinacao-contra-covid-19\/#primaryimage\"},\"datePublished\":\"2021-01-12T19:43:22+00:00\",\"dateModified\":\"2021-01-12T19:43:22+00:00\",\"author\":{\"@id\":\"https:\/\/www.polisrecreio.com.br\/site\/#\/schema\/person\/3363c1c78e1e28e1329d97adb387638e\"},\"inLanguage\":\"pt-BR\",\"potentialAction\":[{\"@type\":\"ReadAction\",\"target\":[\"https:\/\/www.polisrecreio.com.br\/site\/2021\/01\/12\/governo-de-mg-abre-vagas-para-profissionais-que-vao-atuar-na-vacinacao-contra-covid-19\/\"]}]},{\"@type\":\"Person\",\"@id\":\"https:\/\/www.polisrecreio.com.br\/site\/#\/schema\/person\/3363c1c78e1e28e1329d97adb387638e\",\"name\":\"Leonardo Ribeiro\",\"image\":{\"@type\":\"ImageObject\",\"@id\":\"https:\/\/www.polisrecreio.com.br\/site\/#personlogo\",\"inLanguage\":\"pt-BR\",\"url\":\"https:\/\/secure.gravatar.com\/avatar\/6ba92a37d621e1a83e23710251178a12?s=96&d=mm&r=g\",\"caption\":\"Leonardo Ribeiro\"},\"sameAs\":[\"http:\/\/www.polisrecreio.com.br\"]}]}<\/script>\n<!-- \/ Yoast SEO plugin. -->","_links":{"self":[{"href":"https:\/\/www.polisrecreio.com.br\/site\/wp-json\/wp\/v2\/posts\/19519"}],"collection":[{"href":"https:\/\/www.polisrecreio.com.br\/site\/wp-json\/wp\/v2\/posts"}],"about":[{"href":"https:\/\/www.polisrecreio.com.br\/site\/wp-json\/wp\/v2\/types\/post"}],"author":[{"embeddable":true,"href":"https:\/\/www.polisrecreio.com.br\/site\/wp-json\/wp\/v2\/users\/3"}],"replies":[{"embeddable":true,"href":"https:\/\/www.polisrecreio.com.br\/site\/wp-json\/wp\/v2\/comments?post=19519"}],"version-history":[{"count":1,"href":"https:\/\/www.polisrecreio.com.br\/site\/wp-json\/wp\/v2\/posts\/19519\/revisions"}],"predecessor-version":[{"id":19521,"href":"https:\/\/www.polisrecreio.com.br\/site\/wp-json\/wp\/v2\/posts\/19519\/revisions\/19521"}],"wp:featuredmedia":[{"embeddable":true,"href":"https:\/\/www.polisrecreio.com.br\/site\/wp-json\/wp\/v2\/media\/19520"}],"wp:attachment":[{"href":"https:\/\/www.polisrecreio.com.br\/site\/wp-json\/wp\/v2\/media?parent=19519"}],"wp:term":[{"taxonomy":"category","embeddable":true,"href":"https:\/\/www.polisrecreio.com.br\/site\/wp-json\/wp\/v2\/categories?post=19519"},{"taxonomy":"post_tag","embeddable":true,"href":"https:\/\/www.polisrecreio.com.br\/site\/wp-json\/wp\/v2\/tags?post=19519"}],"curies":[{"name":"wp","href":"https:\/\/api.w.org\/{rel}","templated":true}]}}