{"id":19920,"date":"2021-03-09T10:57:45","date_gmt":"2021-03-09T13:57:45","guid":{"rendered":"http:\/\/www.polisrecreio.com.br\/site\/?p=19920"},"modified":"2021-03-09T10:58:34","modified_gmt":"2021-03-09T13:58:34","slug":"camara-municipal-vota-na-proxima-quarta-feira-10-projetos-de-importancia-para-educacao","status":"publish","type":"post","link":"https:\/\/www.polisrecreio.com.br\/site\/2021\/03\/09\/camara-municipal-vota-na-proxima-quarta-feira-10-projetos-de-importancia-para-educacao\/","title":{"rendered":"C\u00e2mara Municipal vota na pr\u00f3xima quarta-feira (10) projetos de import\u00e2ncia para educa\u00e7\u00e3o"},"content":{"rendered":"<p style=\"text-align: justify;\">A C\u00e2mara Municipal de Recreio vota na pr\u00f3xima quarta-feira (10) dois projetos de lei de autoria do executivo de import\u00e2ncia para a educa\u00e7\u00e3o: Cria\u00e7\u00e3o do Conselho Municipal de Acompanhamento e Controle Social do FUNDEB, revogando a Lei 1.197\/2007 e a Cria\u00e7\u00e3o do Conselho Municipal de Educa\u00e7\u00e3o integrado ao Conselho do FUNDEB como C\u00e2mara, revogando a Lei 646\/1993.<\/p>\n<p><!--more--><\/p>\n<p><a href=\"http:\/\/www.polisrecreio.com.br\/site\/wp-content\/uploads\/2021\/03\/DSC_0034.jpg\"><img loading=\"lazy\" class=\"aligncenter size-full wp-image-19921\" src=\"http:\/\/www.polisrecreio.com.br\/site\/wp-content\/uploads\/2021\/03\/DSC_0034.jpg\" alt=\"\" width=\"750\" height=\"500\" srcset=\"https:\/\/www.polisrecreio.com.br\/site\/wp-content\/uploads\/2021\/03\/DSC_0034.jpg 650w, https:\/\/www.polisrecreio.com.br\/site\/wp-content\/uploads\/2021\/03\/DSC_0034-300x200.jpg 300w\" sizes=\"(max-width: 750px) 100vw, 750px\" \/><\/a><\/p>\n<p style=\"text-align: justify;\">Conforme as novas regras do FUNDEB, definidas na Lei Federal 14.113\/2020, estes conselhos dever\u00e3o ser reestruturados, revogando assim as antigas legisla\u00e7\u00f5es, ap\u00f3s aprova\u00e7\u00e3o dos vereadores. Por ser de \u00e2mbito federal, todos os munic\u00edpios brasileiros devem fazer este procedimento.<\/p>\n<p style=\"text-align: justify;\">O projeto entrou na pauta da C\u00e2mara Municipal de Recreio na \u00faltima segunda-feira (8), por\u00e9m foi retirado de discuss\u00e3o para melhor an\u00e1lise dos vereadores. O presidente Pororoca (PT) convocou a sess\u00e3o para vota\u00e7\u00e3o dos projetos para a quarta-feira (10), \u00e0s 19h.<\/p>\n<p style=\"text-align: justify;\">Segundo informa\u00e7\u00f5es, o atraso nesta vota\u00e7\u00e3o influencia n\u00e3o s\u00f3 na reformula\u00e7\u00e3o dos conselhos, mas tamb\u00e9m no planejamento do Plano de A\u00e7\u00f5es Articuladas \u201cPAR\u201d do Minist\u00e9rio da Educa\u00e7\u00e3o \u2013 4\u00ba ciclo \u2013 que prev\u00ea melhorias nas estruturas das escolas, constru\u00e7\u00f5es de escolas e creches, aquisi\u00e7\u00f5es de equipamentos, dentre outros. O prazo para cadastrar estes novos conselhos \u00e9 o fim de mar\u00e7o.<\/p>\n","protected":false},"excerpt":{"rendered":"<p>A C\u00e2mara Municipal de Recreio vota na pr\u00f3xima quarta-feira (10) dois projetos de lei de autoria do executivo de import\u00e2ncia para a educa\u00e7\u00e3o: Cria\u00e7\u00e3o do Conselho Municipal de Acompanhamento e Controle Social do FUNDEB, revogando a Lei 1.197\/2007 e a Cria\u00e7\u00e3o do Conselho Municipal de Educa\u00e7\u00e3o integrado ao Conselho do FUNDEB como C\u00e2mara, revogando a [&hellip;]<\/p>\n","protected":false},"author":3,"featured_media":19921,"comment_status":"open","ping_status":"open","sticky":false,"template":"","format":"standard","meta":[],"categories":[6],"tags":[],"yoast_head":"<!-- This site is optimized with the Yoast SEO plugin v15.6.2 - https:\/\/yoast.com\/wordpress\/plugins\/seo\/ -->\n<meta name=\"robots\" content=\"index, follow, max-snippet:-1, max-image-preview:large, max-video-preview:-1\" \/>\n<link rel=\"canonical\" href=\"http:\/\/www.polisrecreio.com.br\/site\/2021\/03\/09\/camara-municipal-vota-na-proxima-quarta-feira-10-projetos-de-importancia-para-educacao\/\" \/>\n<meta property=\"og:locale\" content=\"pt_BR\" \/>\n<meta property=\"og:type\" content=\"article\" \/>\n<meta property=\"og:title\" content=\"C\u00e2mara Municipal vota na pr\u00f3xima quarta-feira (10) projetos de import\u00e2ncia para educa\u00e7\u00e3o - P\u00f3lis Recreio\" \/>\n<meta property=\"og:description\" content=\"A C\u00e2mara Municipal de Recreio vota na pr\u00f3xima quarta-feira (10) dois projetos de lei de autoria do executivo de import\u00e2ncia para a educa\u00e7\u00e3o: Cria\u00e7\u00e3o do Conselho Municipal de Acompanhamento e Controle Social do FUNDEB, revogando a Lei 1.197\/2007 e a Cria\u00e7\u00e3o do Conselho Municipal de Educa\u00e7\u00e3o integrado ao Conselho do FUNDEB como C\u00e2mara, revogando a [&hellip;]\" \/>\n<meta property=\"og:url\" content=\"http:\/\/www.polisrecreio.com.br\/site\/2021\/03\/09\/camara-municipal-vota-na-proxima-quarta-feira-10-projetos-de-importancia-para-educacao\/\" \/>\n<meta property=\"og:site_name\" content=\"P\u00f3lis Recreio\" \/>\n<meta property=\"article:publisher\" content=\"https:\/\/www.facebook.com\/Site-P%c3%b3lis-Recreio-MG-181941708571019\/\" \/>\n<meta property=\"article:published_time\" content=\"2021-03-09T13:57:45+00:00\" \/>\n<meta property=\"article:modified_time\" content=\"2021-03-09T13:58:34+00:00\" \/>\n<meta property=\"og:image\" content=\"https:\/\/www.polisrecreio.com.br\/site\/wp-content\/uploads\/2021\/03\/DSC_0034.jpg\" \/>\n\t<meta property=\"og:image:width\" content=\"650\" \/>\n\t<meta property=\"og:image:height\" content=\"433\" \/>\n<meta name=\"twitter:card\" content=\"summary_large_image\" \/>\n<meta name=\"twitter:creator\" content=\"@PolisRecreio\" \/>\n<meta name=\"twitter:site\" content=\"@PolisRecreio\" \/>\n<meta name=\"twitter:label1\" content=\"Est. reading time\">\n\t<meta name=\"twitter:data1\" content=\"2 minutos\">\n<script type=\"application\/ld+json\" class=\"yoast-schema-graph\">{\"@context\":\"https:\/\/schema.org\",\"@graph\":[{\"@type\":\"WebSite\",\"@id\":\"https:\/\/www.polisrecreio.com.br\/site\/#website\",\"url\":\"https:\/\/www.polisrecreio.com.br\/site\/\",\"name\":\"P\\u00f3lis Recreio\",\"description\":\"\",\"potentialAction\":[{\"@type\":\"SearchAction\",\"target\":\"https:\/\/www.polisrecreio.com.br\/site\/?s={search_term_string}\",\"query-input\":\"required name=search_term_string\"}],\"inLanguage\":\"pt-BR\"},{\"@type\":\"ImageObject\",\"@id\":\"http:\/\/www.polisrecreio.com.br\/site\/2021\/03\/09\/camara-municipal-vota-na-proxima-quarta-feira-10-projetos-de-importancia-para-educacao\/#primaryimage\",\"inLanguage\":\"pt-BR\",\"url\":\"https:\/\/www.polisrecreio.com.br\/site\/wp-content\/uploads\/2021\/03\/DSC_0034.jpg\",\"width\":650,\"height\":433},{\"@type\":\"WebPage\",\"@id\":\"http:\/\/www.polisrecreio.com.br\/site\/2021\/03\/09\/camara-municipal-vota-na-proxima-quarta-feira-10-projetos-de-importancia-para-educacao\/#webpage\",\"url\":\"http:\/\/www.polisrecreio.com.br\/site\/2021\/03\/09\/camara-municipal-vota-na-proxima-quarta-feira-10-projetos-de-importancia-para-educacao\/\",\"name\":\"C\\u00e2mara Municipal vota na pr\\u00f3xima quarta-feira (10) projetos de import\\u00e2ncia para educa\\u00e7\\u00e3o - P\\u00f3lis Recreio\",\"isPartOf\":{\"@id\":\"https:\/\/www.polisrecreio.com.br\/site\/#website\"},\"primaryImageOfPage\":{\"@id\":\"http:\/\/www.polisrecreio.com.br\/site\/2021\/03\/09\/camara-municipal-vota-na-proxima-quarta-feira-10-projetos-de-importancia-para-educacao\/#primaryimage\"},\"datePublished\":\"2021-03-09T13:57:45+00:00\",\"dateModified\":\"2021-03-09T13:58:34+00:00\",\"author\":{\"@id\":\"https:\/\/www.polisrecreio.com.br\/site\/#\/schema\/person\/3363c1c78e1e28e1329d97adb387638e\"},\"inLanguage\":\"pt-BR\",\"potentialAction\":[{\"@type\":\"ReadAction\",\"target\":[\"http:\/\/www.polisrecreio.com.br\/site\/2021\/03\/09\/camara-municipal-vota-na-proxima-quarta-feira-10-projetos-de-importancia-para-educacao\/\"]}]},{\"@type\":\"Person\",\"@id\":\"https:\/\/www.polisrecreio.com.br\/site\/#\/schema\/person\/3363c1c78e1e28e1329d97adb387638e\",\"name\":\"Leonardo Ribeiro\",\"image\":{\"@type\":\"ImageObject\",\"@id\":\"https:\/\/www.polisrecreio.com.br\/site\/#personlogo\",\"inLanguage\":\"pt-BR\",\"url\":\"https:\/\/secure.gravatar.com\/avatar\/6ba92a37d621e1a83e23710251178a12?s=96&d=mm&r=g\",\"caption\":\"Leonardo Ribeiro\"},\"sameAs\":[\"http:\/\/www.polisrecreio.com.br\"]}]}<\/script>\n<!-- \/ Yoast SEO plugin. -->","_links":{"self":[{"href":"https:\/\/www.polisrecreio.com.br\/site\/wp-json\/wp\/v2\/posts\/19920"}],"collection":[{"href":"https:\/\/www.polisrecreio.com.br\/site\/wp-json\/wp\/v2\/posts"}],"about":[{"href":"https:\/\/www.polisrecreio.com.br\/site\/wp-json\/wp\/v2\/types\/post"}],"author":[{"embeddable":true,"href":"https:\/\/www.polisrecreio.com.br\/site\/wp-json\/wp\/v2\/users\/3"}],"replies":[{"embeddable":true,"href":"https:\/\/www.polisrecreio.com.br\/site\/wp-json\/wp\/v2\/comments?post=19920"}],"version-history":[{"count":2,"href":"https:\/\/www.polisrecreio.com.br\/site\/wp-json\/wp\/v2\/posts\/19920\/revisions"}],"predecessor-version":[{"id":19923,"href":"https:\/\/www.polisrecreio.com.br\/site\/wp-json\/wp\/v2\/posts\/19920\/revisions\/19923"}],"wp:featuredmedia":[{"embeddable":true,"href":"https:\/\/www.polisrecreio.com.br\/site\/wp-json\/wp\/v2\/media\/19921"}],"wp:attachment":[{"href":"https:\/\/www.polisrecreio.com.br\/site\/wp-json\/wp\/v2\/media?parent=19920"}],"wp:term":[{"taxonomy":"category","embeddable":true,"href":"https:\/\/www.polisrecreio.com.br\/site\/wp-json\/wp\/v2\/categories?post=19920"},{"taxonomy":"post_tag","embeddable":true,"href":"https:\/\/www.polisrecreio.com.br\/site\/wp-json\/wp\/v2\/tags?post=19920"}],"curies":[{"name":"wp","href":"https:\/\/api.w.org\/{rel}","templated":true}]}}