{"id":19941,"date":"2021-03-11T20:26:31","date_gmt":"2021-03-11T23:26:31","guid":{"rendered":"http:\/\/www.polisrecreio.com.br\/site\/?p=19941"},"modified":"2021-03-11T20:26:31","modified_gmt":"2021-03-11T23:26:31","slug":"e-e-pres-carlos-luz-entrega-apostilas-de-2021-nesta-sexta-feira-12","status":"publish","type":"post","link":"https:\/\/www.polisrecreio.com.br\/site\/2021\/03\/11\/e-e-pres-carlos-luz-entrega-apostilas-de-2021-nesta-sexta-feira-12\/","title":{"rendered":"E.E. Pres. Carlos Luz entrega apostilas de 2021 nesta sexta-feira (12)"},"content":{"rendered":"<p style=\"text-align: justify;\">A E.E. Presidente Carlos Luz, do distrito de Concei\u00e7\u00e3o da Boa Vista, vai entregar as primeiras apostilas (Plano de Estudos Tutorados) do ano letivo de 2021 nesta sexta-feira (12). Para evitar aglomera\u00e7\u00f5es a dire\u00e7\u00e3o montou um cronograma, cada turma dever\u00e1 buscar em um hor\u00e1rio.<\/p>\n<p><!--more--><\/p>\n<figure id=\"attachment_13422\" aria-describedby=\"caption-attachment-13422\" style=\"width: 750px\" class=\"wp-caption aligncenter\"><a href=\"http:\/\/www.polisrecreio.com.br\/site\/wp-content\/uploads\/2019\/03\/DSC_0308.jpg\"><img loading=\"lazy\" class=\"size-full wp-image-13422\" src=\"http:\/\/www.polisrecreio.com.br\/site\/wp-content\/uploads\/2019\/03\/DSC_0308.jpg\" alt=\"\" width=\"750\" height=\"500\" srcset=\"https:\/\/www.polisrecreio.com.br\/site\/wp-content\/uploads\/2019\/03\/DSC_0308.jpg 750w, https:\/\/www.polisrecreio.com.br\/site\/wp-content\/uploads\/2019\/03\/DSC_0308-300x200.jpg 300w\" sizes=\"(max-width: 750px) 100vw, 750px\" \/><\/a><figcaption id=\"caption-attachment-13422\" class=\"wp-caption-text\">E.E Presidente Carlos Luz.<\/figcaption><\/figure>\n<p style=\"text-align: justify;\">Confira o cronograma:<\/p>\n<p>Ensino Fundamental I<\/p>\n<ul>\n<li style=\"text-align: justify;\">1\u00ba ano \u2013 11h \u00e0s 11:30h;<\/li>\n<li style=\"text-align: justify;\">2\u00ba ano \u2013 11:30h \u00e0s 12h;<\/li>\n<li style=\"text-align: justify;\">3\u00ba ano \u2013 12h \u00e0s 12:30h;<\/li>\n<li style=\"text-align: justify;\">4\u00ba ano \u2013 12:30h \u00e0s 13h;<\/li>\n<li style=\"text-align: justify;\">5\u00ba ano \u2013 13h \u00e0s 13:30h;<\/li>\n<\/ul>\n<p style=\"text-align: justify;\">Ensino Fundamental II<\/p>\n<ul>\n<li style=\"text-align: justify;\">6\u00ba ano \u2013 13:30h \u00e0s 14h;<\/li>\n<li style=\"text-align: justify;\">7\u00ba ano \u2013 14h \u00e0s 14:30h;<\/li>\n<li style=\"text-align: justify;\">8\u00ba ano \u2013 14:30h \u00e0s 15h;<\/li>\n<li style=\"text-align: justify;\">9\u00ba ano \u2013 15h \u00e0s 15:30h.<\/li>\n<\/ul>\n<p style=\"text-align: justify;\">Segundo o diretor, V\u00edtor do Bem, todas as normas de preven\u00e7\u00e3o ao covid-19 ser\u00e3o seguidas.<\/p>\n<p style=\"text-align: justify;\">O ano letivo de 2021 nas escolas estaduais continua como foi encerrado o ano anterior, com atividades n\u00e3o presenciais.<\/p>\n","protected":false},"excerpt":{"rendered":"<p>A E.E. Presidente Carlos Luz, do distrito de Concei\u00e7\u00e3o da Boa Vista, vai entregar as primeiras apostilas (Plano de Estudos Tutorados) do ano letivo de 2021 nesta sexta-feira (12). Para evitar aglomera\u00e7\u00f5es a dire\u00e7\u00e3o montou um cronograma, cada turma dever\u00e1 buscar em um hor\u00e1rio.<\/p>\n","protected":false},"author":3,"featured_media":0,"comment_status":"open","ping_status":"open","sticky":false,"template":"","format":"standard","meta":[],"categories":[9],"tags":[],"yoast_head":"<!-- This site is optimized with the Yoast SEO plugin v15.6.2 - https:\/\/yoast.com\/wordpress\/plugins\/seo\/ -->\n<meta name=\"robots\" content=\"index, follow, max-snippet:-1, max-image-preview:large, max-video-preview:-1\" \/>\n<link rel=\"canonical\" href=\"https:\/\/www.polisrecreio.com.br\/site\/2021\/03\/11\/e-e-pres-carlos-luz-entrega-apostilas-de-2021-nesta-sexta-feira-12\/\" \/>\n<meta property=\"og:locale\" content=\"pt_BR\" \/>\n<meta property=\"og:type\" content=\"article\" \/>\n<meta property=\"og:title\" content=\"E.E. Pres. Carlos Luz entrega apostilas de 2021 nesta sexta-feira (12) - P\u00f3lis Recreio\" \/>\n<meta property=\"og:description\" content=\"A E.E. Presidente Carlos Luz, do distrito de Concei\u00e7\u00e3o da Boa Vista, vai entregar as primeiras apostilas (Plano de Estudos Tutorados) do ano letivo de 2021 nesta sexta-feira (12). Para evitar aglomera\u00e7\u00f5es a dire\u00e7\u00e3o montou um cronograma, cada turma dever\u00e1 buscar em um hor\u00e1rio.\" \/>\n<meta property=\"og:url\" content=\"https:\/\/www.polisrecreio.com.br\/site\/2021\/03\/11\/e-e-pres-carlos-luz-entrega-apostilas-de-2021-nesta-sexta-feira-12\/\" \/>\n<meta property=\"og:site_name\" content=\"P\u00f3lis Recreio\" \/>\n<meta property=\"article:publisher\" content=\"https:\/\/www.facebook.com\/Site-P%c3%b3lis-Recreio-MG-181941708571019\/\" \/>\n<meta property=\"article:published_time\" content=\"2021-03-11T23:26:31+00:00\" \/>\n<meta property=\"og:image\" content=\"http:\/\/www.polisrecreio.com.br\/site\/wp-content\/uploads\/2019\/03\/DSC_0308.jpg\" \/>\n<meta name=\"twitter:card\" content=\"summary_large_image\" \/>\n<meta name=\"twitter:creator\" content=\"@PolisRecreio\" \/>\n<meta name=\"twitter:site\" content=\"@PolisRecreio\" \/>\n<meta name=\"twitter:label1\" content=\"Est. reading time\">\n\t<meta name=\"twitter:data1\" content=\"1 minuto\">\n<script type=\"application\/ld+json\" class=\"yoast-schema-graph\">{\"@context\":\"https:\/\/schema.org\",\"@graph\":[{\"@type\":\"WebSite\",\"@id\":\"https:\/\/www.polisrecreio.com.br\/site\/#website\",\"url\":\"https:\/\/www.polisrecreio.com.br\/site\/\",\"name\":\"P\\u00f3lis Recreio\",\"description\":\"\",\"potentialAction\":[{\"@type\":\"SearchAction\",\"target\":\"https:\/\/www.polisrecreio.com.br\/site\/?s={search_term_string}\",\"query-input\":\"required name=search_term_string\"}],\"inLanguage\":\"pt-BR\"},{\"@type\":\"ImageObject\",\"@id\":\"https:\/\/www.polisrecreio.com.br\/site\/2021\/03\/11\/e-e-pres-carlos-luz-entrega-apostilas-de-2021-nesta-sexta-feira-12\/#primaryimage\",\"inLanguage\":\"pt-BR\",\"url\":\"http:\/\/www.polisrecreio.com.br\/site\/wp-content\/uploads\/2019\/03\/DSC_0308.jpg\"},{\"@type\":\"WebPage\",\"@id\":\"https:\/\/www.polisrecreio.com.br\/site\/2021\/03\/11\/e-e-pres-carlos-luz-entrega-apostilas-de-2021-nesta-sexta-feira-12\/#webpage\",\"url\":\"https:\/\/www.polisrecreio.com.br\/site\/2021\/03\/11\/e-e-pres-carlos-luz-entrega-apostilas-de-2021-nesta-sexta-feira-12\/\",\"name\":\"E.E. Pres. Carlos Luz entrega apostilas de 2021 nesta sexta-feira (12) - P\\u00f3lis Recreio\",\"isPartOf\":{\"@id\":\"https:\/\/www.polisrecreio.com.br\/site\/#website\"},\"primaryImageOfPage\":{\"@id\":\"https:\/\/www.polisrecreio.com.br\/site\/2021\/03\/11\/e-e-pres-carlos-luz-entrega-apostilas-de-2021-nesta-sexta-feira-12\/#primaryimage\"},\"datePublished\":\"2021-03-11T23:26:31+00:00\",\"dateModified\":\"2021-03-11T23:26:31+00:00\",\"author\":{\"@id\":\"https:\/\/www.polisrecreio.com.br\/site\/#\/schema\/person\/3363c1c78e1e28e1329d97adb387638e\"},\"inLanguage\":\"pt-BR\",\"potentialAction\":[{\"@type\":\"ReadAction\",\"target\":[\"https:\/\/www.polisrecreio.com.br\/site\/2021\/03\/11\/e-e-pres-carlos-luz-entrega-apostilas-de-2021-nesta-sexta-feira-12\/\"]}]},{\"@type\":\"Person\",\"@id\":\"https:\/\/www.polisrecreio.com.br\/site\/#\/schema\/person\/3363c1c78e1e28e1329d97adb387638e\",\"name\":\"Leonardo Ribeiro\",\"image\":{\"@type\":\"ImageObject\",\"@id\":\"https:\/\/www.polisrecreio.com.br\/site\/#personlogo\",\"inLanguage\":\"pt-BR\",\"url\":\"https:\/\/secure.gravatar.com\/avatar\/6ba92a37d621e1a83e23710251178a12?s=96&d=mm&r=g\",\"caption\":\"Leonardo Ribeiro\"},\"sameAs\":[\"http:\/\/www.polisrecreio.com.br\"]}]}<\/script>\n<!-- \/ Yoast SEO plugin. -->","_links":{"self":[{"href":"https:\/\/www.polisrecreio.com.br\/site\/wp-json\/wp\/v2\/posts\/19941"}],"collection":[{"href":"https:\/\/www.polisrecreio.com.br\/site\/wp-json\/wp\/v2\/posts"}],"about":[{"href":"https:\/\/www.polisrecreio.com.br\/site\/wp-json\/wp\/v2\/types\/post"}],"author":[{"embeddable":true,"href":"https:\/\/www.polisrecreio.com.br\/site\/wp-json\/wp\/v2\/users\/3"}],"replies":[{"embeddable":true,"href":"https:\/\/www.polisrecreio.com.br\/site\/wp-json\/wp\/v2\/comments?post=19941"}],"version-history":[{"count":1,"href":"https:\/\/www.polisrecreio.com.br\/site\/wp-json\/wp\/v2\/posts\/19941\/revisions"}],"predecessor-version":[{"id":19942,"href":"https:\/\/www.polisrecreio.com.br\/site\/wp-json\/wp\/v2\/posts\/19941\/revisions\/19942"}],"wp:attachment":[{"href":"https:\/\/www.polisrecreio.com.br\/site\/wp-json\/wp\/v2\/media?parent=19941"}],"wp:term":[{"taxonomy":"category","embeddable":true,"href":"https:\/\/www.polisrecreio.com.br\/site\/wp-json\/wp\/v2\/categories?post=19941"},{"taxonomy":"post_tag","embeddable":true,"href":"https:\/\/www.polisrecreio.com.br\/site\/wp-json\/wp\/v2\/tags?post=19941"}],"curies":[{"name":"wp","href":"https:\/\/api.w.org\/{rel}","templated":true}]}}