{"id":19960,"date":"2021-03-15T14:39:48","date_gmt":"2021-03-15T17:39:48","guid":{"rendered":"http:\/\/www.polisrecreio.com.br\/site\/?p=19960"},"modified":"2021-03-15T14:57:06","modified_gmt":"2021-03-15T17:57:06","slug":"familia-procura-por-jovem-de-conceicao-da-boa-vista-desaparecido-desde-sexta-feira-12","status":"publish","type":"post","link":"https:\/\/www.polisrecreio.com.br\/site\/2021\/03\/15\/familia-procura-por-jovem-de-conceicao-da-boa-vista-desaparecido-desde-sexta-feira-12\/","title":{"rendered":"Fam\u00edlia procura por jovem de Concei\u00e7\u00e3o da Boa Vista desaparecido desde sexta-feira (12)"},"content":{"rendered":"<p style=\"text-align: justify;\">Desde sexta-feira (12) o jovem, Felipe Louren\u00e7o Eleut\u00e9rio, de Concei\u00e7\u00e3o da Boa Vista est\u00e1 desaparecido. Antes de desaparecer, <a href=\"https:\/\/www.facebook.com\/felipe.lourenco.965928\/videos\/202274808337838\" target=\"_blank\" rel=\"noopener noreferrer\">Felipe postou um v\u00eddeo em rede social<\/a>. As autoridades policiais e a \u00e1rea de assist\u00eancia social de Recreio j\u00e1 tem conhecimento do caso.<\/p>\n<p><!--more--><\/p>\n<p><a href=\"http:\/\/www.polisrecreio.com.br\/site\/wp-content\/uploads\/2021\/03\/944d7b31-f854-4bf8-8899-81cabefa2e98.jpg\"><img loading=\"lazy\" class=\"aligncenter size-full wp-image-19961\" src=\"http:\/\/www.polisrecreio.com.br\/site\/wp-content\/uploads\/2021\/03\/944d7b31-f854-4bf8-8899-81cabefa2e98.jpg\" alt=\"\" width=\"750\" height=\"498\" srcset=\"https:\/\/www.polisrecreio.com.br\/site\/wp-content\/uploads\/2021\/03\/944d7b31-f854-4bf8-8899-81cabefa2e98.jpg 650w, https:\/\/www.polisrecreio.com.br\/site\/wp-content\/uploads\/2021\/03\/944d7b31-f854-4bf8-8899-81cabefa2e98-300x199.jpg 300w\" sizes=\"(max-width: 750px) 100vw, 750px\" \/><\/a><\/p>\n<p style=\"text-align: justify;\">O jovem de 25 anos desapareceu na regi\u00e3o da Fazenda Belmonte. \u201cFelipe sofre de depress\u00e3o e ataque epil\u00e9tico convulsivo. Ele deve estar este tempo todo sem tomar medicamentos. A nossa fam\u00edlia est\u00e1 desesperada\u201d, disse a sua tia, Elminha Jovita Louren\u00e7o, que reside no Conjunto Habitacional Jos\u00e9 Joaquim Coelho, em Concei\u00e7\u00e3o da Boa Vista.<\/p>\n<p style=\"text-align: justify;\">Conversamos com sargento Marcus Vin\u00edcius Geraldo, do destacamento da PM, ele disse que orientou a fam\u00edlia a fazer um Boletim de Ocorr\u00eancia para ser encaminhado ao Corpo de Bombeiros para que a equipe de busca seja acionada.<\/p>\n<p style=\"text-align: justify;\">A equipe da \u00e1rea de assist\u00eancia social de Recreio tamb\u00e9m est\u00e1 ajudando. No momento que est\u00e1vamos fechando a mat\u00e9ria o secret\u00e1rio de Desenvolvimento Social, Marcelo Andrade, e o coordenador do CRAS, Roberto Sabbadini, informaram que estavam indo com a tia do jovem para registrar o BO e acionar o Corpo de Bombeiros.<\/p>\n<p style=\"text-align: justify;\">Quem tiver alguma informa\u00e7\u00e3o sobre Felipe Louren\u00e7o Eleut\u00e9rio pode entrar em contato pelos telefones: (32) 9.9937-1870, Elminha; (32) 9.9970-2399, Pol\u00edcia Militar; ou (32) 3444-2585, CRAS de Recreio.<\/p>\n","protected":false},"excerpt":{"rendered":"<p>Desde sexta-feira (12) o jovem, Felipe Louren\u00e7o Eleut\u00e9rio, de Concei\u00e7\u00e3o da Boa Vista est\u00e1 desaparecido. Antes de desaparecer, Felipe postou um v\u00eddeo em rede social. As autoridades policiais e a \u00e1rea de assist\u00eancia social de Recreio j\u00e1 tem conhecimento do caso.<\/p>\n","protected":false},"author":3,"featured_media":19961,"comment_status":"open","ping_status":"open","sticky":false,"template":"","format":"standard","meta":[],"categories":[12],"tags":[],"yoast_head":"<!-- This site is optimized with the Yoast SEO plugin v15.6.2 - https:\/\/yoast.com\/wordpress\/plugins\/seo\/ -->\n<meta name=\"robots\" content=\"index, follow, max-snippet:-1, max-image-preview:large, max-video-preview:-1\" \/>\n<link rel=\"canonical\" href=\"http:\/\/www.polisrecreio.com.br\/site\/2021\/03\/15\/familia-procura-por-jovem-de-conceicao-da-boa-vista-desaparecido-desde-sexta-feira-12\/\" \/>\n<meta property=\"og:locale\" content=\"pt_BR\" \/>\n<meta property=\"og:type\" content=\"article\" \/>\n<meta property=\"og:title\" content=\"Fam\u00edlia procura por jovem de Concei\u00e7\u00e3o da Boa Vista desaparecido desde sexta-feira (12) - P\u00f3lis Recreio\" \/>\n<meta property=\"og:description\" content=\"Desde sexta-feira (12) o jovem, Felipe Louren\u00e7o Eleut\u00e9rio, de Concei\u00e7\u00e3o da Boa Vista est\u00e1 desaparecido. Antes de desaparecer, Felipe postou um v\u00eddeo em rede social. As autoridades policiais e a \u00e1rea de assist\u00eancia social de Recreio j\u00e1 tem conhecimento do caso.\" \/>\n<meta property=\"og:url\" content=\"http:\/\/www.polisrecreio.com.br\/site\/2021\/03\/15\/familia-procura-por-jovem-de-conceicao-da-boa-vista-desaparecido-desde-sexta-feira-12\/\" \/>\n<meta property=\"og:site_name\" content=\"P\u00f3lis Recreio\" \/>\n<meta property=\"article:publisher\" content=\"https:\/\/www.facebook.com\/Site-P%c3%b3lis-Recreio-MG-181941708571019\/\" \/>\n<meta property=\"article:published_time\" content=\"2021-03-15T17:39:48+00:00\" \/>\n<meta property=\"article:modified_time\" content=\"2021-03-15T17:57:06+00:00\" \/>\n<meta property=\"og:image\" content=\"https:\/\/www.polisrecreio.com.br\/site\/wp-content\/uploads\/2021\/03\/944d7b31-f854-4bf8-8899-81cabefa2e98.jpg\" \/>\n\t<meta property=\"og:image:width\" content=\"650\" \/>\n\t<meta property=\"og:image:height\" content=\"432\" \/>\n<meta name=\"twitter:card\" content=\"summary_large_image\" \/>\n<meta name=\"twitter:creator\" content=\"@PolisRecreio\" \/>\n<meta name=\"twitter:site\" content=\"@PolisRecreio\" \/>\n<meta name=\"twitter:label1\" content=\"Est. reading time\">\n\t<meta name=\"twitter:data1\" content=\"2 minutos\">\n<script type=\"application\/ld+json\" class=\"yoast-schema-graph\">{\"@context\":\"https:\/\/schema.org\",\"@graph\":[{\"@type\":\"WebSite\",\"@id\":\"https:\/\/www.polisrecreio.com.br\/site\/#website\",\"url\":\"https:\/\/www.polisrecreio.com.br\/site\/\",\"name\":\"P\\u00f3lis Recreio\",\"description\":\"\",\"potentialAction\":[{\"@type\":\"SearchAction\",\"target\":\"https:\/\/www.polisrecreio.com.br\/site\/?s={search_term_string}\",\"query-input\":\"required name=search_term_string\"}],\"inLanguage\":\"pt-BR\"},{\"@type\":\"ImageObject\",\"@id\":\"http:\/\/www.polisrecreio.com.br\/site\/2021\/03\/15\/familia-procura-por-jovem-de-conceicao-da-boa-vista-desaparecido-desde-sexta-feira-12\/#primaryimage\",\"inLanguage\":\"pt-BR\",\"url\":\"https:\/\/www.polisrecreio.com.br\/site\/wp-content\/uploads\/2021\/03\/944d7b31-f854-4bf8-8899-81cabefa2e98.jpg\",\"width\":650,\"height\":432},{\"@type\":\"WebPage\",\"@id\":\"http:\/\/www.polisrecreio.com.br\/site\/2021\/03\/15\/familia-procura-por-jovem-de-conceicao-da-boa-vista-desaparecido-desde-sexta-feira-12\/#webpage\",\"url\":\"http:\/\/www.polisrecreio.com.br\/site\/2021\/03\/15\/familia-procura-por-jovem-de-conceicao-da-boa-vista-desaparecido-desde-sexta-feira-12\/\",\"name\":\"Fam\\u00edlia procura por jovem de Concei\\u00e7\\u00e3o da Boa Vista desaparecido desde sexta-feira (12) - P\\u00f3lis Recreio\",\"isPartOf\":{\"@id\":\"https:\/\/www.polisrecreio.com.br\/site\/#website\"},\"primaryImageOfPage\":{\"@id\":\"http:\/\/www.polisrecreio.com.br\/site\/2021\/03\/15\/familia-procura-por-jovem-de-conceicao-da-boa-vista-desaparecido-desde-sexta-feira-12\/#primaryimage\"},\"datePublished\":\"2021-03-15T17:39:48+00:00\",\"dateModified\":\"2021-03-15T17:57:06+00:00\",\"author\":{\"@id\":\"https:\/\/www.polisrecreio.com.br\/site\/#\/schema\/person\/3363c1c78e1e28e1329d97adb387638e\"},\"inLanguage\":\"pt-BR\",\"potentialAction\":[{\"@type\":\"ReadAction\",\"target\":[\"http:\/\/www.polisrecreio.com.br\/site\/2021\/03\/15\/familia-procura-por-jovem-de-conceicao-da-boa-vista-desaparecido-desde-sexta-feira-12\/\"]}]},{\"@type\":\"Person\",\"@id\":\"https:\/\/www.polisrecreio.com.br\/site\/#\/schema\/person\/3363c1c78e1e28e1329d97adb387638e\",\"name\":\"Leonardo Ribeiro\",\"image\":{\"@type\":\"ImageObject\",\"@id\":\"https:\/\/www.polisrecreio.com.br\/site\/#personlogo\",\"inLanguage\":\"pt-BR\",\"url\":\"https:\/\/secure.gravatar.com\/avatar\/6ba92a37d621e1a83e23710251178a12?s=96&d=mm&r=g\",\"caption\":\"Leonardo Ribeiro\"},\"sameAs\":[\"http:\/\/www.polisrecreio.com.br\"]}]}<\/script>\n<!-- \/ Yoast SEO plugin. -->","_links":{"self":[{"href":"https:\/\/www.polisrecreio.com.br\/site\/wp-json\/wp\/v2\/posts\/19960"}],"collection":[{"href":"https:\/\/www.polisrecreio.com.br\/site\/wp-json\/wp\/v2\/posts"}],"about":[{"href":"https:\/\/www.polisrecreio.com.br\/site\/wp-json\/wp\/v2\/types\/post"}],"author":[{"embeddable":true,"href":"https:\/\/www.polisrecreio.com.br\/site\/wp-json\/wp\/v2\/users\/3"}],"replies":[{"embeddable":true,"href":"https:\/\/www.polisrecreio.com.br\/site\/wp-json\/wp\/v2\/comments?post=19960"}],"version-history":[{"count":6,"href":"https:\/\/www.polisrecreio.com.br\/site\/wp-json\/wp\/v2\/posts\/19960\/revisions"}],"predecessor-version":[{"id":19967,"href":"https:\/\/www.polisrecreio.com.br\/site\/wp-json\/wp\/v2\/posts\/19960\/revisions\/19967"}],"wp:featuredmedia":[{"embeddable":true,"href":"https:\/\/www.polisrecreio.com.br\/site\/wp-json\/wp\/v2\/media\/19961"}],"wp:attachment":[{"href":"https:\/\/www.polisrecreio.com.br\/site\/wp-json\/wp\/v2\/media?parent=19960"}],"wp:term":[{"taxonomy":"category","embeddable":true,"href":"https:\/\/www.polisrecreio.com.br\/site\/wp-json\/wp\/v2\/categories?post=19960"},{"taxonomy":"post_tag","embeddable":true,"href":"https:\/\/www.polisrecreio.com.br\/site\/wp-json\/wp\/v2\/tags?post=19960"}],"curies":[{"name":"wp","href":"https:\/\/api.w.org\/{rel}","templated":true}]}}