{"id":19968,"date":"2021-03-15T20:26:34","date_gmt":"2021-03-15T23:26:34","guid":{"rendered":"http:\/\/www.polisrecreio.com.br\/site\/?p=19968"},"modified":"2021-03-15T20:33:30","modified_gmt":"2021-03-15T23:33:30","slug":"medidas-mais-restritivas-de-prevencao-ao-coronavirus-em-recreio-sao-publicadas-em-decreto","status":"publish","type":"post","link":"https:\/\/www.polisrecreio.com.br\/site\/2021\/03\/15\/medidas-mais-restritivas-de-prevencao-ao-coronavirus-em-recreio-sao-publicadas-em-decreto\/","title":{"rendered":"Medidas mais restritivas de preven\u00e7\u00e3o ao coronav\u00edrus em Recreio s\u00e3o publicadas em Decreto"},"content":{"rendered":"<p style=\"text-align: justify;\">No final da tarde desta segunda-feira (15) foi publicado pela Prefeitura de Recreio o <a href=\"https:\/\/recreio.mg.gov.br\/images\/Decretos\/2021\/decreto455.pdf\" target=\"_blank\" rel=\"noopener noreferrer\">Decreto 455\/2021<\/a>, o chamado Decreto da \u201cOnda Roxa\u201d, com medidas mais restritivas de preven\u00e7\u00e3o ao coronav\u00edrus no Munic\u00edpio.<\/p>\n<p><!--more--><\/p>\n<p><a href=\"http:\/\/www.polisrecreio.com.br\/site\/wp-content\/uploads\/2021\/03\/DSC0369.jpg\"><img loading=\"lazy\" class=\"aligncenter size-full wp-image-19969\" src=\"http:\/\/www.polisrecreio.com.br\/site\/wp-content\/uploads\/2021\/03\/DSC0369.jpg\" alt=\"\" width=\"750\" height=\"498\" srcset=\"https:\/\/www.polisrecreio.com.br\/site\/wp-content\/uploads\/2021\/03\/DSC0369.jpg 650w, https:\/\/www.polisrecreio.com.br\/site\/wp-content\/uploads\/2021\/03\/DSC0369-300x199.jpg 300w\" sizes=\"(max-width: 750px) 100vw, 750px\" \/><\/a><\/p>\n<p style=\"text-align: justify;\">\u201cO novo decreto foi publicado por determina\u00e7\u00e3o do Governo do Estado em virtude do grande crescimento pela contamina\u00e7\u00e3o do coronav\u00edrus. Precisamos da colabora\u00e7\u00e3o de todos. Tudo isso vai passar, mas \u00e9 importante que todos cumpram as orienta\u00e7\u00f5es das autoridades sanit\u00e1rias. Conto com apoio e a colabora\u00e7\u00e3o de todos\u201d, disse o prefeito de Recreio, Z\u00e9 Maria Barros, ao lado do secret\u00e1rio de Sa\u00fade, Felipe Meira, em <a href=\"https:\/\/www.facebook.com\/prefeituraderecreio\/videos\/768367130736097\" target=\"_blank\" rel=\"noopener noreferrer\">postagem no Facebook<\/a>.<\/p>\n<p style=\"text-align: justify;\">Confira os principais pontos:<\/p>\n<ul>\n<li style=\"text-align: justify;\">Proibi\u00e7\u00e3o de circula\u00e7\u00e3o de pessoas nas ruas de 20h \u00e0s 5h, com exce\u00e7\u00e3o de trabalhadores de sistema delivery (entrega em domic\u00edlio), presta\u00e7\u00e3o de servi\u00e7os urgentes e espec\u00edficos e a seguran\u00e7a p\u00fablica;<\/li>\n<li style=\"text-align: justify;\">Proibi\u00e7\u00e3o de circula\u00e7\u00e3o de pessoas nas ruas sem m\u00e1scara ou com sintomas de gripe, com exce\u00e7\u00e3o para quem for consultar ou fazer exames;<\/li>\n<li style=\"text-align: justify;\">Proibido o consumo de bebidas alco\u00f3licas em ruas, pra\u00e7as, avenidas ou cal\u00e7adas;<\/li>\n<li style=\"text-align: justify;\">Proibi\u00e7\u00e3o de eventos p\u00fablicos ou privados em s\u00edtios, sal\u00f5es, pra\u00e7as ou ruas, cultos religiosos e em campos de futebol;<\/li>\n<li style=\"text-align: justify;\">Bares, restaurantes, lanchonetes, padarias e sorveterias podem funcionar de 5h \u00e0s 20h sem consumo no local e no entorno; de 20h \u00e0s 5h podem ser realizadas as entregas em domic\u00edlio (delivery);<\/li>\n<li style=\"text-align: justify;\">Prefeitura e Secretarias Municipais funcionar\u00e3o de 7h \u00e0s 13h com suspens\u00e3o de atendimento ao p\u00fablico, com exce\u00e7\u00e3o de servi\u00e7os essenciais (licita\u00e7\u00e3o, obras, sa\u00fade, CRAS, Farm\u00e1cia de Todos e coleta de lixo).<\/li>\n<\/ul>\n<p style=\"text-align: justify;\">Confira as multas:<\/p>\n<ul>\n<li style=\"text-align: justify;\">Quem n\u00e3o estiver usando m\u00e1scara em vias p\u00fablicas poder\u00e1 ser multado em R$ 51,40; R$ 102,80, em caso de reincid\u00eancia; e R$ 154,20, em segunda reincid\u00eancia.<\/li>\n<li style=\"text-align: justify;\">Pessoa Natural que tenha assinado o Termo de Notifica\u00e7\u00e3o de Isolamento Domiciliar perante \u00e0 Secretaria Municipal de Sa\u00fade: multa de R$ 221,02; multa de R$ 334,10, no caso de reincid\u00eancia; multa de R$ 549,98, no caso de segunda reincid\u00eancia.<\/li>\n<li style=\"text-align: justify;\">Pessoa Jur\u00eddica ou a ela equiparada em raz\u00e3o de exercer qualquer atividade econ\u00f4mica dos setores da ind\u00fastria, com\u00e9rcio e servi\u00e7os: suspens\u00e3o das atividades por 48 horas e multa de R$ 514,00; e suspens\u00e3o das atividades pelo prazo de 15 dias e multa de R$ 1.028,00, no caso de reincid\u00eancia.<\/li>\n<\/ul>\n<p style=\"text-align: justify;\">De acordo com o Decreto, os valores recolhidos das multas dever\u00e3o ser utilizados obrigatoriamente em a\u00e7\u00f5es e servi\u00e7os de sa\u00fade, preferencialmente, em a\u00e7\u00f5es de combate ao coronav\u00edrus.<\/p>\n<p style=\"text-align: justify;\">Al\u00e9m das multas, h\u00e1 tamb\u00e9m san\u00e7\u00f5es penais previstas nos artigos 268 e 330 do C\u00f3digo Penal Brasileiro.<\/p>\n<p style=\"text-align: justify;\">Para den\u00fancias de qualquer descumprimento do Decreto foram disponibilizados os telefones: (32) 9.9999-8113 e (32) 9.9961-0908.<\/p>\n<p><strong>Confira como est\u00e1 a situa\u00e7\u00e3o da covid-19 em Recreio<\/strong><\/p>\n<p><a href=\"http:\/\/www.polisrecreio.com.br\/site\/wp-content\/uploads\/2021\/03\/boletim150321.jpg\"><img loading=\"lazy\" class=\"aligncenter size-full wp-image-19970\" src=\"http:\/\/www.polisrecreio.com.br\/site\/wp-content\/uploads\/2021\/03\/boletim150321.jpg\" alt=\"\" width=\"960\" height=\"640\" srcset=\"https:\/\/www.polisrecreio.com.br\/site\/wp-content\/uploads\/2021\/03\/boletim150321.jpg 650w, https:\/\/www.polisrecreio.com.br\/site\/wp-content\/uploads\/2021\/03\/boletim150321-300x200.jpg 300w, https:\/\/www.polisrecreio.com.br\/site\/wp-content\/uploads\/2021\/03\/boletim150321-768x512.jpg 768w\" sizes=\"(max-width: 960px) 100vw, 960px\" \/><\/a><\/p>\n","protected":false},"excerpt":{"rendered":"<p>No final da tarde desta segunda-feira (15) foi publicado pela Prefeitura de Recreio o Decreto 455\/2021, o chamado Decreto da \u201cOnda Roxa\u201d, com medidas mais restritivas de preven\u00e7\u00e3o ao coronav\u00edrus no Munic\u00edpio.<\/p>\n","protected":false},"author":3,"featured_media":19969,"comment_status":"open","ping_status":"open","sticky":false,"template":"","format":"standard","meta":[],"categories":[7],"tags":[],"yoast_head":"<!-- This site is optimized with the Yoast SEO plugin v15.6.2 - https:\/\/yoast.com\/wordpress\/plugins\/seo\/ -->\n<meta name=\"robots\" content=\"index, follow, max-snippet:-1, max-image-preview:large, max-video-preview:-1\" \/>\n<link rel=\"canonical\" href=\"https:\/\/www.polisrecreio.com.br\/site\/2021\/03\/15\/medidas-mais-restritivas-de-prevencao-ao-coronavirus-em-recreio-sao-publicadas-em-decreto\/\" \/>\n<meta property=\"og:locale\" content=\"pt_BR\" \/>\n<meta property=\"og:type\" content=\"article\" \/>\n<meta property=\"og:title\" content=\"Medidas mais restritivas de preven\u00e7\u00e3o ao coronav\u00edrus em Recreio s\u00e3o publicadas em Decreto - P\u00f3lis Recreio\" \/>\n<meta property=\"og:description\" content=\"No final da tarde desta segunda-feira (15) foi publicado pela Prefeitura de Recreio o Decreto 455\/2021, o chamado Decreto da \u201cOnda Roxa\u201d, com medidas mais restritivas de preven\u00e7\u00e3o ao coronav\u00edrus no Munic\u00edpio.\" \/>\n<meta property=\"og:url\" content=\"https:\/\/www.polisrecreio.com.br\/site\/2021\/03\/15\/medidas-mais-restritivas-de-prevencao-ao-coronavirus-em-recreio-sao-publicadas-em-decreto\/\" \/>\n<meta property=\"og:site_name\" content=\"P\u00f3lis Recreio\" \/>\n<meta property=\"article:publisher\" content=\"https:\/\/www.facebook.com\/Site-P%c3%b3lis-Recreio-MG-181941708571019\/\" \/>\n<meta property=\"article:published_time\" content=\"2021-03-15T23:26:34+00:00\" \/>\n<meta property=\"article:modified_time\" content=\"2021-03-15T23:33:30+00:00\" \/>\n<meta property=\"og:image\" content=\"https:\/\/www.polisrecreio.com.br\/site\/wp-content\/uploads\/2021\/03\/DSC0369.jpg\" \/>\n\t<meta property=\"og:image:width\" content=\"650\" \/>\n\t<meta property=\"og:image:height\" content=\"432\" \/>\n<meta name=\"twitter:card\" content=\"summary_large_image\" \/>\n<meta name=\"twitter:creator\" content=\"@PolisRecreio\" \/>\n<meta name=\"twitter:site\" content=\"@PolisRecreio\" \/>\n<meta name=\"twitter:label1\" content=\"Est. reading time\">\n\t<meta name=\"twitter:data1\" content=\"3 minutos\">\n<script type=\"application\/ld+json\" class=\"yoast-schema-graph\">{\"@context\":\"https:\/\/schema.org\",\"@graph\":[{\"@type\":\"WebSite\",\"@id\":\"https:\/\/www.polisrecreio.com.br\/site\/#website\",\"url\":\"https:\/\/www.polisrecreio.com.br\/site\/\",\"name\":\"P\\u00f3lis Recreio\",\"description\":\"\",\"potentialAction\":[{\"@type\":\"SearchAction\",\"target\":\"https:\/\/www.polisrecreio.com.br\/site\/?s={search_term_string}\",\"query-input\":\"required name=search_term_string\"}],\"inLanguage\":\"pt-BR\"},{\"@type\":\"ImageObject\",\"@id\":\"https:\/\/www.polisrecreio.com.br\/site\/2021\/03\/15\/medidas-mais-restritivas-de-prevencao-ao-coronavirus-em-recreio-sao-publicadas-em-decreto\/#primaryimage\",\"inLanguage\":\"pt-BR\",\"url\":\"https:\/\/www.polisrecreio.com.br\/site\/wp-content\/uploads\/2021\/03\/DSC0369.jpg\",\"width\":650,\"height\":432},{\"@type\":\"WebPage\",\"@id\":\"https:\/\/www.polisrecreio.com.br\/site\/2021\/03\/15\/medidas-mais-restritivas-de-prevencao-ao-coronavirus-em-recreio-sao-publicadas-em-decreto\/#webpage\",\"url\":\"https:\/\/www.polisrecreio.com.br\/site\/2021\/03\/15\/medidas-mais-restritivas-de-prevencao-ao-coronavirus-em-recreio-sao-publicadas-em-decreto\/\",\"name\":\"Medidas mais restritivas de preven\\u00e7\\u00e3o ao coronav\\u00edrus em Recreio s\\u00e3o publicadas em Decreto - P\\u00f3lis Recreio\",\"isPartOf\":{\"@id\":\"https:\/\/www.polisrecreio.com.br\/site\/#website\"},\"primaryImageOfPage\":{\"@id\":\"https:\/\/www.polisrecreio.com.br\/site\/2021\/03\/15\/medidas-mais-restritivas-de-prevencao-ao-coronavirus-em-recreio-sao-publicadas-em-decreto\/#primaryimage\"},\"datePublished\":\"2021-03-15T23:26:34+00:00\",\"dateModified\":\"2021-03-15T23:33:30+00:00\",\"author\":{\"@id\":\"https:\/\/www.polisrecreio.com.br\/site\/#\/schema\/person\/3363c1c78e1e28e1329d97adb387638e\"},\"inLanguage\":\"pt-BR\",\"potentialAction\":[{\"@type\":\"ReadAction\",\"target\":[\"https:\/\/www.polisrecreio.com.br\/site\/2021\/03\/15\/medidas-mais-restritivas-de-prevencao-ao-coronavirus-em-recreio-sao-publicadas-em-decreto\/\"]}]},{\"@type\":\"Person\",\"@id\":\"https:\/\/www.polisrecreio.com.br\/site\/#\/schema\/person\/3363c1c78e1e28e1329d97adb387638e\",\"name\":\"Leonardo Ribeiro\",\"image\":{\"@type\":\"ImageObject\",\"@id\":\"https:\/\/www.polisrecreio.com.br\/site\/#personlogo\",\"inLanguage\":\"pt-BR\",\"url\":\"https:\/\/secure.gravatar.com\/avatar\/6ba92a37d621e1a83e23710251178a12?s=96&d=mm&r=g\",\"caption\":\"Leonardo Ribeiro\"},\"sameAs\":[\"http:\/\/www.polisrecreio.com.br\"]}]}<\/script>\n<!-- \/ Yoast SEO plugin. -->","_links":{"self":[{"href":"https:\/\/www.polisrecreio.com.br\/site\/wp-json\/wp\/v2\/posts\/19968"}],"collection":[{"href":"https:\/\/www.polisrecreio.com.br\/site\/wp-json\/wp\/v2\/posts"}],"about":[{"href":"https:\/\/www.polisrecreio.com.br\/site\/wp-json\/wp\/v2\/types\/post"}],"author":[{"embeddable":true,"href":"https:\/\/www.polisrecreio.com.br\/site\/wp-json\/wp\/v2\/users\/3"}],"replies":[{"embeddable":true,"href":"https:\/\/www.polisrecreio.com.br\/site\/wp-json\/wp\/v2\/comments?post=19968"}],"version-history":[{"count":8,"href":"https:\/\/www.polisrecreio.com.br\/site\/wp-json\/wp\/v2\/posts\/19968\/revisions"}],"predecessor-version":[{"id":19978,"href":"https:\/\/www.polisrecreio.com.br\/site\/wp-json\/wp\/v2\/posts\/19968\/revisions\/19978"}],"wp:featuredmedia":[{"embeddable":true,"href":"https:\/\/www.polisrecreio.com.br\/site\/wp-json\/wp\/v2\/media\/19969"}],"wp:attachment":[{"href":"https:\/\/www.polisrecreio.com.br\/site\/wp-json\/wp\/v2\/media?parent=19968"}],"wp:term":[{"taxonomy":"category","embeddable":true,"href":"https:\/\/www.polisrecreio.com.br\/site\/wp-json\/wp\/v2\/categories?post=19968"},{"taxonomy":"post_tag","embeddable":true,"href":"https:\/\/www.polisrecreio.com.br\/site\/wp-json\/wp\/v2\/tags?post=19968"}],"curies":[{"name":"wp","href":"https:\/\/api.w.org\/{rel}","templated":true}]}}