{"id":19979,"date":"2021-03-16T12:52:49","date_gmt":"2021-03-16T15:52:49","guid":{"rendered":"http:\/\/www.polisrecreio.com.br\/site\/?p=19979"},"modified":"2021-03-16T12:52:49","modified_gmt":"2021-03-16T15:52:49","slug":"e-e-pres-carlos-luz-realiza-licitacao-para-contratacao-de-empresa-responsavel-pela-reforma","status":"publish","type":"post","link":"https:\/\/www.polisrecreio.com.br\/site\/2021\/03\/16\/e-e-pres-carlos-luz-realiza-licitacao-para-contratacao-de-empresa-responsavel-pela-reforma\/","title":{"rendered":"E.E. Pres. Carlos Luz realiza licita\u00e7\u00e3o para contrata\u00e7\u00e3o de empresa respons\u00e1vel pela reforma"},"content":{"rendered":"<p style=\"text-align: justify;\">Depois de quase 20 anos a E.E. Presidente Carlos Luz, localizada no distrito de Concei\u00e7\u00e3o da Boa Vista, est\u00e1 pr\u00f3xima de realizar a maior demanda da hist\u00f3ria recente da institui\u00e7\u00e3o: reforma do pr\u00e9dio. Nesta ter\u00e7a-feira (16) aconteceu a licita\u00e7\u00e3o para contrata\u00e7\u00e3o da empresa respons\u00e1vel.<\/p>\n<p><!--more--><\/p>\n<figure id=\"attachment_19980\" aria-describedby=\"caption-attachment-19980\" style=\"width: 750px\" class=\"wp-caption aligncenter\"><a href=\"http:\/\/www.polisrecreio.com.br\/site\/wp-content\/uploads\/2021\/03\/DSC_0009.jpg\"><img loading=\"lazy\" class=\"wp-image-19980 size-full\" src=\"http:\/\/www.polisrecreio.com.br\/site\/wp-content\/uploads\/2021\/03\/DSC_0009.jpg\" alt=\"\" width=\"750\" height=\"465\" srcset=\"https:\/\/www.polisrecreio.com.br\/site\/wp-content\/uploads\/2021\/03\/DSC_0009.jpg 650w, https:\/\/www.polisrecreio.com.br\/site\/wp-content\/uploads\/2021\/03\/DSC_0009-300x186.jpg 300w\" sizes=\"(max-width: 750px) 100vw, 750px\" \/><\/a><figcaption id=\"caption-attachment-19980\" class=\"wp-caption-text\">Professoras, Jaqueline e Jana\u00edna; professores, M\u00e1rnio e L\u00e9o do P\u00f3lis; e o diretor V\u00edtor do Bem.<\/figcaption><\/figure>\n<p style=\"text-align: justify;\">Segundo informa\u00e7\u00f5es, tr\u00eas representantes de empresas estiveram presentes no certame presencial, que seguiu todos os protocolos sanit\u00e1rios de preven\u00e7\u00e3o ao coronav\u00edrus. A vencedora foi a AFW Com\u00e9rcio e Servi\u00e7os Eirelli (CNPJ 11.919.604\/00001-52), da cidade de Muria\u00e9. O valor apresentado foi de R$ 238.011,16. O recurso financeiro (a ser liberado ap\u00f3s os tr\u00e2mites) \u00e9 de emenda parlamentar impositiva do deputado Estadual, Fernando Pacheco.<\/p>\n<p style=\"text-align: justify;\">O deputado visitou a escola em abril de 2019 a convite do diretor V\u00edtor do Bem e do professor de Hist\u00f3ria, L\u00e9o do P\u00f3lis. A escola de Concei\u00e7\u00e3o da Boa Vista foi a primeira visitada pelo parlamentar durante o seu mandato na Assembleia Legislativa de Minas Gerais.<\/p>\n<figure id=\"attachment_18566\" aria-describedby=\"caption-attachment-18566\" style=\"width: 750px\" class=\"wp-caption aligncenter\"><a href=\"http:\/\/www.polisrecreio.com.br\/site\/wp-content\/uploads\/2020\/08\/escola.jpg\"><img loading=\"lazy\" class=\"size-full wp-image-18566\" src=\"http:\/\/www.polisrecreio.com.br\/site\/wp-content\/uploads\/2020\/08\/escola.jpg\" alt=\"\" width=\"750\" height=\"418\" srcset=\"https:\/\/www.polisrecreio.com.br\/site\/wp-content\/uploads\/2020\/08\/escola.jpg 750w, https:\/\/www.polisrecreio.com.br\/site\/wp-content\/uploads\/2020\/08\/escola-300x167.jpg 300w\" sizes=\"(max-width: 750px) 100vw, 750px\" \/><\/a><figcaption id=\"caption-attachment-18566\" class=\"wp-caption-text\">Dr. Wilson (dentista ESF), V\u00edtor Bem (diretor), Fernando Pacheco (deputado), e L\u00e9o do P\u00f3lis (professor de Hist\u00f3ria). Foto: Abril de 2019, durante visita \u00e0 escola.<\/figcaption><\/figure>\n<p style=\"text-align: justify;\">Fernando Pacheco foi eleito em 2018 com 25.091 votos. Ele \u00e9 o \u00fanico representante da microrregi\u00e3o de Cataguases, a qual est\u00e1 inserido o munic\u00edpio de Recreio, na Assembleia Legislativa de Minas Gerais.<\/p>\n<p style=\"text-align: justify;\">Ap\u00f3s o encerramento da licita\u00e7\u00e3o os documentos ser\u00e3o encaminhados para Superintend\u00eancia Regional de Ensino de Leopoldina para valida\u00e7\u00e3o do processo. Participaram do certame o diretor V\u00edtor do Bem; os professores integrantes da comiss\u00e3o de licita\u00e7\u00e3o, Jaqueline Page, Jana\u00edna Bartholomew e M\u00e1rnio Jatob\u00e1; e o professor de Hist\u00f3ria, L\u00e9o do P\u00f3lis.<\/p>\n<p style=\"text-align: justify;\">A planilha da obra prev\u00ea as reformas da \u00e1rea dos banheiros, secretaria (dire\u00e7\u00e3o, sala de professores e de supervis\u00e3o), laborat\u00f3rio de inform\u00e1tica e adequa\u00e7\u00e3o da cozinha conforme regras sanit\u00e1rias.<\/p>\n<p><a href=\"http:\/\/www.polisrecreio.com.br\/site\/wp-content\/uploads\/2021\/03\/DSC_0004-2.jpg\"><img loading=\"lazy\" class=\"aligncenter size-full wp-image-19981\" src=\"http:\/\/www.polisrecreio.com.br\/site\/wp-content\/uploads\/2021\/03\/DSC_0004-2.jpg\" alt=\"\" width=\"750\" height=\"423\" srcset=\"https:\/\/www.polisrecreio.com.br\/site\/wp-content\/uploads\/2021\/03\/DSC_0004-2.jpg 650w, https:\/\/www.polisrecreio.com.br\/site\/wp-content\/uploads\/2021\/03\/DSC_0004-2-300x169.jpg 300w\" sizes=\"(max-width: 750px) 100vw, 750px\" \/><\/a><\/p>\n<p><a href=\"http:\/\/www.polisrecreio.com.br\/site\/wp-content\/uploads\/2021\/03\/DSC_0005-2.jpg\"><img loading=\"lazy\" class=\"aligncenter size-full wp-image-19982\" src=\"http:\/\/www.polisrecreio.com.br\/site\/wp-content\/uploads\/2021\/03\/DSC_0005-2.jpg\" alt=\"\" width=\"750\" height=\"500\" srcset=\"https:\/\/www.polisrecreio.com.br\/site\/wp-content\/uploads\/2021\/03\/DSC_0005-2.jpg 650w, https:\/\/www.polisrecreio.com.br\/site\/wp-content\/uploads\/2021\/03\/DSC_0005-2-300x200.jpg 300w\" sizes=\"(max-width: 750px) 100vw, 750px\" \/><\/a><\/p>\n<p><a href=\"http:\/\/www.polisrecreio.com.br\/site\/wp-content\/uploads\/2021\/03\/DSC_0006.jpg\"><img loading=\"lazy\" class=\"aligncenter size-full wp-image-19983\" src=\"http:\/\/www.polisrecreio.com.br\/site\/wp-content\/uploads\/2021\/03\/DSC_0006.jpg\" alt=\"\" width=\"750\" height=\"500\" srcset=\"https:\/\/www.polisrecreio.com.br\/site\/wp-content\/uploads\/2021\/03\/DSC_0006.jpg 650w, https:\/\/www.polisrecreio.com.br\/site\/wp-content\/uploads\/2021\/03\/DSC_0006-300x200.jpg 300w\" sizes=\"(max-width: 750px) 100vw, 750px\" \/><\/a><\/p>\n","protected":false},"excerpt":{"rendered":"<p>Depois de quase 20 anos a E.E. Presidente Carlos Luz, localizada no distrito de Concei\u00e7\u00e3o da Boa Vista, est\u00e1 pr\u00f3xima de realizar a maior demanda da hist\u00f3ria recente da institui\u00e7\u00e3o: reforma do pr\u00e9dio. Nesta ter\u00e7a-feira (16) aconteceu a licita\u00e7\u00e3o para contrata\u00e7\u00e3o da empresa respons\u00e1vel.<\/p>\n","protected":false},"author":3,"featured_media":19980,"comment_status":"open","ping_status":"open","sticky":false,"template":"","format":"standard","meta":[],"categories":[9],"tags":[],"yoast_head":"<!-- This site is optimized with the Yoast SEO plugin v15.6.2 - https:\/\/yoast.com\/wordpress\/plugins\/seo\/ -->\n<meta name=\"robots\" content=\"index, follow, max-snippet:-1, max-image-preview:large, max-video-preview:-1\" \/>\n<link rel=\"canonical\" href=\"https:\/\/www.polisrecreio.com.br\/site\/2021\/03\/16\/e-e-pres-carlos-luz-realiza-licitacao-para-contratacao-de-empresa-responsavel-pela-reforma\/\" \/>\n<meta property=\"og:locale\" content=\"pt_BR\" \/>\n<meta property=\"og:type\" content=\"article\" \/>\n<meta property=\"og:title\" content=\"E.E. Pres. Carlos Luz realiza licita\u00e7\u00e3o para contrata\u00e7\u00e3o de empresa respons\u00e1vel pela reforma - P\u00f3lis Recreio\" \/>\n<meta property=\"og:description\" content=\"Depois de quase 20 anos a E.E. Presidente Carlos Luz, localizada no distrito de Concei\u00e7\u00e3o da Boa Vista, est\u00e1 pr\u00f3xima de realizar a maior demanda da hist\u00f3ria recente da institui\u00e7\u00e3o: reforma do pr\u00e9dio. Nesta ter\u00e7a-feira (16) aconteceu a licita\u00e7\u00e3o para contrata\u00e7\u00e3o da empresa respons\u00e1vel.\" \/>\n<meta property=\"og:url\" content=\"https:\/\/www.polisrecreio.com.br\/site\/2021\/03\/16\/e-e-pres-carlos-luz-realiza-licitacao-para-contratacao-de-empresa-responsavel-pela-reforma\/\" \/>\n<meta property=\"og:site_name\" content=\"P\u00f3lis Recreio\" \/>\n<meta property=\"article:publisher\" content=\"https:\/\/www.facebook.com\/Site-P%c3%b3lis-Recreio-MG-181941708571019\/\" \/>\n<meta property=\"article:published_time\" content=\"2021-03-16T15:52:49+00:00\" \/>\n<meta property=\"og:image\" content=\"https:\/\/www.polisrecreio.com.br\/site\/wp-content\/uploads\/2021\/03\/DSC_0009.jpg\" \/>\n\t<meta property=\"og:image:width\" content=\"650\" \/>\n\t<meta property=\"og:image:height\" content=\"403\" \/>\n<meta name=\"twitter:card\" content=\"summary_large_image\" \/>\n<meta name=\"twitter:creator\" content=\"@PolisRecreio\" \/>\n<meta name=\"twitter:site\" content=\"@PolisRecreio\" \/>\n<meta name=\"twitter:label1\" content=\"Est. reading time\">\n\t<meta name=\"twitter:data1\" content=\"3 minutos\">\n<script type=\"application\/ld+json\" class=\"yoast-schema-graph\">{\"@context\":\"https:\/\/schema.org\",\"@graph\":[{\"@type\":\"WebSite\",\"@id\":\"https:\/\/www.polisrecreio.com.br\/site\/#website\",\"url\":\"https:\/\/www.polisrecreio.com.br\/site\/\",\"name\":\"P\\u00f3lis Recreio\",\"description\":\"\",\"potentialAction\":[{\"@type\":\"SearchAction\",\"target\":\"https:\/\/www.polisrecreio.com.br\/site\/?s={search_term_string}\",\"query-input\":\"required name=search_term_string\"}],\"inLanguage\":\"pt-BR\"},{\"@type\":\"ImageObject\",\"@id\":\"https:\/\/www.polisrecreio.com.br\/site\/2021\/03\/16\/e-e-pres-carlos-luz-realiza-licitacao-para-contratacao-de-empresa-responsavel-pela-reforma\/#primaryimage\",\"inLanguage\":\"pt-BR\",\"url\":\"https:\/\/www.polisrecreio.com.br\/site\/wp-content\/uploads\/2021\/03\/DSC_0009.jpg\",\"width\":650,\"height\":403},{\"@type\":\"WebPage\",\"@id\":\"https:\/\/www.polisrecreio.com.br\/site\/2021\/03\/16\/e-e-pres-carlos-luz-realiza-licitacao-para-contratacao-de-empresa-responsavel-pela-reforma\/#webpage\",\"url\":\"https:\/\/www.polisrecreio.com.br\/site\/2021\/03\/16\/e-e-pres-carlos-luz-realiza-licitacao-para-contratacao-de-empresa-responsavel-pela-reforma\/\",\"name\":\"E.E. Pres. Carlos Luz realiza licita\\u00e7\\u00e3o para contrata\\u00e7\\u00e3o de empresa respons\\u00e1vel pela reforma - P\\u00f3lis Recreio\",\"isPartOf\":{\"@id\":\"https:\/\/www.polisrecreio.com.br\/site\/#website\"},\"primaryImageOfPage\":{\"@id\":\"https:\/\/www.polisrecreio.com.br\/site\/2021\/03\/16\/e-e-pres-carlos-luz-realiza-licitacao-para-contratacao-de-empresa-responsavel-pela-reforma\/#primaryimage\"},\"datePublished\":\"2021-03-16T15:52:49+00:00\",\"dateModified\":\"2021-03-16T15:52:49+00:00\",\"author\":{\"@id\":\"https:\/\/www.polisrecreio.com.br\/site\/#\/schema\/person\/3363c1c78e1e28e1329d97adb387638e\"},\"inLanguage\":\"pt-BR\",\"potentialAction\":[{\"@type\":\"ReadAction\",\"target\":[\"https:\/\/www.polisrecreio.com.br\/site\/2021\/03\/16\/e-e-pres-carlos-luz-realiza-licitacao-para-contratacao-de-empresa-responsavel-pela-reforma\/\"]}]},{\"@type\":\"Person\",\"@id\":\"https:\/\/www.polisrecreio.com.br\/site\/#\/schema\/person\/3363c1c78e1e28e1329d97adb387638e\",\"name\":\"Leonardo Ribeiro\",\"image\":{\"@type\":\"ImageObject\",\"@id\":\"https:\/\/www.polisrecreio.com.br\/site\/#personlogo\",\"inLanguage\":\"pt-BR\",\"url\":\"https:\/\/secure.gravatar.com\/avatar\/6ba92a37d621e1a83e23710251178a12?s=96&d=mm&r=g\",\"caption\":\"Leonardo Ribeiro\"},\"sameAs\":[\"http:\/\/www.polisrecreio.com.br\"]}]}<\/script>\n<!-- \/ Yoast SEO plugin. -->","_links":{"self":[{"href":"https:\/\/www.polisrecreio.com.br\/site\/wp-json\/wp\/v2\/posts\/19979"}],"collection":[{"href":"https:\/\/www.polisrecreio.com.br\/site\/wp-json\/wp\/v2\/posts"}],"about":[{"href":"https:\/\/www.polisrecreio.com.br\/site\/wp-json\/wp\/v2\/types\/post"}],"author":[{"embeddable":true,"href":"https:\/\/www.polisrecreio.com.br\/site\/wp-json\/wp\/v2\/users\/3"}],"replies":[{"embeddable":true,"href":"https:\/\/www.polisrecreio.com.br\/site\/wp-json\/wp\/v2\/comments?post=19979"}],"version-history":[{"count":1,"href":"https:\/\/www.polisrecreio.com.br\/site\/wp-json\/wp\/v2\/posts\/19979\/revisions"}],"predecessor-version":[{"id":19984,"href":"https:\/\/www.polisrecreio.com.br\/site\/wp-json\/wp\/v2\/posts\/19979\/revisions\/19984"}],"wp:featuredmedia":[{"embeddable":true,"href":"https:\/\/www.polisrecreio.com.br\/site\/wp-json\/wp\/v2\/media\/19980"}],"wp:attachment":[{"href":"https:\/\/www.polisrecreio.com.br\/site\/wp-json\/wp\/v2\/media?parent=19979"}],"wp:term":[{"taxonomy":"category","embeddable":true,"href":"https:\/\/www.polisrecreio.com.br\/site\/wp-json\/wp\/v2\/categories?post=19979"},{"taxonomy":"post_tag","embeddable":true,"href":"https:\/\/www.polisrecreio.com.br\/site\/wp-json\/wp\/v2\/tags?post=19979"}],"curies":[{"name":"wp","href":"https:\/\/api.w.org\/{rel}","templated":true}]}}