{"id":19985,"date":"2021-03-16T20:04:15","date_gmt":"2021-03-16T23:04:15","guid":{"rendered":"http:\/\/www.polisrecreio.com.br\/site\/?p=19985"},"modified":"2021-03-16T20:04:15","modified_gmt":"2021-03-16T23:04:15","slug":"todos-municipios-de-mg-entram-na-onda-roxa-a-partir-desta-quarta-feira-17","status":"publish","type":"post","link":"https:\/\/www.polisrecreio.com.br\/site\/2021\/03\/16\/todos-municipios-de-mg-entram-na-onda-roxa-a-partir-desta-quarta-feira-17\/","title":{"rendered":"Todos munic\u00edpios de MG entram na \u201cOnda Roxa\u201d a partir desta quarta-feira (17)"},"content":{"rendered":"<p style=\"text-align: justify;\">Todos os munic\u00edpios de Minas Gerais entram na \u201cOnda Roxa\u201d do Programa Minas Consciente a partir desta quarta-feira (17) por determina\u00e7\u00e3o do Governo do Estado. O novo protocolo com medidas mais restritivas de preven\u00e7\u00e3o ao coronav\u00edrus ser\u00e1, obrigatoriamente, utilizado at\u00e9 nas cidades que n\u00e3o est\u00e3o no Programa.<\/p>\n<p><!--more--><\/p>\n<p><a href=\"http:\/\/www.polisrecreio.com.br\/site\/wp-content\/uploads\/2021\/03\/mg.jpg\"><img loading=\"lazy\" class=\"aligncenter size-full wp-image-19986\" src=\"http:\/\/www.polisrecreio.com.br\/site\/wp-content\/uploads\/2021\/03\/mg.jpg\" alt=\"\" width=\"750\" height=\"522\" srcset=\"https:\/\/www.polisrecreio.com.br\/site\/wp-content\/uploads\/2021\/03\/mg.jpg 650w, https:\/\/www.polisrecreio.com.br\/site\/wp-content\/uploads\/2021\/03\/mg-300x209.jpg 300w\" sizes=\"(max-width: 750px) 100vw, 750px\" \/><\/a><\/p>\n<p style=\"text-align: justify;\">A fiscaliza\u00e7\u00e3o do cumprimento das normas, definidas nos 853 munic\u00edpios por meio de Decretos Municipais, ter\u00e1 o apoio da Pol\u00edcia Militar de Minas Gerais. A validade do protocolo, incialmente, \u00e9 de 15 dias.<\/p>\n<p style=\"text-align: justify;\">A medida foi tomada com objetivo de frear a contamina\u00e7\u00e3o pelo coronav\u00edrus e as interna\u00e7\u00f5es de casos mais graves.<\/p>\n<p style=\"text-align: justify;\">Em Recreio, a \u201cOnda Roxa\u201d j\u00e1 est\u00e1 vigorando, conforme o <a href=\"https:\/\/recreio.mg.gov.br\/images\/Decretos\/2021\/decreto455.pdf\" target=\"_blank\" rel=\"noopener noreferrer\">Decreto 455\/2021<\/a>.<\/p>\n","protected":false},"excerpt":{"rendered":"<p>Todos os munic\u00edpios de Minas Gerais entram na \u201cOnda Roxa\u201d do Programa Minas Consciente a partir desta quarta-feira (17) por determina\u00e7\u00e3o do Governo do Estado. O novo protocolo com medidas mais restritivas de preven\u00e7\u00e3o ao coronav\u00edrus ser\u00e1, obrigatoriamente, utilizado at\u00e9 nas cidades que n\u00e3o est\u00e3o no Programa.<\/p>\n","protected":false},"author":3,"featured_media":19986,"comment_status":"open","ping_status":"open","sticky":false,"template":"","format":"standard","meta":[],"categories":[7],"tags":[],"yoast_head":"<!-- This site is optimized with the Yoast SEO plugin v15.6.2 - https:\/\/yoast.com\/wordpress\/plugins\/seo\/ -->\n<meta name=\"robots\" content=\"index, follow, max-snippet:-1, max-image-preview:large, max-video-preview:-1\" \/>\n<link rel=\"canonical\" href=\"https:\/\/www.polisrecreio.com.br\/site\/2021\/03\/16\/todos-municipios-de-mg-entram-na-onda-roxa-a-partir-desta-quarta-feira-17\/\" \/>\n<meta property=\"og:locale\" content=\"pt_BR\" \/>\n<meta property=\"og:type\" content=\"article\" \/>\n<meta property=\"og:title\" content=\"Todos munic\u00edpios de MG entram na \u201cOnda Roxa\u201d a partir desta quarta-feira (17) - P\u00f3lis Recreio\" \/>\n<meta property=\"og:description\" content=\"Todos os munic\u00edpios de Minas Gerais entram na \u201cOnda Roxa\u201d do Programa Minas Consciente a partir desta quarta-feira (17) por determina\u00e7\u00e3o do Governo do Estado. O novo protocolo com medidas mais restritivas de preven\u00e7\u00e3o ao coronav\u00edrus ser\u00e1, obrigatoriamente, utilizado at\u00e9 nas cidades que n\u00e3o est\u00e3o no Programa.\" \/>\n<meta property=\"og:url\" content=\"https:\/\/www.polisrecreio.com.br\/site\/2021\/03\/16\/todos-municipios-de-mg-entram-na-onda-roxa-a-partir-desta-quarta-feira-17\/\" \/>\n<meta property=\"og:site_name\" content=\"P\u00f3lis Recreio\" \/>\n<meta property=\"article:publisher\" content=\"https:\/\/www.facebook.com\/Site-P%c3%b3lis-Recreio-MG-181941708571019\/\" \/>\n<meta property=\"article:published_time\" content=\"2021-03-16T23:04:15+00:00\" \/>\n<meta property=\"og:image\" content=\"https:\/\/www.polisrecreio.com.br\/site\/wp-content\/uploads\/2021\/03\/mg.jpg\" \/>\n\t<meta property=\"og:image:width\" content=\"650\" \/>\n\t<meta property=\"og:image:height\" content=\"452\" \/>\n<meta name=\"twitter:card\" content=\"summary_large_image\" \/>\n<meta name=\"twitter:creator\" content=\"@PolisRecreio\" \/>\n<meta name=\"twitter:site\" content=\"@PolisRecreio\" \/>\n<meta name=\"twitter:label1\" content=\"Est. reading time\">\n\t<meta name=\"twitter:data1\" content=\"1 minuto\">\n<script type=\"application\/ld+json\" class=\"yoast-schema-graph\">{\"@context\":\"https:\/\/schema.org\",\"@graph\":[{\"@type\":\"WebSite\",\"@id\":\"https:\/\/www.polisrecreio.com.br\/site\/#website\",\"url\":\"https:\/\/www.polisrecreio.com.br\/site\/\",\"name\":\"P\\u00f3lis Recreio\",\"description\":\"\",\"potentialAction\":[{\"@type\":\"SearchAction\",\"target\":\"https:\/\/www.polisrecreio.com.br\/site\/?s={search_term_string}\",\"query-input\":\"required name=search_term_string\"}],\"inLanguage\":\"pt-BR\"},{\"@type\":\"ImageObject\",\"@id\":\"https:\/\/www.polisrecreio.com.br\/site\/2021\/03\/16\/todos-municipios-de-mg-entram-na-onda-roxa-a-partir-desta-quarta-feira-17\/#primaryimage\",\"inLanguage\":\"pt-BR\",\"url\":\"https:\/\/www.polisrecreio.com.br\/site\/wp-content\/uploads\/2021\/03\/mg.jpg\",\"width\":650,\"height\":452},{\"@type\":\"WebPage\",\"@id\":\"https:\/\/www.polisrecreio.com.br\/site\/2021\/03\/16\/todos-municipios-de-mg-entram-na-onda-roxa-a-partir-desta-quarta-feira-17\/#webpage\",\"url\":\"https:\/\/www.polisrecreio.com.br\/site\/2021\/03\/16\/todos-municipios-de-mg-entram-na-onda-roxa-a-partir-desta-quarta-feira-17\/\",\"name\":\"Todos munic\\u00edpios de MG entram na \\u201cOnda Roxa\\u201d a partir desta quarta-feira (17) - P\\u00f3lis Recreio\",\"isPartOf\":{\"@id\":\"https:\/\/www.polisrecreio.com.br\/site\/#website\"},\"primaryImageOfPage\":{\"@id\":\"https:\/\/www.polisrecreio.com.br\/site\/2021\/03\/16\/todos-municipios-de-mg-entram-na-onda-roxa-a-partir-desta-quarta-feira-17\/#primaryimage\"},\"datePublished\":\"2021-03-16T23:04:15+00:00\",\"dateModified\":\"2021-03-16T23:04:15+00:00\",\"author\":{\"@id\":\"https:\/\/www.polisrecreio.com.br\/site\/#\/schema\/person\/3363c1c78e1e28e1329d97adb387638e\"},\"inLanguage\":\"pt-BR\",\"potentialAction\":[{\"@type\":\"ReadAction\",\"target\":[\"https:\/\/www.polisrecreio.com.br\/site\/2021\/03\/16\/todos-municipios-de-mg-entram-na-onda-roxa-a-partir-desta-quarta-feira-17\/\"]}]},{\"@type\":\"Person\",\"@id\":\"https:\/\/www.polisrecreio.com.br\/site\/#\/schema\/person\/3363c1c78e1e28e1329d97adb387638e\",\"name\":\"Leonardo Ribeiro\",\"image\":{\"@type\":\"ImageObject\",\"@id\":\"https:\/\/www.polisrecreio.com.br\/site\/#personlogo\",\"inLanguage\":\"pt-BR\",\"url\":\"https:\/\/secure.gravatar.com\/avatar\/6ba92a37d621e1a83e23710251178a12?s=96&d=mm&r=g\",\"caption\":\"Leonardo Ribeiro\"},\"sameAs\":[\"http:\/\/www.polisrecreio.com.br\"]}]}<\/script>\n<!-- \/ Yoast SEO plugin. -->","_links":{"self":[{"href":"https:\/\/www.polisrecreio.com.br\/site\/wp-json\/wp\/v2\/posts\/19985"}],"collection":[{"href":"https:\/\/www.polisrecreio.com.br\/site\/wp-json\/wp\/v2\/posts"}],"about":[{"href":"https:\/\/www.polisrecreio.com.br\/site\/wp-json\/wp\/v2\/types\/post"}],"author":[{"embeddable":true,"href":"https:\/\/www.polisrecreio.com.br\/site\/wp-json\/wp\/v2\/users\/3"}],"replies":[{"embeddable":true,"href":"https:\/\/www.polisrecreio.com.br\/site\/wp-json\/wp\/v2\/comments?post=19985"}],"version-history":[{"count":1,"href":"https:\/\/www.polisrecreio.com.br\/site\/wp-json\/wp\/v2\/posts\/19985\/revisions"}],"predecessor-version":[{"id":19987,"href":"https:\/\/www.polisrecreio.com.br\/site\/wp-json\/wp\/v2\/posts\/19985\/revisions\/19987"}],"wp:featuredmedia":[{"embeddable":true,"href":"https:\/\/www.polisrecreio.com.br\/site\/wp-json\/wp\/v2\/media\/19986"}],"wp:attachment":[{"href":"https:\/\/www.polisrecreio.com.br\/site\/wp-json\/wp\/v2\/media?parent=19985"}],"wp:term":[{"taxonomy":"category","embeddable":true,"href":"https:\/\/www.polisrecreio.com.br\/site\/wp-json\/wp\/v2\/categories?post=19985"},{"taxonomy":"post_tag","embeddable":true,"href":"https:\/\/www.polisrecreio.com.br\/site\/wp-json\/wp\/v2\/tags?post=19985"}],"curies":[{"name":"wp","href":"https:\/\/api.w.org\/{rel}","templated":true}]}}