{"id":19988,"date":"2021-03-17T10:57:46","date_gmt":"2021-03-17T13:57:46","guid":{"rendered":"http:\/\/www.polisrecreio.com.br\/site\/?p=19988"},"modified":"2021-03-17T10:57:46","modified_gmt":"2021-03-17T13:57:46","slug":"brasil-passa-pelo-maior-colapso-sanitario-e-hospitalar-da-historia-afirmou-fiocruz","status":"publish","type":"post","link":"https:\/\/www.polisrecreio.com.br\/site\/2021\/03\/17\/brasil-passa-pelo-maior-colapso-sanitario-e-hospitalar-da-historia-afirmou-fiocruz\/","title":{"rendered":"Brasil passa pelo \u201cmaior colapso sanit\u00e1rio e hospitalar da hist\u00f3ria\u201d, afirmou Fiocruz"},"content":{"rendered":"<p style=\"text-align: justify;\">A mais destacada institui\u00e7\u00e3o de ci\u00eancia e tecnologia em sa\u00fade da Am\u00e9rica Latina, a Funda\u00e7\u00e3o Oswaldo Cruz \u201cFiocruz\u201d, afirmou na \u00faltima ter\u00e7a-feira (16) que o Brasil passa pelo &#8220;maior colapso sanit\u00e1rio e hospitalar da hist\u00f3ria&#8221;. O monitoramento divulgado pela institui\u00e7\u00e3o aponta que 24 estados e o Distrito Federal est\u00e3o com taxas de ocupa\u00e7\u00e3o de leitos de Unidades de Terapia Intensiva &#8220;UTI&#8217;s&#8221; do Sistema \u00danico de Sa\u00fade &#8220;SUS&#8221; iguais ou superiores a 80%.<\/p>\n<p><!--more--><\/p>\n<p><a href=\"http:\/\/www.polisrecreio.com.br\/site\/wp-content\/uploads\/2020\/12\/ora\u00e7\u00e3o.jpg\"><img loading=\"lazy\" class=\"aligncenter size-full wp-image-19403\" src=\"http:\/\/www.polisrecreio.com.br\/site\/wp-content\/uploads\/2020\/12\/ora\u00e7\u00e3o.jpg\" alt=\"\" width=\"750\" height=\"500\" srcset=\"https:\/\/www.polisrecreio.com.br\/site\/wp-content\/uploads\/2020\/12\/ora\u00e7\u00e3o.jpg 750w, https:\/\/www.polisrecreio.com.br\/site\/wp-content\/uploads\/2020\/12\/ora\u00e7\u00e3o-300x200.jpg 300w\" sizes=\"(max-width: 750px) 100vw, 750px\" \/><\/a><\/p>\n<p style=\"text-align: justify;\">Al\u00e9m disso:<\/p>\n<ul style=\"text-align: justify;\">\n<li>15 estados est\u00e3o com taxas de ocupa\u00e7\u00e3o de UTIs iguais ou superiores a 90%;<\/li>\n<li>Entre as capitais, 25 est\u00e3o com taxas de ocupa\u00e7\u00e3o das UTIs superiores a 80%; entre elas, 19 t\u00eam a taxa acima de 90%.<\/li>\n<\/ul>\n<p style=\"text-align: justify;\">Na classifica\u00e7\u00e3o da Fiocruz, as taxas de ocupa\u00e7\u00e3o s\u00e3o classificadas em zona de alerta cr\u00edtico (vermelho) quando iguais ou superiores a 80%, em zona de alerta intermedi\u00e1rio (amarelo) quando iguais ou superiores a 60% e inferiores a 80%, e fora de zona de alerta (verde) quando inferiores a 60%.<\/p>\n<p style=\"text-align: justify;\">Na ter\u00e7a-feira, o Brasil registrou novo recorde com 2.798 mortes pela Covid-19 nas \u00faltimas 24 horas\u00a0e totalizou 282.400 \u00f3bitos. Com isso,\u00a0a m\u00e9dia m\u00f3vel de mortes no pa\u00eds nos \u00faltimos 7 dias chegou a 1.976, tamb\u00e9m um novo recorde. Em compara\u00e7\u00e3o \u00e0 m\u00e9dia de 14 dias atr\u00e1s, a varia\u00e7\u00e3o foi de +48%, indicando tend\u00eancia de alta nos \u00f3bitos pela doen\u00e7a.<\/p>\n<p><a href=\"https:\/\/portal.fiocruz.br\/sites\/portal.fiocruz.br\/files\/documentos\/boletim_extraordinario_2021-marco-16-red-red-red.pdf\" target=\"_blank\" rel=\"noopener noreferrer\">Confira os dados completos em Boletim Observat\u00f3rio Covid-19 da Fiocruz<\/a>.<\/p>\n<p><a href=\"http:\/\/www.polisrecreio.com.br\/site\/wp-content\/uploads\/2021\/03\/boletim_alerta_m.jpg\"><img loading=\"lazy\" class=\"aligncenter size-full wp-image-19989\" src=\"http:\/\/www.polisrecreio.com.br\/site\/wp-content\/uploads\/2021\/03\/boletim_alerta_m.jpg\" alt=\"\" width=\"530\" height=\"530\" srcset=\"https:\/\/www.polisrecreio.com.br\/site\/wp-content\/uploads\/2021\/03\/boletim_alerta_m.jpg 530w, https:\/\/www.polisrecreio.com.br\/site\/wp-content\/uploads\/2021\/03\/boletim_alerta_m-300x300.jpg 300w, https:\/\/www.polisrecreio.com.br\/site\/wp-content\/uploads\/2021\/03\/boletim_alerta_m-150x150.jpg 150w\" sizes=\"(max-width: 530px) 100vw, 530px\" \/><\/a><\/p>\n<p>Com informa\u00e7\u00f5es: G1.<\/p>\n","protected":false},"excerpt":{"rendered":"<p>A mais destacada institui\u00e7\u00e3o de ci\u00eancia e tecnologia em sa\u00fade da Am\u00e9rica Latina, a Funda\u00e7\u00e3o Oswaldo Cruz \u201cFiocruz\u201d, afirmou na \u00faltima ter\u00e7a-feira (16) que o Brasil passa pelo &#8220;maior colapso sanit\u00e1rio e hospitalar da hist\u00f3ria&#8221;. O monitoramento divulgado pela institui\u00e7\u00e3o aponta que 24 estados e o Distrito Federal est\u00e3o com taxas de ocupa\u00e7\u00e3o de leitos [&hellip;]<\/p>\n","protected":false},"author":3,"featured_media":0,"comment_status":"open","ping_status":"open","sticky":false,"template":"","format":"standard","meta":[],"categories":[7],"tags":[],"yoast_head":"<!-- This site is optimized with the Yoast SEO plugin v15.6.2 - https:\/\/yoast.com\/wordpress\/plugins\/seo\/ -->\n<meta name=\"robots\" content=\"index, follow, max-snippet:-1, max-image-preview:large, max-video-preview:-1\" \/>\n<link rel=\"canonical\" href=\"https:\/\/www.polisrecreio.com.br\/site\/2021\/03\/17\/brasil-passa-pelo-maior-colapso-sanitario-e-hospitalar-da-historia-afirmou-fiocruz\/\" \/>\n<meta property=\"og:locale\" content=\"pt_BR\" \/>\n<meta property=\"og:type\" content=\"article\" \/>\n<meta property=\"og:title\" content=\"Brasil passa pelo \u201cmaior colapso sanit\u00e1rio e hospitalar da hist\u00f3ria\u201d, afirmou Fiocruz - P\u00f3lis Recreio\" \/>\n<meta property=\"og:description\" content=\"A mais destacada institui\u00e7\u00e3o de ci\u00eancia e tecnologia em sa\u00fade da Am\u00e9rica Latina, a Funda\u00e7\u00e3o Oswaldo Cruz \u201cFiocruz\u201d, afirmou na \u00faltima ter\u00e7a-feira (16) que o Brasil passa pelo &#8220;maior colapso sanit\u00e1rio e hospitalar da hist\u00f3ria&#8221;. O monitoramento divulgado pela institui\u00e7\u00e3o aponta que 24 estados e o Distrito Federal est\u00e3o com taxas de ocupa\u00e7\u00e3o de leitos [&hellip;]\" \/>\n<meta property=\"og:url\" content=\"https:\/\/www.polisrecreio.com.br\/site\/2021\/03\/17\/brasil-passa-pelo-maior-colapso-sanitario-e-hospitalar-da-historia-afirmou-fiocruz\/\" \/>\n<meta property=\"og:site_name\" content=\"P\u00f3lis Recreio\" \/>\n<meta property=\"article:publisher\" content=\"https:\/\/www.facebook.com\/Site-P%c3%b3lis-Recreio-MG-181941708571019\/\" \/>\n<meta property=\"article:published_time\" content=\"2021-03-17T13:57:46+00:00\" \/>\n<meta property=\"og:image\" content=\"http:\/\/www.polisrecreio.com.br\/site\/wp-content\/uploads\/2020\/12\/ora\u00e7\u00e3o.jpg\" \/>\n<meta name=\"twitter:card\" content=\"summary_large_image\" \/>\n<meta name=\"twitter:creator\" content=\"@PolisRecreio\" \/>\n<meta name=\"twitter:site\" content=\"@PolisRecreio\" \/>\n<meta name=\"twitter:label1\" content=\"Est. reading time\">\n\t<meta name=\"twitter:data1\" content=\"2 minutos\">\n<script type=\"application\/ld+json\" class=\"yoast-schema-graph\">{\"@context\":\"https:\/\/schema.org\",\"@graph\":[{\"@type\":\"WebSite\",\"@id\":\"https:\/\/www.polisrecreio.com.br\/site\/#website\",\"url\":\"https:\/\/www.polisrecreio.com.br\/site\/\",\"name\":\"P\\u00f3lis Recreio\",\"description\":\"\",\"potentialAction\":[{\"@type\":\"SearchAction\",\"target\":\"https:\/\/www.polisrecreio.com.br\/site\/?s={search_term_string}\",\"query-input\":\"required name=search_term_string\"}],\"inLanguage\":\"pt-BR\"},{\"@type\":\"ImageObject\",\"@id\":\"https:\/\/www.polisrecreio.com.br\/site\/2021\/03\/17\/brasil-passa-pelo-maior-colapso-sanitario-e-hospitalar-da-historia-afirmou-fiocruz\/#primaryimage\",\"inLanguage\":\"pt-BR\",\"url\":\"http:\/\/www.polisrecreio.com.br\/site\/wp-content\/uploads\/2020\/12\/ora\\u00e7\\u00e3o.jpg\"},{\"@type\":\"WebPage\",\"@id\":\"https:\/\/www.polisrecreio.com.br\/site\/2021\/03\/17\/brasil-passa-pelo-maior-colapso-sanitario-e-hospitalar-da-historia-afirmou-fiocruz\/#webpage\",\"url\":\"https:\/\/www.polisrecreio.com.br\/site\/2021\/03\/17\/brasil-passa-pelo-maior-colapso-sanitario-e-hospitalar-da-historia-afirmou-fiocruz\/\",\"name\":\"Brasil passa pelo \\u201cmaior colapso sanit\\u00e1rio e hospitalar da hist\\u00f3ria\\u201d, afirmou Fiocruz - P\\u00f3lis Recreio\",\"isPartOf\":{\"@id\":\"https:\/\/www.polisrecreio.com.br\/site\/#website\"},\"primaryImageOfPage\":{\"@id\":\"https:\/\/www.polisrecreio.com.br\/site\/2021\/03\/17\/brasil-passa-pelo-maior-colapso-sanitario-e-hospitalar-da-historia-afirmou-fiocruz\/#primaryimage\"},\"datePublished\":\"2021-03-17T13:57:46+00:00\",\"dateModified\":\"2021-03-17T13:57:46+00:00\",\"author\":{\"@id\":\"https:\/\/www.polisrecreio.com.br\/site\/#\/schema\/person\/3363c1c78e1e28e1329d97adb387638e\"},\"inLanguage\":\"pt-BR\",\"potentialAction\":[{\"@type\":\"ReadAction\",\"target\":[\"https:\/\/www.polisrecreio.com.br\/site\/2021\/03\/17\/brasil-passa-pelo-maior-colapso-sanitario-e-hospitalar-da-historia-afirmou-fiocruz\/\"]}]},{\"@type\":\"Person\",\"@id\":\"https:\/\/www.polisrecreio.com.br\/site\/#\/schema\/person\/3363c1c78e1e28e1329d97adb387638e\",\"name\":\"Leonardo Ribeiro\",\"image\":{\"@type\":\"ImageObject\",\"@id\":\"https:\/\/www.polisrecreio.com.br\/site\/#personlogo\",\"inLanguage\":\"pt-BR\",\"url\":\"https:\/\/secure.gravatar.com\/avatar\/6ba92a37d621e1a83e23710251178a12?s=96&d=mm&r=g\",\"caption\":\"Leonardo Ribeiro\"},\"sameAs\":[\"http:\/\/www.polisrecreio.com.br\"]}]}<\/script>\n<!-- \/ Yoast SEO plugin. -->","_links":{"self":[{"href":"https:\/\/www.polisrecreio.com.br\/site\/wp-json\/wp\/v2\/posts\/19988"}],"collection":[{"href":"https:\/\/www.polisrecreio.com.br\/site\/wp-json\/wp\/v2\/posts"}],"about":[{"href":"https:\/\/www.polisrecreio.com.br\/site\/wp-json\/wp\/v2\/types\/post"}],"author":[{"embeddable":true,"href":"https:\/\/www.polisrecreio.com.br\/site\/wp-json\/wp\/v2\/users\/3"}],"replies":[{"embeddable":true,"href":"https:\/\/www.polisrecreio.com.br\/site\/wp-json\/wp\/v2\/comments?post=19988"}],"version-history":[{"count":1,"href":"https:\/\/www.polisrecreio.com.br\/site\/wp-json\/wp\/v2\/posts\/19988\/revisions"}],"predecessor-version":[{"id":19990,"href":"https:\/\/www.polisrecreio.com.br\/site\/wp-json\/wp\/v2\/posts\/19988\/revisions\/19990"}],"wp:attachment":[{"href":"https:\/\/www.polisrecreio.com.br\/site\/wp-json\/wp\/v2\/media?parent=19988"}],"wp:term":[{"taxonomy":"category","embeddable":true,"href":"https:\/\/www.polisrecreio.com.br\/site\/wp-json\/wp\/v2\/categories?post=19988"},{"taxonomy":"post_tag","embeddable":true,"href":"https:\/\/www.polisrecreio.com.br\/site\/wp-json\/wp\/v2\/tags?post=19988"}],"curies":[{"name":"wp","href":"https:\/\/api.w.org\/{rel}","templated":true}]}}