{"id":19991,"date":"2021-03-17T13:57:46","date_gmt":"2021-03-17T16:57:46","guid":{"rendered":"http:\/\/www.polisrecreio.com.br\/site\/?p=19991"},"modified":"2021-03-17T13:57:46","modified_gmt":"2021-03-17T16:57:46","slug":"inscricoes-para-recenseador-do-censo-terminam-sexta-feira-19-em-recreio-sao-11-vagas","status":"publish","type":"post","link":"https:\/\/www.polisrecreio.com.br\/site\/2021\/03\/17\/inscricoes-para-recenseador-do-censo-terminam-sexta-feira-19-em-recreio-sao-11-vagas\/","title":{"rendered":"Inscri\u00e7\u00f5es para recenseador do Censo terminam sexta-feira (19); em Recreio s\u00e3o 11 vagas"},"content":{"rendered":"<p style=\"text-align: justify;\">As inscri\u00e7\u00f5es para a fun\u00e7\u00e3o de recenseador do Censo Demogr\u00e1fico\/IBGE 2021 terminam na pr\u00f3xima sexta-feira (19). A exig\u00eancia \u00e9 ensino fundamental completo. A remunera\u00e7\u00e3o \u00e9 por produtividade. Em Recreio, h\u00e1 11 vagas para esta fun\u00e7\u00e3o respons\u00e1vel pela coleta de dados por meio de entrevistas com moradores.<\/p>\n<p><!--more--><\/p>\n<p><a href=\"http:\/\/www.polisrecreio.com.br\/site\/wp-content\/uploads\/2021\/03\/ibge.jpg\"><img loading=\"lazy\" class=\"aligncenter size-full wp-image-19992\" src=\"http:\/\/www.polisrecreio.com.br\/site\/wp-content\/uploads\/2021\/03\/ibge.jpg\" alt=\"\" width=\"750\" height=\"422\" srcset=\"https:\/\/www.polisrecreio.com.br\/site\/wp-content\/uploads\/2021\/03\/ibge.jpg 650w, https:\/\/www.polisrecreio.com.br\/site\/wp-content\/uploads\/2021\/03\/ibge-300x169.jpg 300w\" sizes=\"(max-width: 750px) 100vw, 750px\" \/><\/a><\/p>\n<p style=\"text-align: justify;\">No ato da inscri\u00e7\u00e3o, ele poder\u00e1 escolher a \u00e1rea de trabalho e em qual cidade realizar\u00e1 a prova. A taxa de inscri\u00e7\u00e3o \u00e9 de R$ 25,77. <a href=\"https:\/\/www.cebraspe.org.br\/concursos\/IBGE_20_RECENSEADOR\" target=\"_blank\" rel=\"noopener noreferrer\">Clique aqui para se inscrever<\/a>.<\/p>\n<p style=\"text-align: justify;\">Como os recenseadores s\u00e3o remunerados por produtividade, o IBGE preparou um simulador online, dispon\u00edvel no\u00a0<a href=\"https:\/\/censo2021.ibge.gov.br\/trabalhe-no-censo\/estimativa-de-remuneracao.html\" target=\"_blank\" rel=\"noopener noreferrer\">hotsite do Censo 2021<\/a>, que calcula quanto o profissional vai receber de acordo com a quantidade de resid\u00eancias visitadas e pessoas entrevistadas, considerando ainda a taxa de remunera\u00e7\u00e3o de cada setor censit\u00e1rio, o tipo de question\u00e1rio preenchido (b\u00e1sico ou amostra) e o registro no controle da coleta de dados. Para estimar a remunera\u00e7\u00e3o, basta acessar o simulador, informar o munic\u00edpio e quantidade de horas que pretende dedicar ao trabalho. A jornada de trabalho recomend\u00e1vel para os recenseadores \u00e9 de, no m\u00ednimo, 25 horas semanais.<\/p>\n<p style=\"text-align: justify;\">Os candidatos a recenseador ser\u00e3o selecionados por uma prova objetiva, de car\u00e1ter eliminat\u00f3rio e classificat\u00f3rio, com 10 quest\u00f5es de L\u00edngua Portuguesa, 10 quest\u00f5es de Matem\u00e1tica, 5 quest\u00f5es sobre \u00c9tica no Servi\u00e7o P\u00fablico e 25 quest\u00f5es de Conhecimentos T\u00e9cnicos. A prova ser\u00e1 aplicada no dia 25 de abril. O resultado final est\u00e1 previsto para 27 de maio.<\/p>\n<p><em>Com informa\u00e7\u00f5es: IBGE.<\/em><\/p>\n","protected":false},"excerpt":{"rendered":"<p>As inscri\u00e7\u00f5es para a fun\u00e7\u00e3o de recenseador do Censo Demogr\u00e1fico\/IBGE 2021 terminam na pr\u00f3xima sexta-feira (19). A exig\u00eancia \u00e9 ensino fundamental completo. A remunera\u00e7\u00e3o \u00e9 por produtividade. Em Recreio, h\u00e1 11 vagas para esta fun\u00e7\u00e3o respons\u00e1vel pela coleta de dados por meio de entrevistas com moradores.<\/p>\n","protected":false},"author":3,"featured_media":19992,"comment_status":"open","ping_status":"open","sticky":false,"template":"","format":"standard","meta":[],"categories":[5],"tags":[],"yoast_head":"<!-- This site is optimized with the Yoast SEO plugin v15.6.2 - https:\/\/yoast.com\/wordpress\/plugins\/seo\/ -->\n<meta name=\"robots\" content=\"index, follow, max-snippet:-1, max-image-preview:large, max-video-preview:-1\" \/>\n<link rel=\"canonical\" href=\"https:\/\/www.polisrecreio.com.br\/site\/2021\/03\/17\/inscricoes-para-recenseador-do-censo-terminam-sexta-feira-19-em-recreio-sao-11-vagas\/\" \/>\n<meta property=\"og:locale\" content=\"pt_BR\" \/>\n<meta property=\"og:type\" content=\"article\" \/>\n<meta property=\"og:title\" content=\"Inscri\u00e7\u00f5es para recenseador do Censo terminam sexta-feira (19); em Recreio s\u00e3o 11 vagas - P\u00f3lis Recreio\" \/>\n<meta property=\"og:description\" content=\"As inscri\u00e7\u00f5es para a fun\u00e7\u00e3o de recenseador do Censo Demogr\u00e1fico\/IBGE 2021 terminam na pr\u00f3xima sexta-feira (19). A exig\u00eancia \u00e9 ensino fundamental completo. A remunera\u00e7\u00e3o \u00e9 por produtividade. Em Recreio, h\u00e1 11 vagas para esta fun\u00e7\u00e3o respons\u00e1vel pela coleta de dados por meio de entrevistas com moradores.\" \/>\n<meta property=\"og:url\" content=\"https:\/\/www.polisrecreio.com.br\/site\/2021\/03\/17\/inscricoes-para-recenseador-do-censo-terminam-sexta-feira-19-em-recreio-sao-11-vagas\/\" \/>\n<meta property=\"og:site_name\" content=\"P\u00f3lis Recreio\" \/>\n<meta property=\"article:publisher\" content=\"https:\/\/www.facebook.com\/Site-P%c3%b3lis-Recreio-MG-181941708571019\/\" \/>\n<meta property=\"article:published_time\" content=\"2021-03-17T16:57:46+00:00\" \/>\n<meta property=\"og:image\" content=\"https:\/\/www.polisrecreio.com.br\/site\/wp-content\/uploads\/2021\/03\/ibge.jpg\" \/>\n\t<meta property=\"og:image:width\" content=\"650\" \/>\n\t<meta property=\"og:image:height\" content=\"366\" \/>\n<meta name=\"twitter:card\" content=\"summary_large_image\" \/>\n<meta name=\"twitter:creator\" content=\"@PolisRecreio\" \/>\n<meta name=\"twitter:site\" content=\"@PolisRecreio\" \/>\n<meta name=\"twitter:label1\" content=\"Est. reading time\">\n\t<meta name=\"twitter:data1\" content=\"2 minutos\">\n<script type=\"application\/ld+json\" class=\"yoast-schema-graph\">{\"@context\":\"https:\/\/schema.org\",\"@graph\":[{\"@type\":\"WebSite\",\"@id\":\"https:\/\/www.polisrecreio.com.br\/site\/#website\",\"url\":\"https:\/\/www.polisrecreio.com.br\/site\/\",\"name\":\"P\\u00f3lis Recreio\",\"description\":\"\",\"potentialAction\":[{\"@type\":\"SearchAction\",\"target\":\"https:\/\/www.polisrecreio.com.br\/site\/?s={search_term_string}\",\"query-input\":\"required name=search_term_string\"}],\"inLanguage\":\"pt-BR\"},{\"@type\":\"ImageObject\",\"@id\":\"https:\/\/www.polisrecreio.com.br\/site\/2021\/03\/17\/inscricoes-para-recenseador-do-censo-terminam-sexta-feira-19-em-recreio-sao-11-vagas\/#primaryimage\",\"inLanguage\":\"pt-BR\",\"url\":\"https:\/\/www.polisrecreio.com.br\/site\/wp-content\/uploads\/2021\/03\/ibge.jpg\",\"width\":650,\"height\":366},{\"@type\":\"WebPage\",\"@id\":\"https:\/\/www.polisrecreio.com.br\/site\/2021\/03\/17\/inscricoes-para-recenseador-do-censo-terminam-sexta-feira-19-em-recreio-sao-11-vagas\/#webpage\",\"url\":\"https:\/\/www.polisrecreio.com.br\/site\/2021\/03\/17\/inscricoes-para-recenseador-do-censo-terminam-sexta-feira-19-em-recreio-sao-11-vagas\/\",\"name\":\"Inscri\\u00e7\\u00f5es para recenseador do Censo terminam sexta-feira (19); em Recreio s\\u00e3o 11 vagas - P\\u00f3lis Recreio\",\"isPartOf\":{\"@id\":\"https:\/\/www.polisrecreio.com.br\/site\/#website\"},\"primaryImageOfPage\":{\"@id\":\"https:\/\/www.polisrecreio.com.br\/site\/2021\/03\/17\/inscricoes-para-recenseador-do-censo-terminam-sexta-feira-19-em-recreio-sao-11-vagas\/#primaryimage\"},\"datePublished\":\"2021-03-17T16:57:46+00:00\",\"dateModified\":\"2021-03-17T16:57:46+00:00\",\"author\":{\"@id\":\"https:\/\/www.polisrecreio.com.br\/site\/#\/schema\/person\/3363c1c78e1e28e1329d97adb387638e\"},\"inLanguage\":\"pt-BR\",\"potentialAction\":[{\"@type\":\"ReadAction\",\"target\":[\"https:\/\/www.polisrecreio.com.br\/site\/2021\/03\/17\/inscricoes-para-recenseador-do-censo-terminam-sexta-feira-19-em-recreio-sao-11-vagas\/\"]}]},{\"@type\":\"Person\",\"@id\":\"https:\/\/www.polisrecreio.com.br\/site\/#\/schema\/person\/3363c1c78e1e28e1329d97adb387638e\",\"name\":\"Leonardo Ribeiro\",\"image\":{\"@type\":\"ImageObject\",\"@id\":\"https:\/\/www.polisrecreio.com.br\/site\/#personlogo\",\"inLanguage\":\"pt-BR\",\"url\":\"https:\/\/secure.gravatar.com\/avatar\/6ba92a37d621e1a83e23710251178a12?s=96&d=mm&r=g\",\"caption\":\"Leonardo Ribeiro\"},\"sameAs\":[\"http:\/\/www.polisrecreio.com.br\"]}]}<\/script>\n<!-- \/ Yoast SEO plugin. -->","_links":{"self":[{"href":"https:\/\/www.polisrecreio.com.br\/site\/wp-json\/wp\/v2\/posts\/19991"}],"collection":[{"href":"https:\/\/www.polisrecreio.com.br\/site\/wp-json\/wp\/v2\/posts"}],"about":[{"href":"https:\/\/www.polisrecreio.com.br\/site\/wp-json\/wp\/v2\/types\/post"}],"author":[{"embeddable":true,"href":"https:\/\/www.polisrecreio.com.br\/site\/wp-json\/wp\/v2\/users\/3"}],"replies":[{"embeddable":true,"href":"https:\/\/www.polisrecreio.com.br\/site\/wp-json\/wp\/v2\/comments?post=19991"}],"version-history":[{"count":1,"href":"https:\/\/www.polisrecreio.com.br\/site\/wp-json\/wp\/v2\/posts\/19991\/revisions"}],"predecessor-version":[{"id":19993,"href":"https:\/\/www.polisrecreio.com.br\/site\/wp-json\/wp\/v2\/posts\/19991\/revisions\/19993"}],"wp:featuredmedia":[{"embeddable":true,"href":"https:\/\/www.polisrecreio.com.br\/site\/wp-json\/wp\/v2\/media\/19992"}],"wp:attachment":[{"href":"https:\/\/www.polisrecreio.com.br\/site\/wp-json\/wp\/v2\/media?parent=19991"}],"wp:term":[{"taxonomy":"category","embeddable":true,"href":"https:\/\/www.polisrecreio.com.br\/site\/wp-json\/wp\/v2\/categories?post=19991"},{"taxonomy":"post_tag","embeddable":true,"href":"https:\/\/www.polisrecreio.com.br\/site\/wp-json\/wp\/v2\/tags?post=19991"}],"curies":[{"name":"wp","href":"https:\/\/api.w.org\/{rel}","templated":true}]}}