{"id":19994,"date":"2021-03-17T19:42:31","date_gmt":"2021-03-17T22:42:31","guid":{"rendered":"http:\/\/www.polisrecreio.com.br\/site\/?p=19994"},"modified":"2021-03-17T19:50:21","modified_gmt":"2021-03-17T22:50:21","slug":"faculdade-esta-oferecendo-bolsas-de-estudo-para-funcionarios-da-prefeitura-de-recreio","status":"publish","type":"post","link":"https:\/\/www.polisrecreio.com.br\/site\/2021\/03\/17\/faculdade-esta-oferecendo-bolsas-de-estudo-para-funcionarios-da-prefeitura-de-recreio\/","title":{"rendered":"Faculdade est\u00e1 oferecendo bolsas de estudo para funcion\u00e1rios da Prefeitura de Recreio"},"content":{"rendered":"<p style=\"text-align: justify;\">A Faculdade EAD UniCesumar \u2013 Polo Cataguases est\u00e1 oferecendo duas bolsas de estudo (1 gradua\u00e7\u00e3o e 1 p\u00f3s-gradua\u00e7\u00e3o) com 100% de desconto para funcion\u00e1rios da Prefeitura de Recreio. Para participar basta o interessado se inscrever no link <a href=\"https:\/\/forms.gle\/idDs4ZEY68aKc5Ya9\">https:\/\/forms.gle\/idDs4ZEY68aKc5Ya9<\/a>.<\/p>\n<p><!--more--><\/p>\n<p><a href=\"http:\/\/www.polisrecreio.com.br\/site\/wp-content\/uploads\/2021\/03\/original-76a50b325307dd3a8b0c9215d539047e-1080x675-1.jpg\"><img loading=\"lazy\" class=\"aligncenter size-full wp-image-19995\" src=\"http:\/\/www.polisrecreio.com.br\/site\/wp-content\/uploads\/2021\/03\/original-76a50b325307dd3a8b0c9215d539047e-1080x675-1.jpg\" alt=\"\" width=\"750\" height=\"469\" srcset=\"https:\/\/www.polisrecreio.com.br\/site\/wp-content\/uploads\/2021\/03\/original-76a50b325307dd3a8b0c9215d539047e-1080x675-1.jpg 650w, https:\/\/www.polisrecreio.com.br\/site\/wp-content\/uploads\/2021\/03\/original-76a50b325307dd3a8b0c9215d539047e-1080x675-1-300x188.jpg 300w\" sizes=\"(max-width: 750px) 100vw, 750px\" \/><\/a><\/p>\n<p style=\"text-align: justify;\">Segundo o regulamento, para participar \u00e9 necess\u00e1rio preencher todos os dados solicitados e estar apto para ingressar nos cursos, bem como indicar qual bolsa de estudos possui interesse (gradua\u00e7\u00e3o ou p\u00f3s-gradua\u00e7\u00e3o). A bolsa ser\u00e1 v\u00e1lida para novas matr\u00edculas.<\/p>\n<p style=\"text-align: justify;\">O sorteado poder\u00e1 transferir seu pr\u00eamio a qualquer pessoa de sua conviv\u00eancia, desde que a mesma esteja apta a cursar uma das duas modalidades.<\/p>\n<p style=\"text-align: justify;\">Os ganhadores ser\u00e3o conhecidos por meio de um sorteio no dia 26 de mar\u00e7o, \u00e0s 14h. A matr\u00edcula dever\u00e1 ser feita at\u00e9 dia 29 de mar\u00e7o.<\/p>\n<p><strong>Confira os cursos dispon\u00edveis:<\/strong><\/p>\n<p><strong>BACHARELADO<\/strong><\/p>\n<p>Administra\u00e7\u00e3o<br \/>\nCi\u00eancias Cont\u00e1beis<br \/>\nCi\u00eancias Econ\u00f4micas<br \/>\nEduca\u00e7\u00e3o F\u00edsica (Bacharelado)<br \/>\nEngenharia de Produ\u00e7\u00e3o<br \/>\nEngenharia de Software<br \/>\nPsicopedagogia<br \/>\nServi\u00e7o Social<br \/>\nTeologia<\/p>\n<p>TECN\u00d3LOGOS<\/p>\n<p>Agroneg\u00f3cio<br \/>\nAn\u00e1lise e Desenvolvimento de Sistemas<br \/>\nDesign de Interiores<br \/>\nDesign de Moda<br \/>\nDesign de Produto<br \/>\nEmpreendedorismo<br \/>\nGastronomia<br \/>\nGest\u00e3o Ambiental<br \/>\nGest\u00e3o Comercial<br \/>\nGest\u00e3o da Qualidade<br \/>\nGest\u00e3o da Tecnologia da Informa\u00e7\u00e3o<br \/>\nGest\u00e3o das Organiza\u00e7\u00f5es do Terceiro Setor<br \/>\nGest\u00e3o de Cooperativas<br \/>\nGest\u00e3o de Lojas e Pontos de Venda<br \/>\nGest\u00e3o de Recursos Humanos<br \/>\nGest\u00e3o de Seguran\u00e7a Privada<br \/>\nGest\u00e3o Financeira<br \/>\nGest\u00e3o Hospitalar<br \/>\nGest\u00e3o P\u00fablica<br \/>\nLog\u00edstica<br \/>\nMarketing<br \/>\nNeg\u00f3cios Imobili\u00e1rios<br \/>\nProcessos Gerenciais<br \/>\nProdu\u00e7\u00e3o Cervejeira<br \/>\nSecretariado<br \/>\nSeguran\u00e7a Alimentar<br \/>\nSeguran\u00e7a no Trabalho<br \/>\nSistemas para Internet<\/p>\n<p>LICENCIATURAS<\/p>\n<p>Artes Visuais<br \/>\nCi\u00eancias Biol\u00f3gicas<br \/>\nEduca\u00e7\u00e3o F\u00edsica<br \/>\nFilosofia<br \/>\nGeografia<br \/>\nHist\u00f3ria<br \/>\nLetras &#8211; Portugu\u00eas\/Ingl\u00eas<br \/>\nMatem\u00e1tica Pedagogia<br \/>\nSociologia<\/p>\n<p>Geografia (2\u00aaLicenciatura)<br \/>\nHist\u00f3ria (2\u00aaLicenciatura)<br \/>\nPedagogia (2\u00aaLicenciatura)<\/p>\n<p><strong>P\u00d3S-GRADUA\u00c7\u00c3O<\/strong><br \/>\n<strong>ALIMENTOS E BEBIDAS<\/strong><br \/>\n\u2714 P\u00f3s-Gradua\u00e7\u00e3o em Gastronomia Funcional e Natural<br \/>\n\u2714 P\u00f3s-Gradua\u00e7\u00e3o em Gest\u00e3o Estrat\u00e9gica em Neg\u00f3cios Gastron\u00f4micos<\/p>\n<p>AMBIENTAL<br \/>\n\u2714 P\u00f3s-gradua\u00e7\u00e3o em Biotecnologia Ambiental<br \/>\n\u2714 P\u00f3s-gradua\u00e7\u00e3o em Educa\u00e7\u00e3o Ambiental e Sustentabilidade<br \/>\n\u2714 P\u00f3s-Gradua\u00e7\u00e3o em Gest\u00e3o Ambiental<\/p>\n<p>\u2714 P\u00f3s-Gradua\u00e7\u00e3o em Per\u00edcia e Auditoria Ambiental<\/p>\n<p>DIREITO<br \/>\n\u2714 P\u00f3s-Gradua\u00e7\u00e3o em Direito Imobili\u00e1rio<br \/>\n\u2714 P\u00f3s-Gradua\u00e7\u00e3o em Direitos Humanos e Realidades Regionais<br \/>\n\u2714 P\u00f3s-Gradua\u00e7\u00e3o em Fashion Law &#8211; Direito da Moda<br \/>\n\u2714 P\u00f3s-Gradua\u00e7\u00e3o em Governan\u00e7a Corporativa e Responsabilidade Social<br \/>\n\u2714 P\u00f3s-Gradua\u00e7\u00e3o em Meio Ambiente e Sustentabilidade<br \/>\n\u2714 P\u00f3s-Gradua\u00e7\u00e3o em Pol\u00edticas P\u00fablicas e Municipalidade<\/p>\n<p>EDUCA\u00c7\u00c3O<br \/>\n\u2714 MBA em Pedagogia n\u00e3o Formal: Novos Espa\u00e7os para a Atua\u00e7\u00e3o do Pedagogo<br \/>\n\u2714 P\u00f3s-gradua\u00e7\u00e3o em Ambiente Escolar e Familiar<br \/>\n\u2714 P\u00f3s-Gradua\u00e7\u00e3o em Arte, Cultura e Educa\u00e7\u00e3o<br \/>\n\u2714 P\u00f3s-Gradua\u00e7\u00e3o em Atendimento Educacional Especializado &#8211; Educa\u00e7\u00e3o Especial e Inclusiva<br \/>\n\u2714 P\u00f3s-Gradua\u00e7\u00e3o em Doc\u00eancia Aplicada a Quest\u00f5es Socioeducativas<br \/>\n\u2714 P\u00f3s-Gradua\u00e7\u00e3o em Doc\u00eancia no Ensino Superior<br \/>\n\u2714 P\u00f3s-Gradua\u00e7\u00e3o em EAD e as Novas Tecnologias Educacionais<br \/>\n\u2714 P\u00f3s-Gradua\u00e7\u00e3o em Educa\u00e7\u00e3o de Jovens e Adultos e Ludopedagogia<br \/>\n\u2714 P\u00f3s-Gradua\u00e7\u00e3o em Educa\u00e7\u00e3o do Campo<br \/>\n\u2714 P\u00f3s-Gradua\u00e7\u00e3o em Educa\u00e7\u00e3o F\u00edsica Escolar<br \/>\n\u2714 P\u00f3s-Gradua\u00e7\u00e3o em Educa\u00e7\u00e3o Infantil e Anos Iniciais do Ensino Fundamental<br \/>\n\u2714 P\u00f3s-Gradua\u00e7\u00e3o em Ensino de Hist\u00f3ria e Geografia e suas Linguagens<br \/>\n\u2714 P\u00f3s-Gradua\u00e7\u00e3o em Gest\u00e3o Educacional<br \/>\n\u2714 P\u00f3s-Gradua\u00e7\u00e3o em Hist\u00f3ria, Cultura e Literatura Afro Brasileira e Ind\u00edgena<br \/>\n\u2714 P\u00f3s-Gradua\u00e7\u00e3o em Inova\u00e7\u00f5es no Ensino de Matem\u00e1tica<br \/>\n\u2714 P\u00f3s-Gradua\u00e7\u00e3o em Leitura e Produ\u00e7\u00e3o Textual<br \/>\n\u2714 P\u00f3s-Gradua\u00e7\u00e3o em L\u00edngua Portuguesa e Literatura no Contexto Educacional<br \/>\n\u2714 P\u00f3s-Gradua\u00e7\u00e3o em Ludicidade no Curr\u00edculo Escolar<br \/>\n\u2714 P\u00f3s-Gradua\u00e7\u00e3o em Neuroaprendizagem<br \/>\n\u2714 P\u00f3s-Gradua\u00e7\u00e3o em Pol\u00edticas Educacionais e Educa\u00e7\u00e3o Democr\u00e1tica<br \/>\n\u2714 P\u00f3s-Gradua\u00e7\u00e3o em Pr\u00e1ticas Inovadoras em Educa\u00e7\u00e3o<br \/>\n\u2714 P\u00f3s-Gradua\u00e7\u00e3o em Teatro, Expressividade e Dinamismo no Ambiente Escolar<br \/>\n\u2714 P\u00f3s-Gradua\u00e7\u00e3o em Metodologias e Processos em EAD<br \/>\n\u2714\u00a0P\u00f3s-Gradua\u00e7\u00e3o em Did\u00e1tica Inovadora na Educa\u00e7\u00e3o B\u00e1sica<br \/>\n\u2714\u00a0P\u00f3s-Gradua\u00e7\u00e3o em Pedagogia: a sala de aula no ambiente familiar<\/p>\n<p>INOVA\u00c7\u00c3O E CRIATIVIDADE<\/p>\n<p>\u2714 MBA em Inova\u00e7\u00e3o e Criatividade no Ambiente Empresarial<br \/>\n\u2714 MBA em Marketing, Criatividade e Inova\u00e7\u00e3o<br \/>\n\u2714 MBA Executivo em Economia Criativa, Cultura e Inova\u00e7\u00e3o<br \/>\n\u2714 P\u00f3s-Gradua\u00e7\u00e3o em Inova\u00e7\u00e3o e Gest\u00e3o de Conte\u00fado para a Economia Criativa<br \/>\n\u2714 P\u00f3s-gradua\u00e7\u00e3o em Neg\u00f3cios e Inova\u00e7\u00e3o nas Organiza\u00e7\u00f5es<\/p>\n<p>MODA E DESIGN<br \/>\n\u2714 P\u00f3s-Gradua\u00e7\u00e3o em Moda e Neg\u00f3cio<br \/>\n\u2714 P\u00f3s-Gradua\u00e7\u00e3o em Projeto de Interiores<\/p>\n<p>MULTIDISCIPLINAR<br \/>\n\u2714 P\u00f3s-Gradua\u00e7\u00e3o em Ci\u00eancia Pol\u00edtica<br \/>\n\u2714 P\u00f3s-Gradua\u00e7\u00e3o em Gest\u00e3o da Aprendizagem e Educa\u00e7\u00e3o Cognitiva<br \/>\n\u2714 P\u00f3s-Gradua\u00e7\u00e3o em Gest\u00e3o do Conhecimento na Educa\u00e7\u00e3o<br \/>\n\u2714 P\u00f3s-Gradua\u00e7\u00e3o em Pedagogia Empresarial e Desenvolvimento do Conhecimento<\/p>\n<p>NEG\u00d3CIOS<br \/>\n\u2714 MBA em Agroneg\u00f3cio<br \/>\n\u2714 MBA em Coaching aplicado \u00e0 Gest\u00e3o de Pessoas<br \/>\n\u2714 MBA em Coaching com \u00canfase em Mentoring para Gest\u00e3o de Pessoas<br \/>\n\u2714 MBA em Educa\u00e7\u00e3o Executiva e An\u00e1lise Organizacional<br \/>\n\u2714 MBA em Gest\u00e3o da Comunica\u00e7\u00e3o Organizacional<br \/>\n\u2714 MBA em Gest\u00e3o de Neg\u00f3cios e Inova\u00e7\u00e3o<br \/>\n\u2714 MBA em Gest\u00e3o de Projetos e Neg\u00f3cios Sociais<br \/>\n\u2714 MBA em Gest\u00e3o do Conhecimento nas Organiza\u00e7\u00f5es<br \/>\n\u2714 MBA em Planejamento e Estrat\u00e9gia Organizacional<\/p>\n<p>\u2714 MBA em Supply Chain Management: Gerenciamento da Cadeia de Suprimentos<br \/>\n\u2714 P\u00f3s-Gradua\u00e7\u00e3o em Administra\u00e7\u00e3o Financeira<br \/>\n\u2714 P\u00f3s-Gradua\u00e7\u00e3o em Administra\u00e7\u00e3o P\u00fablica<br \/>\n\u2714 P\u00f3s-Gradua\u00e7\u00e3o em Auditoria, Contabilidade e Per\u00edcia Cont\u00e1bil<br \/>\n\u2714 P\u00f3s-Gradua\u00e7\u00e3o em Comunica\u00e7\u00e3o Empresarial e Marketing Digital<br \/>\n\u2714 P\u00f3s-Gradua\u00e7\u00e3o em Design Thinking e Criatividade nas Organiza\u00e7\u00f5es<br \/>\n\u2714 P\u00f3s-Gradua\u00e7\u00e3o em Empreendedorismo e Inova\u00e7\u00e3o Social nas Organiza\u00e7\u00f5es<br \/>\n\u2714 P\u00f3s-Gradua\u00e7\u00e3o em Empreendimentos e Neg\u00f3cios Imobili\u00e1rios<br \/>\n\u2714 P\u00f3s-Gradua\u00e7\u00e3o em Engenharia e Gest\u00e3o da Produ\u00e7\u00e3o<br \/>\n\u2714 P\u00f3s-Gradua\u00e7\u00e3o em Gest\u00e3o da Qualidade<br \/>\n\u2714 P\u00f3s-Gradua\u00e7\u00e3o em Gest\u00e3o de Custos e Planejamento Estrat\u00e9gico<br \/>\n\u2714 P\u00f3s-Gradua\u00e7\u00e3o em Gest\u00e3o de Pessoas na Administra\u00e7\u00e3o P\u00fablica<br \/>\n\u2714 P\u00f3s-Gradua\u00e7\u00e3o em Gest\u00e3o de Projetos<br \/>\n\u2714 P\u00f3s-Gradua\u00e7\u00e3o em Gest\u00e3o do Comportamento e da Interatividade em Organiza\u00e7\u00f5es<br \/>\n\u2714 P\u00f3s-gradua\u00e7\u00e3o em Gest\u00e3o e Planejamento<br \/>\n\u2714 P\u00f3s-Gradua\u00e7\u00e3o em Gest\u00e3o Estrat\u00e9gica de Neg\u00f3cios<br \/>\n\u2714 P\u00f3s-gradua\u00e7\u00e3o em Gest\u00e3o Estrat\u00e9gica de Pessoas<br \/>\n\u2714 P\u00f3s-Gradua\u00e7\u00e3o em Gest\u00e3o Estrat\u00e9gica do Varejo<br \/>\n\u2714 P\u00f3s-Gradua\u00e7\u00e3o em Governan\u00e7a Corporativa e Gest\u00e3o Estrat\u00e9gica<br \/>\n\u2714 P\u00f3s-Gradua\u00e7\u00e3o em Lideran\u00e7a Inovadora<br \/>\n\u2714 P\u00f3s-Gradua\u00e7\u00e3o em Log\u00edstica<br \/>\n\u2714 P\u00f3s-gradua\u00e7\u00e3o em Marketing<br \/>\n\u2714 P\u00f3s-gradua\u00e7\u00e3o em Marketing Digital<br \/>\n\u2714 P\u00f3s-gradua\u00e7\u00e3o em Marketing e M\u00eddias Digitais<br \/>\n\u2714 P\u00f3s-gradua\u00e7\u00e3o em Mercado Financeiro e Banking<br \/>\n\u2714 P\u00f3s-Gradua\u00e7\u00e3o em Neg\u00f3cios Digitais e Inova\u00e7\u00e3o<br \/>\n\u2714 P\u00f3s-Gradua\u00e7\u00e3o em Planejamento e Gest\u00e3o de Tr\u00e2nsito<br \/>\n\u2714 P\u00f3s-Gradua\u00e7\u00e3o em Planejamento e Organiza\u00e7\u00e3o de Eventos<br \/>\n\u2714 P\u00f3s-Gradua\u00e7\u00e3o em Seguran\u00e7a do Trabalho<br \/>\n\u2714 P\u00f3s-Gradua\u00e7\u00e3o em Sistema Financeiro e Mercado de Capitais<br \/>\n\u2714 P\u00f3s-Gradua\u00e7\u00e3o em Neg\u00f3cios \u00c1geis<br \/>\n\u2714 P\u00f3s-Gradua\u00e7\u00e3o em Desenvolvimento Profissional<\/p>\n<p>SA\u00daDE<br \/>\n\u2714 P\u00f3s-Gradua\u00e7\u00e3o em Gest\u00e3o da Qualidade em Sa\u00fade<br \/>\nP\u00f3s-gradua\u00e7\u00e3o em Gest\u00e3o Estrat\u00e9gica de Organiza\u00e7\u00f5es da Sa\u00fade<br \/>\n\u2714 P\u00f3s-gradua\u00e7\u00e3o em Higiene Ocupacional<\/p>\n<p>SOCIAL<br \/>\n\u2714 P\u00f3s-gradua\u00e7\u00e3o em Educa\u00e7\u00e3o Social e Cidadania<br \/>\n\u2714 P\u00f3s-gradua\u00e7\u00e3o em Gest\u00e3o do Sistema \u00danico da Assist\u00eancia Social<\/p>\n<p>TECNOLOGIA<br \/>\n\u2714 P\u00f3s-Gradua\u00e7\u00e3o em Banco de Dados<br \/>\n\u2714 P\u00f3s-gradua\u00e7\u00e3o em Pr\u00e1tica de Metodologias \u00c1geis<\/p>\n<p>TEOLOGIA<br \/>\n\u2714 P\u00f3s-gradua\u00e7\u00e3o em Estudos B\u00edblicos no Antigo Testamento<br \/>\n\u2714 P\u00f3s-gradua\u00e7\u00e3o em Estudos B\u00edblicos no Novo Testamento<\/p>\n","protected":false},"excerpt":{"rendered":"<p>A Faculdade EAD UniCesumar \u2013 Polo Cataguases est\u00e1 oferecendo duas bolsas de estudo (1 gradua\u00e7\u00e3o e 1 p\u00f3s-gradua\u00e7\u00e3o) com 100% de desconto para funcion\u00e1rios da Prefeitura de Recreio. Para participar basta o interessado se inscrever no link https:\/\/forms.gle\/idDs4ZEY68aKc5Ya9.<\/p>\n","protected":false},"author":3,"featured_media":19995,"comment_status":"open","ping_status":"open","sticky":false,"template":"","format":"standard","meta":[],"categories":[9],"tags":[],"yoast_head":"<!-- This site is optimized with the Yoast SEO plugin v15.6.2 - https:\/\/yoast.com\/wordpress\/plugins\/seo\/ -->\n<meta name=\"robots\" content=\"index, follow, max-snippet:-1, max-image-preview:large, max-video-preview:-1\" \/>\n<link rel=\"canonical\" href=\"http:\/\/www.polisrecreio.com.br\/site\/2021\/03\/17\/faculdade-esta-oferecendo-bolsas-de-estudo-para-funcionarios-da-prefeitura-de-recreio\/\" \/>\n<meta property=\"og:locale\" content=\"pt_BR\" \/>\n<meta property=\"og:type\" content=\"article\" \/>\n<meta property=\"og:title\" content=\"Faculdade est\u00e1 oferecendo bolsas de estudo para funcion\u00e1rios da Prefeitura de Recreio - P\u00f3lis Recreio\" \/>\n<meta property=\"og:description\" content=\"A Faculdade EAD UniCesumar \u2013 Polo Cataguases est\u00e1 oferecendo duas bolsas de estudo (1 gradua\u00e7\u00e3o e 1 p\u00f3s-gradua\u00e7\u00e3o) com 100% de desconto para funcion\u00e1rios da Prefeitura de Recreio. Para participar basta o interessado se inscrever no link https:\/\/forms.gle\/idDs4ZEY68aKc5Ya9.\" \/>\n<meta property=\"og:url\" content=\"http:\/\/www.polisrecreio.com.br\/site\/2021\/03\/17\/faculdade-esta-oferecendo-bolsas-de-estudo-para-funcionarios-da-prefeitura-de-recreio\/\" \/>\n<meta property=\"og:site_name\" content=\"P\u00f3lis Recreio\" \/>\n<meta property=\"article:publisher\" content=\"https:\/\/www.facebook.com\/Site-P%c3%b3lis-Recreio-MG-181941708571019\/\" \/>\n<meta property=\"article:published_time\" content=\"2021-03-17T22:42:31+00:00\" \/>\n<meta property=\"article:modified_time\" content=\"2021-03-17T22:50:21+00:00\" \/>\n<meta property=\"og:image\" content=\"https:\/\/www.polisrecreio.com.br\/site\/wp-content\/uploads\/2021\/03\/original-76a50b325307dd3a8b0c9215d539047e-1080x675-1.jpg\" \/>\n\t<meta property=\"og:image:width\" content=\"650\" \/>\n\t<meta property=\"og:image:height\" content=\"406\" \/>\n<meta name=\"twitter:card\" content=\"summary_large_image\" \/>\n<meta name=\"twitter:creator\" content=\"@PolisRecreio\" \/>\n<meta name=\"twitter:site\" content=\"@PolisRecreio\" \/>\n<meta name=\"twitter:label1\" content=\"Est. reading time\">\n\t<meta name=\"twitter:data1\" content=\"5 minutos\">\n<script type=\"application\/ld+json\" class=\"yoast-schema-graph\">{\"@context\":\"https:\/\/schema.org\",\"@graph\":[{\"@type\":\"WebSite\",\"@id\":\"https:\/\/www.polisrecreio.com.br\/site\/#website\",\"url\":\"https:\/\/www.polisrecreio.com.br\/site\/\",\"name\":\"P\\u00f3lis Recreio\",\"description\":\"\",\"potentialAction\":[{\"@type\":\"SearchAction\",\"target\":\"https:\/\/www.polisrecreio.com.br\/site\/?s={search_term_string}\",\"query-input\":\"required name=search_term_string\"}],\"inLanguage\":\"pt-BR\"},{\"@type\":\"ImageObject\",\"@id\":\"http:\/\/www.polisrecreio.com.br\/site\/2021\/03\/17\/faculdade-esta-oferecendo-bolsas-de-estudo-para-funcionarios-da-prefeitura-de-recreio\/#primaryimage\",\"inLanguage\":\"pt-BR\",\"url\":\"https:\/\/www.polisrecreio.com.br\/site\/wp-content\/uploads\/2021\/03\/original-76a50b325307dd3a8b0c9215d539047e-1080x675-1.jpg\",\"width\":650,\"height\":406},{\"@type\":\"WebPage\",\"@id\":\"http:\/\/www.polisrecreio.com.br\/site\/2021\/03\/17\/faculdade-esta-oferecendo-bolsas-de-estudo-para-funcionarios-da-prefeitura-de-recreio\/#webpage\",\"url\":\"http:\/\/www.polisrecreio.com.br\/site\/2021\/03\/17\/faculdade-esta-oferecendo-bolsas-de-estudo-para-funcionarios-da-prefeitura-de-recreio\/\",\"name\":\"Faculdade est\\u00e1 oferecendo bolsas de estudo para funcion\\u00e1rios da Prefeitura de Recreio - P\\u00f3lis Recreio\",\"isPartOf\":{\"@id\":\"https:\/\/www.polisrecreio.com.br\/site\/#website\"},\"primaryImageOfPage\":{\"@id\":\"http:\/\/www.polisrecreio.com.br\/site\/2021\/03\/17\/faculdade-esta-oferecendo-bolsas-de-estudo-para-funcionarios-da-prefeitura-de-recreio\/#primaryimage\"},\"datePublished\":\"2021-03-17T22:42:31+00:00\",\"dateModified\":\"2021-03-17T22:50:21+00:00\",\"author\":{\"@id\":\"https:\/\/www.polisrecreio.com.br\/site\/#\/schema\/person\/3363c1c78e1e28e1329d97adb387638e\"},\"inLanguage\":\"pt-BR\",\"potentialAction\":[{\"@type\":\"ReadAction\",\"target\":[\"http:\/\/www.polisrecreio.com.br\/site\/2021\/03\/17\/faculdade-esta-oferecendo-bolsas-de-estudo-para-funcionarios-da-prefeitura-de-recreio\/\"]}]},{\"@type\":\"Person\",\"@id\":\"https:\/\/www.polisrecreio.com.br\/site\/#\/schema\/person\/3363c1c78e1e28e1329d97adb387638e\",\"name\":\"Leonardo Ribeiro\",\"image\":{\"@type\":\"ImageObject\",\"@id\":\"https:\/\/www.polisrecreio.com.br\/site\/#personlogo\",\"inLanguage\":\"pt-BR\",\"url\":\"https:\/\/secure.gravatar.com\/avatar\/6ba92a37d621e1a83e23710251178a12?s=96&d=mm&r=g\",\"caption\":\"Leonardo Ribeiro\"},\"sameAs\":[\"http:\/\/www.polisrecreio.com.br\"]}]}<\/script>\n<!-- \/ Yoast SEO plugin. -->","_links":{"self":[{"href":"https:\/\/www.polisrecreio.com.br\/site\/wp-json\/wp\/v2\/posts\/19994"}],"collection":[{"href":"https:\/\/www.polisrecreio.com.br\/site\/wp-json\/wp\/v2\/posts"}],"about":[{"href":"https:\/\/www.polisrecreio.com.br\/site\/wp-json\/wp\/v2\/types\/post"}],"author":[{"embeddable":true,"href":"https:\/\/www.polisrecreio.com.br\/site\/wp-json\/wp\/v2\/users\/3"}],"replies":[{"embeddable":true,"href":"https:\/\/www.polisrecreio.com.br\/site\/wp-json\/wp\/v2\/comments?post=19994"}],"version-history":[{"count":4,"href":"https:\/\/www.polisrecreio.com.br\/site\/wp-json\/wp\/v2\/posts\/19994\/revisions"}],"predecessor-version":[{"id":19999,"href":"https:\/\/www.polisrecreio.com.br\/site\/wp-json\/wp\/v2\/posts\/19994\/revisions\/19999"}],"wp:featuredmedia":[{"embeddable":true,"href":"https:\/\/www.polisrecreio.com.br\/site\/wp-json\/wp\/v2\/media\/19995"}],"wp:attachment":[{"href":"https:\/\/www.polisrecreio.com.br\/site\/wp-json\/wp\/v2\/media?parent=19994"}],"wp:term":[{"taxonomy":"category","embeddable":true,"href":"https:\/\/www.polisrecreio.com.br\/site\/wp-json\/wp\/v2\/categories?post=19994"},{"taxonomy":"post_tag","embeddable":true,"href":"https:\/\/www.polisrecreio.com.br\/site\/wp-json\/wp\/v2\/tags?post=19994"}],"curies":[{"name":"wp","href":"https:\/\/api.w.org\/{rel}","templated":true}]}}