{"id":200,"date":"2015-02-04T16:21:11","date_gmt":"2015-02-04T19:21:11","guid":{"rendered":"http:\/\/www.polisrecreio.com.br\/site\/?p=200"},"modified":"2017-02-23T09:40:54","modified_gmt":"2017-02-23T12:40:54","slug":"mosquito-da-dengue-esta-se-adaptando-ao-clima-adverso-e-notificacoes-suspeitas-chegam-a-quase-200-em-recreio","status":"publish","type":"post","link":"https:\/\/www.polisrecreio.com.br\/site\/2015\/02\/04\/mosquito-da-dengue-esta-se-adaptando-ao-clima-adverso-e-notificacoes-suspeitas-chegam-a-quase-200-em-recreio\/","title":{"rendered":"Mosquito da dengue est\u00e1 se adaptando ao clima adverso e notifica\u00e7\u00f5es suspeitas chegam a quase 200 em Recreio"},"content":{"rendered":"<p style=\"text-align: justify;\">H\u00e1 algum tempo notifica\u00e7\u00f5es de pessoas com sintomas de dengue em per\u00edodos de estiagem era quase inexistente, mas o que o pesquisador de Parasitologia da UNESP, Cl\u00e1udio Jos\u00e9 Von Zubem, divulgou em 16 de julho de 2014 em mat\u00e9ria publicada no Portal Brasil est\u00e1 acontecendo em Recreio, ou seja, a adapta\u00e7\u00e3o do Aedes Aegypti ao clima adverso.<\/p>\n<p style=\"text-align: justify;\"><!--more--><\/p>\n<p style=\"text-align: justify;\">Nos \u00faltimos meses o clima no Munic\u00edpio tem sido muito seco, com sol escaldante e rar\u00edssimas chuvas, o que daria para acreditar que os casos de dengue n\u00e3o aconteceriam devido \u00e0 falta de \u00e1gua para o crescimento das larvas, por\u00e9m as notifica\u00e7\u00f5es j\u00e1 chegaram a quase 200 em todo territ\u00f3rio, sendo 133 em Recreio (cidade), 62 em Concei\u00e7\u00e3o da Boa Vista (distrito) e 2 em Angaturama (distrito).<\/p>\n<figure id=\"attachment_204\" aria-describedby=\"caption-attachment-204\" style=\"width: 287px\" class=\"wp-caption alignleft\"><a href=\"http:\/\/www.polisrecreio.com.br\/site\/wp-content\/uploads\/2015\/11\/DSC02439.jpg\"><img loading=\"lazy\" class=\"wp-image-204\" src=\"http:\/\/www.polisrecreio.com.br\/site\/wp-content\/uploads\/2015\/11\/DSC02439-300x225.jpg\" alt=\"DSC02439\" width=\"287\" height=\"215\" srcset=\"https:\/\/www.polisrecreio.com.br\/site\/wp-content\/uploads\/2015\/11\/DSC02439-300x225.jpg 300w, https:\/\/www.polisrecreio.com.br\/site\/wp-content\/uploads\/2015\/11\/DSC02439-1024x768.jpg 1024w\" sizes=\"(max-width: 287px) 100vw, 287px\" \/><\/a><figcaption id=\"caption-attachment-204\" class=\"wp-caption-text\">Agentes encontrando larvas em \u00e1gua suja.<\/figcaption><\/figure>\n<p style=\"text-align: justify;\">De acordo com os levantamentos de \u00edndice de infesta\u00e7\u00e3o \u201cL.I\u201d realizados no m\u00eas de outubro, Recreio est\u00e1 com \u00edndice de 2,1% e Concei\u00e7\u00e3o Boa Vista com 9,7%, ambos acima do aceit\u00e1vel pelo Minist\u00e9rio da Sa\u00fade (1%), o que torna ver\u00eddica mais uma informa\u00e7\u00e3o do pesquisador da UNESP, segundo ele \u201choje a gente observa que, em \u00e1gua n\u00e3o t\u00e3o limpa, podemos ter a cria\u00e7\u00e3o das formas imaturas dessas esp\u00e9cies&#8230;\u201d, fato confirmado pelos agentes municipais de endemias que est\u00e3o encontrando larvas em materiais com \u00e1gua suja, bueiros e at\u00e9 em redes de esgoto.<\/p>\n<figure id=\"attachment_203\" aria-describedby=\"caption-attachment-203\" style=\"width: 262px\" class=\"wp-caption alignright\"><a href=\"http:\/\/www.polisrecreio.com.br\/site\/wp-content\/uploads\/2015\/11\/IMG-20151021-WA0017-C\u00f3pia.jpg\"><img loading=\"lazy\" class=\"wp-image-203\" src=\"http:\/\/www.polisrecreio.com.br\/site\/wp-content\/uploads\/2015\/11\/IMG-20151021-WA0017-C\u00f3pia-300x258.jpg\" alt=\"IMG-20151021-WA0017 - C\u00f3pia\" width=\"262\" height=\"225\" srcset=\"https:\/\/www.polisrecreio.com.br\/site\/wp-content\/uploads\/2015\/11\/IMG-20151021-WA0017-C\u00f3pia-300x258.jpg 300w, https:\/\/www.polisrecreio.com.br\/site\/wp-content\/uploads\/2015\/11\/IMG-20151021-WA0017-C\u00f3pia.jpg 900w\" sizes=\"(max-width: 262px) 100vw, 262px\" \/><\/a><figcaption id=\"caption-attachment-203\" class=\"wp-caption-text\">Agente trabalhando com UBV Costal.<\/figcaption><\/figure>\n<p style=\"text-align: justify;\">Para combater o mosquito da dengue a Secretaria Municipal de Sa\u00fade est\u00e1 atuando com a equipe da epidemiologia no trabalho com UBV Costal, tratamento focal, mutir\u00f5es de limpeza e campanhas de conscientiza\u00e7\u00e3o, tanto na cidade como tamb\u00e9m nos distritos.<\/p>\n<p style=\"text-align: justify;\">A equipe da sa\u00fade aproveita para refor\u00e7ar o pedido para n\u00e3o deixar \u00e1gua parada em nenhum local e ainda lembra que o ovo do Aedes Aegypti pode ficar no per\u00edodo seco, sem \u00e1gua, por mais de um ano, ent\u00e3o, logo que vem a chuva o ovo eclodi, vira larva e em seguida torna-se um mosquito transmissor, isso tudo em um per\u00edodo de apenas 10 dias.<\/p>\n<p style=\"text-align: justify;\">\n<p style=\"text-align: justify;\"><em>Com informa\u00e7\u00f5es: http:\/\/www.brasil.gov.br\/saude\/2014\/07\/mosquito-da-dengue-esta-se-adaptando-ao-clima-adverso<\/em><\/p>\n","protected":false},"excerpt":{"rendered":"<p>H\u00e1 algum tempo notifica\u00e7\u00f5es de pessoas com sintomas de dengue em per\u00edodos de estiagem era quase inexistente, mas o que o pesquisador de Parasitologia da UNESP, Cl\u00e1udio Jos\u00e9 Von Zubem, divulgou em 16 de julho de 2014 em mat\u00e9ria publicada no Portal Brasil est\u00e1 acontecendo em Recreio, ou seja, a adapta\u00e7\u00e3o do Aedes Aegypti ao [&hellip;]<\/p>\n","protected":false},"author":3,"featured_media":201,"comment_status":"closed","ping_status":"closed","sticky":false,"template":"","format":"standard","meta":[],"categories":[1],"tags":[],"yoast_head":"<!-- This site is optimized with the Yoast SEO plugin v15.6.2 - https:\/\/yoast.com\/wordpress\/plugins\/seo\/ -->\n<meta name=\"robots\" content=\"index, follow, max-snippet:-1, max-image-preview:large, max-video-preview:-1\" \/>\n<link rel=\"canonical\" href=\"https:\/\/www.polisrecreio.com.br\/site\/2015\/02\/04\/mosquito-da-dengue-esta-se-adaptando-ao-clima-adverso-e-notificacoes-suspeitas-chegam-a-quase-200-em-recreio\/\" \/>\n<meta property=\"og:locale\" content=\"pt_BR\" \/>\n<meta property=\"og:type\" content=\"article\" \/>\n<meta property=\"og:title\" content=\"Mosquito da dengue est\u00e1 se adaptando ao clima adverso e notifica\u00e7\u00f5es suspeitas chegam a quase 200 em Recreio - P\u00f3lis Recreio\" \/>\n<meta property=\"og:description\" content=\"H\u00e1 algum tempo notifica\u00e7\u00f5es de pessoas com sintomas de dengue em per\u00edodos de estiagem era quase inexistente, mas o que o pesquisador de Parasitologia da UNESP, Cl\u00e1udio Jos\u00e9 Von Zubem, divulgou em 16 de julho de 2014 em mat\u00e9ria publicada no Portal Brasil est\u00e1 acontecendo em Recreio, ou seja, a adapta\u00e7\u00e3o do Aedes Aegypti ao [&hellip;]\" \/>\n<meta property=\"og:url\" content=\"https:\/\/www.polisrecreio.com.br\/site\/2015\/02\/04\/mosquito-da-dengue-esta-se-adaptando-ao-clima-adverso-e-notificacoes-suspeitas-chegam-a-quase-200-em-recreio\/\" \/>\n<meta property=\"og:site_name\" content=\"P\u00f3lis Recreio\" \/>\n<meta property=\"article:publisher\" content=\"https:\/\/www.facebook.com\/Site-P%c3%b3lis-Recreio-MG-181941708571019\/\" \/>\n<meta property=\"article:published_time\" content=\"2015-02-04T19:21:11+00:00\" \/>\n<meta property=\"article:modified_time\" content=\"2017-02-23T12:40:54+00:00\" \/>\n<meta property=\"og:image\" content=\"https:\/\/www.polisrecreio.com.br\/site\/wp-content\/uploads\/2015\/11\/dengue.jpg\" \/>\n\t<meta property=\"og:image:width\" content=\"650\" \/>\n\t<meta property=\"og:image:height\" content=\"340\" \/>\n<meta name=\"twitter:card\" content=\"summary_large_image\" \/>\n<meta name=\"twitter:creator\" content=\"@PolisRecreio\" \/>\n<meta name=\"twitter:site\" content=\"@PolisRecreio\" \/>\n<meta name=\"twitter:label1\" content=\"Est. reading time\">\n\t<meta name=\"twitter:data1\" content=\"2 minutos\">\n<script type=\"application\/ld+json\" class=\"yoast-schema-graph\">{\"@context\":\"https:\/\/schema.org\",\"@graph\":[{\"@type\":\"WebSite\",\"@id\":\"https:\/\/www.polisrecreio.com.br\/site\/#website\",\"url\":\"https:\/\/www.polisrecreio.com.br\/site\/\",\"name\":\"P\\u00f3lis Recreio\",\"description\":\"\",\"potentialAction\":[{\"@type\":\"SearchAction\",\"target\":\"https:\/\/www.polisrecreio.com.br\/site\/?s={search_term_string}\",\"query-input\":\"required name=search_term_string\"}],\"inLanguage\":\"pt-BR\"},{\"@type\":\"ImageObject\",\"@id\":\"https:\/\/www.polisrecreio.com.br\/site\/2015\/02\/04\/mosquito-da-dengue-esta-se-adaptando-ao-clima-adverso-e-notificacoes-suspeitas-chegam-a-quase-200-em-recreio\/#primaryimage\",\"inLanguage\":\"pt-BR\",\"url\":\"https:\/\/www.polisrecreio.com.br\/site\/wp-content\/uploads\/2015\/11\/dengue.jpg\",\"width\":650,\"height\":340},{\"@type\":\"WebPage\",\"@id\":\"https:\/\/www.polisrecreio.com.br\/site\/2015\/02\/04\/mosquito-da-dengue-esta-se-adaptando-ao-clima-adverso-e-notificacoes-suspeitas-chegam-a-quase-200-em-recreio\/#webpage\",\"url\":\"https:\/\/www.polisrecreio.com.br\/site\/2015\/02\/04\/mosquito-da-dengue-esta-se-adaptando-ao-clima-adverso-e-notificacoes-suspeitas-chegam-a-quase-200-em-recreio\/\",\"name\":\"Mosquito da dengue est\\u00e1 se adaptando ao clima adverso e notifica\\u00e7\\u00f5es suspeitas chegam a quase 200 em Recreio - P\\u00f3lis Recreio\",\"isPartOf\":{\"@id\":\"https:\/\/www.polisrecreio.com.br\/site\/#website\"},\"primaryImageOfPage\":{\"@id\":\"https:\/\/www.polisrecreio.com.br\/site\/2015\/02\/04\/mosquito-da-dengue-esta-se-adaptando-ao-clima-adverso-e-notificacoes-suspeitas-chegam-a-quase-200-em-recreio\/#primaryimage\"},\"datePublished\":\"2015-02-04T19:21:11+00:00\",\"dateModified\":\"2017-02-23T12:40:54+00:00\",\"author\":{\"@id\":\"https:\/\/www.polisrecreio.com.br\/site\/#\/schema\/person\/3363c1c78e1e28e1329d97adb387638e\"},\"inLanguage\":\"pt-BR\",\"potentialAction\":[{\"@type\":\"ReadAction\",\"target\":[\"https:\/\/www.polisrecreio.com.br\/site\/2015\/02\/04\/mosquito-da-dengue-esta-se-adaptando-ao-clima-adverso-e-notificacoes-suspeitas-chegam-a-quase-200-em-recreio\/\"]}]},{\"@type\":\"Person\",\"@id\":\"https:\/\/www.polisrecreio.com.br\/site\/#\/schema\/person\/3363c1c78e1e28e1329d97adb387638e\",\"name\":\"Leonardo Ribeiro\",\"image\":{\"@type\":\"ImageObject\",\"@id\":\"https:\/\/www.polisrecreio.com.br\/site\/#personlogo\",\"inLanguage\":\"pt-BR\",\"url\":\"https:\/\/secure.gravatar.com\/avatar\/6ba92a37d621e1a83e23710251178a12?s=96&d=mm&r=g\",\"caption\":\"Leonardo Ribeiro\"},\"sameAs\":[\"http:\/\/www.polisrecreio.com.br\"]}]}<\/script>\n<!-- \/ Yoast SEO plugin. -->","_links":{"self":[{"href":"https:\/\/www.polisrecreio.com.br\/site\/wp-json\/wp\/v2\/posts\/200"}],"collection":[{"href":"https:\/\/www.polisrecreio.com.br\/site\/wp-json\/wp\/v2\/posts"}],"about":[{"href":"https:\/\/www.polisrecreio.com.br\/site\/wp-json\/wp\/v2\/types\/post"}],"author":[{"embeddable":true,"href":"https:\/\/www.polisrecreio.com.br\/site\/wp-json\/wp\/v2\/users\/3"}],"replies":[{"embeddable":true,"href":"https:\/\/www.polisrecreio.com.br\/site\/wp-json\/wp\/v2\/comments?post=200"}],"version-history":[{"count":8,"href":"https:\/\/www.polisrecreio.com.br\/site\/wp-json\/wp\/v2\/posts\/200\/revisions"}],"predecessor-version":[{"id":4473,"href":"https:\/\/www.polisrecreio.com.br\/site\/wp-json\/wp\/v2\/posts\/200\/revisions\/4473"}],"wp:featuredmedia":[{"embeddable":true,"href":"https:\/\/www.polisrecreio.com.br\/site\/wp-json\/wp\/v2\/media\/201"}],"wp:attachment":[{"href":"https:\/\/www.polisrecreio.com.br\/site\/wp-json\/wp\/v2\/media?parent=200"}],"wp:term":[{"taxonomy":"category","embeddable":true,"href":"https:\/\/www.polisrecreio.com.br\/site\/wp-json\/wp\/v2\/categories?post=200"},{"taxonomy":"post_tag","embeddable":true,"href":"https:\/\/www.polisrecreio.com.br\/site\/wp-json\/wp\/v2\/tags?post=200"}],"curies":[{"name":"wp","href":"https:\/\/api.w.org\/{rel}","templated":true}]}}