{"id":20000,"date":"2021-03-18T07:51:49","date_gmt":"2021-03-18T10:51:49","guid":{"rendered":"http:\/\/www.polisrecreio.com.br\/site\/?p=20000"},"modified":"2021-03-18T07:51:49","modified_gmt":"2021-03-18T10:51:49","slug":"escolas-de-mg-devem-permanecer-totalmente-fechadas-durante-onda-roxa","status":"publish","type":"post","link":"https:\/\/www.polisrecreio.com.br\/site\/2021\/03\/18\/escolas-de-mg-devem-permanecer-totalmente-fechadas-durante-onda-roxa\/","title":{"rendered":"Escolas de MG devem permanecer totalmente fechadas durante \u201cOnda Roxa\u201d"},"content":{"rendered":"<p style=\"text-align: justify;\">Todas as escolas de Minas Gerais devem permanecer totalmente fechadas, sem atendimento presencial ao p\u00fablico e sem atividades na \u00e1rea interna, enquanto os munic\u00edpios estiverem inseridos na \u201cOnda Roxa\u201d do Programa Minas Consciente, que prev\u00ea medidas mais restritivas de combate ao coronav\u00edrus.<\/p>\n<p><!--more--><\/p>\n<p><a href=\"http:\/\/www.polisrecreio.com.br\/site\/wp-content\/uploads\/2020\/01\/Saladeaula_itapevi-1000x450.jpg\"><img loading=\"lazy\" class=\"aligncenter size-full wp-image-16331\" src=\"http:\/\/www.polisrecreio.com.br\/site\/wp-content\/uploads\/2020\/01\/Saladeaula_itapevi-1000x450.jpg\" alt=\"\" width=\"750\" height=\"483\" srcset=\"https:\/\/www.polisrecreio.com.br\/site\/wp-content\/uploads\/2020\/01\/Saladeaula_itapevi-1000x450.jpg 750w, https:\/\/www.polisrecreio.com.br\/site\/wp-content\/uploads\/2020\/01\/Saladeaula_itapevi-1000x450-300x193.jpg 300w\" sizes=\"(max-width: 750px) 100vw, 750px\" \/><\/a><\/p>\n<p style=\"text-align: justify;\">A determina\u00e7\u00e3o do fechamento total das escolas foi uma determina\u00e7\u00e3o da Secretaria de Estado de Educa\u00e7\u00e3o de Minas Gerais, considerando a Delibera\u00e7\u00e3o do Comit\u00ea Extraordin\u00e1rio Covid-19. A norma vale tamb\u00e9m para as Superintend\u00eancias Regionais de Ensino. Todos os profissionais devem atuar no regime de teletrabalho.<\/p>\n<p style=\"text-align: justify;\">Ainda de acordo com a determina\u00e7\u00e3o, os Auxiliares de Servi\u00e7os da Educa\u00e7\u00e3o B\u00e1sica (ASB), cujas fun\u00e7\u00f5es n\u00e3o podem ser desempenhadas em teletrabalho, ter\u00e3o a presta\u00e7\u00e3o de servi\u00e7o suspensa enquanto as escolas permanecerem fechadas, devendo observar orienta\u00e7\u00f5es posteriores sobre a reposi\u00e7\u00e3o desses dias.\u00a0Os procedimentos de convoca\u00e7\u00e3o e contrata\u00e7\u00e3o tempor\u00e1ria para atua\u00e7\u00e3o nas escolas da rede estadual em andamento tamb\u00e9m dever\u00e3o acontecer de forma remota.<\/p>\n","protected":false},"excerpt":{"rendered":"<p>Todas as escolas de Minas Gerais devem permanecer totalmente fechadas, sem atendimento presencial ao p\u00fablico e sem atividades na \u00e1rea interna, enquanto os munic\u00edpios estiverem inseridos na \u201cOnda Roxa\u201d do Programa Minas Consciente, que prev\u00ea medidas mais restritivas de combate ao coronav\u00edrus.<\/p>\n","protected":false},"author":3,"featured_media":0,"comment_status":"open","ping_status":"open","sticky":false,"template":"","format":"standard","meta":[],"categories":[9],"tags":[],"yoast_head":"<!-- This site is optimized with the Yoast SEO plugin v15.6.2 - https:\/\/yoast.com\/wordpress\/plugins\/seo\/ -->\n<meta name=\"robots\" content=\"index, follow, max-snippet:-1, max-image-preview:large, max-video-preview:-1\" \/>\n<link rel=\"canonical\" href=\"https:\/\/www.polisrecreio.com.br\/site\/2021\/03\/18\/escolas-de-mg-devem-permanecer-totalmente-fechadas-durante-onda-roxa\/\" \/>\n<meta property=\"og:locale\" content=\"pt_BR\" \/>\n<meta property=\"og:type\" content=\"article\" \/>\n<meta property=\"og:title\" content=\"Escolas de MG devem permanecer totalmente fechadas durante \u201cOnda Roxa\u201d - P\u00f3lis Recreio\" \/>\n<meta property=\"og:description\" content=\"Todas as escolas de Minas Gerais devem permanecer totalmente fechadas, sem atendimento presencial ao p\u00fablico e sem atividades na \u00e1rea interna, enquanto os munic\u00edpios estiverem inseridos na \u201cOnda Roxa\u201d do Programa Minas Consciente, que prev\u00ea medidas mais restritivas de combate ao coronav\u00edrus.\" \/>\n<meta property=\"og:url\" content=\"https:\/\/www.polisrecreio.com.br\/site\/2021\/03\/18\/escolas-de-mg-devem-permanecer-totalmente-fechadas-durante-onda-roxa\/\" \/>\n<meta property=\"og:site_name\" content=\"P\u00f3lis Recreio\" \/>\n<meta property=\"article:publisher\" content=\"https:\/\/www.facebook.com\/Site-P%c3%b3lis-Recreio-MG-181941708571019\/\" \/>\n<meta property=\"article:published_time\" content=\"2021-03-18T10:51:49+00:00\" \/>\n<meta property=\"og:image\" content=\"http:\/\/www.polisrecreio.com.br\/site\/wp-content\/uploads\/2020\/01\/Saladeaula_itapevi-1000x450.jpg\" \/>\n<meta name=\"twitter:card\" content=\"summary_large_image\" \/>\n<meta name=\"twitter:creator\" content=\"@PolisRecreio\" \/>\n<meta name=\"twitter:site\" content=\"@PolisRecreio\" \/>\n<meta name=\"twitter:label1\" content=\"Est. reading time\">\n\t<meta name=\"twitter:data1\" content=\"1 minuto\">\n<script type=\"application\/ld+json\" class=\"yoast-schema-graph\">{\"@context\":\"https:\/\/schema.org\",\"@graph\":[{\"@type\":\"WebSite\",\"@id\":\"https:\/\/www.polisrecreio.com.br\/site\/#website\",\"url\":\"https:\/\/www.polisrecreio.com.br\/site\/\",\"name\":\"P\\u00f3lis Recreio\",\"description\":\"\",\"potentialAction\":[{\"@type\":\"SearchAction\",\"target\":\"https:\/\/www.polisrecreio.com.br\/site\/?s={search_term_string}\",\"query-input\":\"required name=search_term_string\"}],\"inLanguage\":\"pt-BR\"},{\"@type\":\"ImageObject\",\"@id\":\"https:\/\/www.polisrecreio.com.br\/site\/2021\/03\/18\/escolas-de-mg-devem-permanecer-totalmente-fechadas-durante-onda-roxa\/#primaryimage\",\"inLanguage\":\"pt-BR\",\"url\":\"http:\/\/www.polisrecreio.com.br\/site\/wp-content\/uploads\/2020\/01\/Saladeaula_itapevi-1000x450.jpg\"},{\"@type\":\"WebPage\",\"@id\":\"https:\/\/www.polisrecreio.com.br\/site\/2021\/03\/18\/escolas-de-mg-devem-permanecer-totalmente-fechadas-durante-onda-roxa\/#webpage\",\"url\":\"https:\/\/www.polisrecreio.com.br\/site\/2021\/03\/18\/escolas-de-mg-devem-permanecer-totalmente-fechadas-durante-onda-roxa\/\",\"name\":\"Escolas de MG devem permanecer totalmente fechadas durante \\u201cOnda Roxa\\u201d - P\\u00f3lis Recreio\",\"isPartOf\":{\"@id\":\"https:\/\/www.polisrecreio.com.br\/site\/#website\"},\"primaryImageOfPage\":{\"@id\":\"https:\/\/www.polisrecreio.com.br\/site\/2021\/03\/18\/escolas-de-mg-devem-permanecer-totalmente-fechadas-durante-onda-roxa\/#primaryimage\"},\"datePublished\":\"2021-03-18T10:51:49+00:00\",\"dateModified\":\"2021-03-18T10:51:49+00:00\",\"author\":{\"@id\":\"https:\/\/www.polisrecreio.com.br\/site\/#\/schema\/person\/3363c1c78e1e28e1329d97adb387638e\"},\"inLanguage\":\"pt-BR\",\"potentialAction\":[{\"@type\":\"ReadAction\",\"target\":[\"https:\/\/www.polisrecreio.com.br\/site\/2021\/03\/18\/escolas-de-mg-devem-permanecer-totalmente-fechadas-durante-onda-roxa\/\"]}]},{\"@type\":\"Person\",\"@id\":\"https:\/\/www.polisrecreio.com.br\/site\/#\/schema\/person\/3363c1c78e1e28e1329d97adb387638e\",\"name\":\"Leonardo Ribeiro\",\"image\":{\"@type\":\"ImageObject\",\"@id\":\"https:\/\/www.polisrecreio.com.br\/site\/#personlogo\",\"inLanguage\":\"pt-BR\",\"url\":\"https:\/\/secure.gravatar.com\/avatar\/6ba92a37d621e1a83e23710251178a12?s=96&d=mm&r=g\",\"caption\":\"Leonardo Ribeiro\"},\"sameAs\":[\"http:\/\/www.polisrecreio.com.br\"]}]}<\/script>\n<!-- \/ Yoast SEO plugin. -->","_links":{"self":[{"href":"https:\/\/www.polisrecreio.com.br\/site\/wp-json\/wp\/v2\/posts\/20000"}],"collection":[{"href":"https:\/\/www.polisrecreio.com.br\/site\/wp-json\/wp\/v2\/posts"}],"about":[{"href":"https:\/\/www.polisrecreio.com.br\/site\/wp-json\/wp\/v2\/types\/post"}],"author":[{"embeddable":true,"href":"https:\/\/www.polisrecreio.com.br\/site\/wp-json\/wp\/v2\/users\/3"}],"replies":[{"embeddable":true,"href":"https:\/\/www.polisrecreio.com.br\/site\/wp-json\/wp\/v2\/comments?post=20000"}],"version-history":[{"count":2,"href":"https:\/\/www.polisrecreio.com.br\/site\/wp-json\/wp\/v2\/posts\/20000\/revisions"}],"predecessor-version":[{"id":20002,"href":"https:\/\/www.polisrecreio.com.br\/site\/wp-json\/wp\/v2\/posts\/20000\/revisions\/20002"}],"wp:attachment":[{"href":"https:\/\/www.polisrecreio.com.br\/site\/wp-json\/wp\/v2\/media?parent=20000"}],"wp:term":[{"taxonomy":"category","embeddable":true,"href":"https:\/\/www.polisrecreio.com.br\/site\/wp-json\/wp\/v2\/categories?post=20000"},{"taxonomy":"post_tag","embeddable":true,"href":"https:\/\/www.polisrecreio.com.br\/site\/wp-json\/wp\/v2\/tags?post=20000"}],"curies":[{"name":"wp","href":"https:\/\/api.w.org\/{rel}","templated":true}]}}