{"id":20003,"date":"2021-03-18T18:47:11","date_gmt":"2021-03-18T21:47:11","guid":{"rendered":"http:\/\/www.polisrecreio.com.br\/site\/?p=20003"},"modified":"2021-03-18T18:50:18","modified_gmt":"2021-03-18T21:50:18","slug":"hospital-de-recreio-empresta-respirador-para-criacao-de-mais-um-leito-de-uti-em-leopoldina","status":"publish","type":"post","link":"https:\/\/www.polisrecreio.com.br\/site\/2021\/03\/18\/hospital-de-recreio-empresta-respirador-para-criacao-de-mais-um-leito-de-uti-em-leopoldina\/","title":{"rendered":"Hospital de Recreio empresta respirador para cria\u00e7\u00e3o de mais um leito de UTI em Leopoldina"},"content":{"rendered":"<p style=\"text-align: justify;\">O Hospital S\u00e3o Sebasti\u00e3o de Recreio emprestou um aparelho respirador pulmonar, doado pela FIEMG\/Zona da Mata, para cria\u00e7\u00e3o de mais um leito de UTI em Leopoldina, na Casa de Caridade Leopoldinense. A cess\u00e3o do equipamento acontece no pior momento da pandemia do coronav\u00edrus e poder\u00e1 ajudar a salvar vidas da nossa regi\u00e3o.<\/p>\n<p><!--more--><\/p>\n<figure id=\"attachment_20010\" aria-describedby=\"caption-attachment-20010\" style=\"width: 650px\" class=\"wp-caption aligncenter\"><a href=\"http:\/\/www.polisrecreio.com.br\/site\/wp-content\/uploads\/2021\/03\/respirador.jpg\"><img loading=\"lazy\" class=\"size-full wp-image-20010\" src=\"http:\/\/www.polisrecreio.com.br\/site\/wp-content\/uploads\/2021\/03\/respirador.jpg\" alt=\"\" width=\"650\" height=\"433\" srcset=\"https:\/\/www.polisrecreio.com.br\/site\/wp-content\/uploads\/2021\/03\/respirador.jpg 650w, https:\/\/www.polisrecreio.com.br\/site\/wp-content\/uploads\/2021\/03\/respirador-300x200.jpg 300w\" sizes=\"(max-width: 650px) 100vw, 650px\" \/><\/a><figcaption id=\"caption-attachment-20010\" class=\"wp-caption-text\">Renan Guim\u00e3res (GRS Leopoldina) e Dr. Luiz Ronaldo (HSS).<\/figcaption><\/figure>\n<p style=\"text-align: justify;\">Confira o pronunciamento do provedor do HSS, Dr. Luiz Ronaldo Pinheiro dos Santos, publicado em rede social:<\/p>\n<p style=\"text-align: justify;\"><em>\u201cCom o agravamento da pandemia e o estrangulamento no atendimento por conta do Casa de Caridade Leopoldinse, fomos procurados pela provedora Vera Maria Valle Pires e pelo diretor da GRS\/Leopoldina, Renan Guimaares, para &#8221; cedermos&#8221; um dos nossos respiradores (que estava ocioso), atrav\u00e9s de documento legal, para que Leopoldina pudesse criar mais um leito de UTI e, assim, salvar mais uma vida, uma vez que a CCL n\u00e3o dispunha de mais respiradores. <\/em><\/p>\n<p style=\"text-align: justify;\"><em>Por essa raz\u00e3o, e imbu\u00eddos do esp\u00edrito crist\u00e3o de solidariedade, decidimos emprestar temporariamente o respirador aquele hospital. \u00c9 momento de unirmos for\u00e7as para salvar vidas. <\/em><em>Que essa uni\u00e3o entre as entidades de sa\u00fade de Recreio e Leopoldina sirva de exemplo, pois &#8220;naquele&#8221; respirador pode estar sendo salvo um amigo nosso, um parente nosso ou at\u00e9 mesmo um desconhecido (n\u00e3o importa), mas estaremos cumprindo o que nos imp\u00f5e as palavras de Jesus: sejamos solid\u00e1rios\u2026amemos o pr\u00f3ximo como a n\u00f3s mesmos. \u201d<\/em><\/p>\n<p style=\"text-align: justify;\"><a href=\"http:\/\/www.polisrecreio.com.br\/site\/2020\/09\/21\/presidente-e-diretor-da-fiemg-zona-da-mata-visitam-recreio-para-entrega-oficial-dos-respiradores-ao-hospital-sao-sebastiao\/\" target=\"_blank\" rel=\"noopener noreferrer\">O Hospital S\u00e3o Sebasti\u00e3o de Recreio recebeu ano passado tr\u00eas aparelhos<\/a> respiradores pulmonares. Eles foram doados pela FIEMG Regional Zona da Mata, presidida pelo recreiense, Heveraldo Lima de Castro.<\/p>\n<p style=\"text-align: justify;\">A Casa de Caridade Leopoldinense, o Hospital S\u00e3o Salvador (Al\u00e9m Para\u00edba) e o Hospital Cataguases, s\u00e3o refer\u00eancias para atendimentos de pacientes com covid-19 de todas as cidades da regi\u00e3o.<\/p>\n<div class=\"mc-column content-text active-extra-styles \" data-block-type=\"unstyled\" data-block-weight=\"20\" data-block-id=\"42\">\n<div class=\"mc-column content-text active-extra-styles \" data-block-type=\"unstyled\" data-block-weight=\"37\" data-block-id=\"40\">\n<p style=\"text-align: justify;\" data-track-category=\"Link no Texto\" data-track-links=\"\"><strong>Leopoldina<\/strong><\/p>\n<p class=\"content-text__container \" style=\"text-align: justify;\" data-track-category=\"Link no Texto\" data-track-links=\"\">A Casa de Caridade Leopoldinense, que atende pacientes na microrregi\u00e3o composta pelos munic\u00edpios de Argirita, Leopldina, Palma e Recreio, atingiu 100% de ocupa\u00e7\u00e3o dos leitos de UTI para covid-19 na quarta-feira (17), segundo o boletim di\u00e1rio do hospital.<\/p>\n<\/div>\n<div class=\"mc-column content-text active-extra-styles \" style=\"text-align: justify;\" data-block-type=\"unstyled\" data-block-weight=\"28\" data-block-id=\"41\">\n<p class=\"content-text__container \" data-track-category=\"Link no Texto\" data-track-links=\"\">A unidade de sa\u00fade tem 19 leitos de UTI para tratamento exclusivo da doen\u00e7a, sendo 17 pelo Sistema \u00danico de Sa\u00fade (SUS) e dois por conv\u00eanio m\u00e9dico.<\/p>\n<\/div>\n<div class=\"mc-column content-text active-extra-styles \" data-block-type=\"unstyled\" data-block-weight=\"20\" data-block-id=\"42\">\n<p class=\"content-text__container \" style=\"text-align: justify;\" data-track-category=\"Link no Texto\" data-track-links=\"\">A Casa de Caridade tamb\u00e9m tem 35 leitos de enfermaria, e 18 estavam ocupados por pacientes com Covid-19 na quarta.<\/p>\n<\/div>\n<\/div>\n","protected":false},"excerpt":{"rendered":"<p>O Hospital S\u00e3o Sebasti\u00e3o de Recreio emprestou um aparelho respirador pulmonar, doado pela FIEMG\/Zona da Mata, para cria\u00e7\u00e3o de mais um leito de UTI em Leopoldina, na Casa de Caridade Leopoldinense. A cess\u00e3o do equipamento acontece no pior momento da pandemia do coronav\u00edrus e poder\u00e1 ajudar a salvar vidas da nossa regi\u00e3o.<\/p>\n","protected":false},"author":3,"featured_media":20010,"comment_status":"open","ping_status":"open","sticky":false,"template":"","format":"standard","meta":[],"categories":[7],"tags":[],"yoast_head":"<!-- This site is optimized with the Yoast SEO plugin v15.6.2 - https:\/\/yoast.com\/wordpress\/plugins\/seo\/ -->\n<meta name=\"robots\" content=\"index, follow, max-snippet:-1, max-image-preview:large, max-video-preview:-1\" \/>\n<link rel=\"canonical\" href=\"https:\/\/www.polisrecreio.com.br\/site\/2021\/03\/18\/hospital-de-recreio-empresta-respirador-para-criacao-de-mais-um-leito-de-uti-em-leopoldina\/\" \/>\n<meta property=\"og:locale\" content=\"pt_BR\" \/>\n<meta property=\"og:type\" content=\"article\" \/>\n<meta property=\"og:title\" content=\"Hospital de Recreio empresta respirador para cria\u00e7\u00e3o de mais um leito de UTI em Leopoldina - P\u00f3lis Recreio\" \/>\n<meta property=\"og:description\" content=\"O Hospital S\u00e3o Sebasti\u00e3o de Recreio emprestou um aparelho respirador pulmonar, doado pela FIEMG\/Zona da Mata, para cria\u00e7\u00e3o de mais um leito de UTI em Leopoldina, na Casa de Caridade Leopoldinense. A cess\u00e3o do equipamento acontece no pior momento da pandemia do coronav\u00edrus e poder\u00e1 ajudar a salvar vidas da nossa regi\u00e3o.\" \/>\n<meta property=\"og:url\" content=\"https:\/\/www.polisrecreio.com.br\/site\/2021\/03\/18\/hospital-de-recreio-empresta-respirador-para-criacao-de-mais-um-leito-de-uti-em-leopoldina\/\" \/>\n<meta property=\"og:site_name\" content=\"P\u00f3lis Recreio\" \/>\n<meta property=\"article:publisher\" content=\"https:\/\/www.facebook.com\/Site-P%c3%b3lis-Recreio-MG-181941708571019\/\" \/>\n<meta property=\"article:published_time\" content=\"2021-03-18T21:47:11+00:00\" \/>\n<meta property=\"article:modified_time\" content=\"2021-03-18T21:50:18+00:00\" \/>\n<meta property=\"og:image\" content=\"https:\/\/www.polisrecreio.com.br\/site\/wp-content\/uploads\/2021\/03\/respirador.jpg\" \/>\n\t<meta property=\"og:image:width\" content=\"650\" \/>\n\t<meta property=\"og:image:height\" content=\"433\" \/>\n<meta name=\"twitter:card\" content=\"summary_large_image\" \/>\n<meta name=\"twitter:creator\" content=\"@PolisRecreio\" \/>\n<meta name=\"twitter:site\" content=\"@PolisRecreio\" \/>\n<meta name=\"twitter:label1\" content=\"Est. reading time\">\n\t<meta name=\"twitter:data1\" content=\"2 minutos\">\n<script type=\"application\/ld+json\" class=\"yoast-schema-graph\">{\"@context\":\"https:\/\/schema.org\",\"@graph\":[{\"@type\":\"WebSite\",\"@id\":\"https:\/\/www.polisrecreio.com.br\/site\/#website\",\"url\":\"https:\/\/www.polisrecreio.com.br\/site\/\",\"name\":\"P\\u00f3lis Recreio\",\"description\":\"\",\"potentialAction\":[{\"@type\":\"SearchAction\",\"target\":\"https:\/\/www.polisrecreio.com.br\/site\/?s={search_term_string}\",\"query-input\":\"required name=search_term_string\"}],\"inLanguage\":\"pt-BR\"},{\"@type\":\"ImageObject\",\"@id\":\"https:\/\/www.polisrecreio.com.br\/site\/2021\/03\/18\/hospital-de-recreio-empresta-respirador-para-criacao-de-mais-um-leito-de-uti-em-leopoldina\/#primaryimage\",\"inLanguage\":\"pt-BR\",\"url\":\"https:\/\/www.polisrecreio.com.br\/site\/wp-content\/uploads\/2021\/03\/respirador.jpg\",\"width\":650,\"height\":433,\"caption\":\"Renan Guim\\u00e3res (GRS Leopoldina) e Dr. Luiz Ronaldo (HSS).\"},{\"@type\":\"WebPage\",\"@id\":\"https:\/\/www.polisrecreio.com.br\/site\/2021\/03\/18\/hospital-de-recreio-empresta-respirador-para-criacao-de-mais-um-leito-de-uti-em-leopoldina\/#webpage\",\"url\":\"https:\/\/www.polisrecreio.com.br\/site\/2021\/03\/18\/hospital-de-recreio-empresta-respirador-para-criacao-de-mais-um-leito-de-uti-em-leopoldina\/\",\"name\":\"Hospital de Recreio empresta respirador para cria\\u00e7\\u00e3o de mais um leito de UTI em Leopoldina - P\\u00f3lis Recreio\",\"isPartOf\":{\"@id\":\"https:\/\/www.polisrecreio.com.br\/site\/#website\"},\"primaryImageOfPage\":{\"@id\":\"https:\/\/www.polisrecreio.com.br\/site\/2021\/03\/18\/hospital-de-recreio-empresta-respirador-para-criacao-de-mais-um-leito-de-uti-em-leopoldina\/#primaryimage\"},\"datePublished\":\"2021-03-18T21:47:11+00:00\",\"dateModified\":\"2021-03-18T21:50:18+00:00\",\"author\":{\"@id\":\"https:\/\/www.polisrecreio.com.br\/site\/#\/schema\/person\/3363c1c78e1e28e1329d97adb387638e\"},\"inLanguage\":\"pt-BR\",\"potentialAction\":[{\"@type\":\"ReadAction\",\"target\":[\"https:\/\/www.polisrecreio.com.br\/site\/2021\/03\/18\/hospital-de-recreio-empresta-respirador-para-criacao-de-mais-um-leito-de-uti-em-leopoldina\/\"]}]},{\"@type\":\"Person\",\"@id\":\"https:\/\/www.polisrecreio.com.br\/site\/#\/schema\/person\/3363c1c78e1e28e1329d97adb387638e\",\"name\":\"Leonardo Ribeiro\",\"image\":{\"@type\":\"ImageObject\",\"@id\":\"https:\/\/www.polisrecreio.com.br\/site\/#personlogo\",\"inLanguage\":\"pt-BR\",\"url\":\"https:\/\/secure.gravatar.com\/avatar\/6ba92a37d621e1a83e23710251178a12?s=96&d=mm&r=g\",\"caption\":\"Leonardo Ribeiro\"},\"sameAs\":[\"http:\/\/www.polisrecreio.com.br\"]}]}<\/script>\n<!-- \/ Yoast SEO plugin. -->","_links":{"self":[{"href":"https:\/\/www.polisrecreio.com.br\/site\/wp-json\/wp\/v2\/posts\/20003"}],"collection":[{"href":"https:\/\/www.polisrecreio.com.br\/site\/wp-json\/wp\/v2\/posts"}],"about":[{"href":"https:\/\/www.polisrecreio.com.br\/site\/wp-json\/wp\/v2\/types\/post"}],"author":[{"embeddable":true,"href":"https:\/\/www.polisrecreio.com.br\/site\/wp-json\/wp\/v2\/users\/3"}],"replies":[{"embeddable":true,"href":"https:\/\/www.polisrecreio.com.br\/site\/wp-json\/wp\/v2\/comments?post=20003"}],"version-history":[{"count":6,"href":"https:\/\/www.polisrecreio.com.br\/site\/wp-json\/wp\/v2\/posts\/20003\/revisions"}],"predecessor-version":[{"id":20015,"href":"https:\/\/www.polisrecreio.com.br\/site\/wp-json\/wp\/v2\/posts\/20003\/revisions\/20015"}],"wp:featuredmedia":[{"embeddable":true,"href":"https:\/\/www.polisrecreio.com.br\/site\/wp-json\/wp\/v2\/media\/20010"}],"wp:attachment":[{"href":"https:\/\/www.polisrecreio.com.br\/site\/wp-json\/wp\/v2\/media?parent=20003"}],"wp:term":[{"taxonomy":"category","embeddable":true,"href":"https:\/\/www.polisrecreio.com.br\/site\/wp-json\/wp\/v2\/categories?post=20003"},{"taxonomy":"post_tag","embeddable":true,"href":"https:\/\/www.polisrecreio.com.br\/site\/wp-json\/wp\/v2\/tags?post=20003"}],"curies":[{"name":"wp","href":"https:\/\/api.w.org\/{rel}","templated":true}]}}