{"id":20005,"date":"2021-03-18T18:02:29","date_gmt":"2021-03-18T21:02:29","guid":{"rendered":"http:\/\/www.polisrecreio.com.br\/site\/?p=20005"},"modified":"2021-03-18T18:04:22","modified_gmt":"2021-03-18T21:04:22","slug":"nova-rodada-do-auxilio-emergencial-deve-ser-paga-a-partir-de-abril","status":"publish","type":"post","link":"https:\/\/www.polisrecreio.com.br\/site\/2021\/03\/18\/nova-rodada-do-auxilio-emergencial-deve-ser-paga-a-partir-de-abril\/","title":{"rendered":"Nova rodada do Aux\u00edlio Emergencial deve ser paga a partir de abril"},"content":{"rendered":"<p style=\"text-align: justify;\">Com o agravamento da pandemia do coronav\u00edrus em todo o pa\u00eds, o Governo Federal vai promover uma nova rodada do Aux\u00edlio Emergencial.<\/p>\n<p><!--more--><\/p>\n<p><a href=\"http:\/\/www.polisrecreio.com.br\/site\/wp-content\/uploads\/2018\/01\/dinheiro-12-e1499351170769.jpg\"><img loading=\"lazy\" class=\"aligncenter size-full wp-image-8470\" src=\"http:\/\/www.polisrecreio.com.br\/site\/wp-content\/uploads\/2018\/01\/dinheiro-12-e1499351170769.jpg\" alt=\"\" width=\"747\" height=\"498\" srcset=\"https:\/\/www.polisrecreio.com.br\/site\/wp-content\/uploads\/2018\/01\/dinheiro-12-e1499351170769.jpg 747w, https:\/\/www.polisrecreio.com.br\/site\/wp-content\/uploads\/2018\/01\/dinheiro-12-e1499351170769-300x200.jpg 300w\" sizes=\"(max-width: 747px) 100vw, 747px\" \/><\/a><\/p>\n<p style=\"text-align: justify;\">Nesta quinta-feira (17), o presidente Jair Bolsonaro\u00a0encaminhou ao Congresso as Medidas Provis\u00f3rias\u00a0que abrem caminho para o pagamento da nova rodada do benef\u00edcio.<\/p>\n<p style=\"text-align: justify;\">Ser\u00e3o disponibilizadas quatro parcelas do benef\u00edcio a partir de abril, e o valor ser\u00e1 definido conforme o perfil de quem recebe.<\/p>\n<p><strong>O que falta para iniciar o pagamento?<\/strong><\/p>\n<div class=\"mc-column content-text active-extra-styles\" data-block-type=\"raw\" data-block-weight=\"7\" data-block-id=\"6\">\n<p style=\"text-align: justify;\">O pagamento do novo benef\u00edcio s\u00f3 depende da operacionaliza\u00e7\u00e3o. As MPs que abrem caminho para isso foram assinadas nesta quinta-feira (18), depois da aprova\u00e7\u00e3o da PEC Emergencial &#8211; a proposta foi promulgada pelo Congresso na \u00faltima segunda-feira (15).<\/p>\n<\/div>\n<div class=\"mc-column content-text active-extra-styles \" data-block-type=\"unstyled\" data-block-weight=\"48\" data-block-id=\"8\">\n<p class=\"content-text__container \" style=\"text-align: justify;\" data-track-category=\"Link no Texto\" data-track-links=\"\">A proposta flexibiliza regras fiscais para abrir espa\u00e7o para a retomada do programa. Isso porque, pela PEC, a eventual retomada do aux\u00edlio n\u00e3o precisar\u00e1 ser submetida a limita\u00e7\u00f5es previstas no teto de gastos. O custeio para a nova rodada do benef\u00edcio \u00e9 estimado em R$ 44 bilh\u00f5es.<\/p>\n<div class=\"mc-column content-text active-extra-styles\" data-block-type=\"raw\" data-block-weight=\"3\" data-block-id=\"9\">\n<p><strong>Valor das parcelas<\/strong><\/p>\n<\/div>\n<div class=\"mc-column content-text active-extra-styles \" data-block-type=\"unstyled\" data-block-weight=\"30\" data-block-id=\"10\">\n<p class=\"content-text__container \" style=\"text-align: justify;\" data-track-category=\"Link no Texto\" data-track-links=\"\">O\u00a0valor m\u00e9dio do benef\u00edcio ser\u00e1 de R$ 250\u00a0e vai variar de R$ 150 a R$ 375 conforme o perfil do benefici\u00e1rio e a composi\u00e7\u00e3o de cada fam\u00edlia.<\/p>\n<\/div>\n<div class=\"mc-column content-text active-extra-styles\" data-block-type=\"raw\" data-block-weight=\"19\" data-block-id=\"11\">\n<ul class=\"content-unordered-list\">\n<li style=\"text-align: justify;\">Uma fam\u00edlia monoparental, dirigida por uma mulher, vai receber R$ 375;<\/li>\n<li style=\"text-align: justify;\">Pessoas que moram sozinhas v\u00e3o receber R$ 150.<\/li>\n<\/ul>\n<div class=\"mc-column content-text active-extra-styles\" data-block-type=\"raw\" data-block-weight=\"4\" data-block-id=\"23\">\n<p><strong>Os benefici\u00e1rios<\/strong><\/p>\n<\/div>\n<div class=\"mc-column content-text active-extra-styles \" data-block-type=\"unstyled\" data-block-weight=\"14\" data-block-id=\"24\">\n<p class=\"content-text__container \" style=\"text-align: justify;\" data-track-category=\"Link no Texto\" data-track-links=\"\">O governo estimou em 46,6 milh\u00f5es o n\u00famero de benefici\u00e1rios da nova rodada:<\/p>\n<\/div>\n<div class=\"mc-column content-text active-extra-styles\" data-block-type=\"raw\" data-block-weight=\"16\" data-block-id=\"25\">\n<ul class=\"content-unordered-list\">\n<li style=\"text-align: justify;\">Benefici\u00e1rios do Bolsa Fam\u00edlia: 10.697.777<\/li>\n<li style=\"text-align: justify;\">Inscritos no Cadastro \u00danico: 6.301.073<\/li>\n<li style=\"text-align: justify;\">Inscritos pelo site\/app do programa: 28.624.776<\/li>\n<\/ul>\n<div class=\"mc-column content-text active-extra-styles\" data-block-type=\"raw\" data-block-weight=\"3\" data-block-id=\"26\">\n<p><strong>Como se inscrever?<\/strong><\/p>\n<p style=\"text-align: justify;\">O governo indicou que n\u00e3o dever\u00e1 abrir inscri\u00e7\u00f5es. A sele\u00e7\u00e3o ser\u00e1 feita a partir dos benefici\u00e1rios inscritos no programa original.<\/p>\n<p><strong>Como ser\u00e1 o pagamento?<\/strong><\/p>\n<p style=\"text-align: justify;\">As parcelas da nova rodada ser\u00e3o pagas da mesma forma que as anteriores: para quem recebe o Bolsa Fam\u00edlia, da mesma forma que \u00e9 pago o benef\u00edcio. Para os demais, por meio de conta poupan\u00e7a digital da Caixa, que pode ser movimentada pelo Caixa TEM.<\/p>\n<p><em>Com informa\u00e7\u00f5es: G1.<\/em><\/p>\n<\/div>\n<\/div>\n<\/div>\n<\/div>\n","protected":false},"excerpt":{"rendered":"<p>Com o agravamento da pandemia do coronav\u00edrus em todo o pa\u00eds, o Governo Federal vai promover uma nova rodada do Aux\u00edlio Emergencial.<\/p>\n","protected":false},"author":3,"featured_media":0,"comment_status":"open","ping_status":"open","sticky":false,"template":"","format":"standard","meta":[],"categories":[5],"tags":[],"yoast_head":"<!-- This site is optimized with the Yoast SEO plugin v15.6.2 - https:\/\/yoast.com\/wordpress\/plugins\/seo\/ -->\n<meta name=\"robots\" content=\"index, follow, max-snippet:-1, max-image-preview:large, max-video-preview:-1\" \/>\n<link rel=\"canonical\" href=\"https:\/\/www.polisrecreio.com.br\/site\/2021\/03\/18\/nova-rodada-do-auxilio-emergencial-deve-ser-paga-a-partir-de-abril\/\" \/>\n<meta property=\"og:locale\" content=\"pt_BR\" \/>\n<meta property=\"og:type\" content=\"article\" \/>\n<meta property=\"og:title\" content=\"Nova rodada do Aux\u00edlio Emergencial deve ser paga a partir de abril - P\u00f3lis Recreio\" \/>\n<meta property=\"og:description\" content=\"Com o agravamento da pandemia do coronav\u00edrus em todo o pa\u00eds, o Governo Federal vai promover uma nova rodada do Aux\u00edlio Emergencial.\" \/>\n<meta property=\"og:url\" content=\"https:\/\/www.polisrecreio.com.br\/site\/2021\/03\/18\/nova-rodada-do-auxilio-emergencial-deve-ser-paga-a-partir-de-abril\/\" \/>\n<meta property=\"og:site_name\" content=\"P\u00f3lis Recreio\" \/>\n<meta property=\"article:publisher\" content=\"https:\/\/www.facebook.com\/Site-P%c3%b3lis-Recreio-MG-181941708571019\/\" \/>\n<meta property=\"article:published_time\" content=\"2021-03-18T21:02:29+00:00\" \/>\n<meta property=\"article:modified_time\" content=\"2021-03-18T21:04:22+00:00\" \/>\n<meta property=\"og:image\" content=\"http:\/\/www.polisrecreio.com.br\/site\/wp-content\/uploads\/2018\/01\/dinheiro-12-e1499351170769.jpg\" \/>\n<meta name=\"twitter:card\" content=\"summary_large_image\" \/>\n<meta name=\"twitter:creator\" content=\"@PolisRecreio\" \/>\n<meta name=\"twitter:site\" content=\"@PolisRecreio\" \/>\n<meta name=\"twitter:label1\" content=\"Est. reading time\">\n\t<meta name=\"twitter:data1\" content=\"2 minutos\">\n<script type=\"application\/ld+json\" class=\"yoast-schema-graph\">{\"@context\":\"https:\/\/schema.org\",\"@graph\":[{\"@type\":\"WebSite\",\"@id\":\"https:\/\/www.polisrecreio.com.br\/site\/#website\",\"url\":\"https:\/\/www.polisrecreio.com.br\/site\/\",\"name\":\"P\\u00f3lis Recreio\",\"description\":\"\",\"potentialAction\":[{\"@type\":\"SearchAction\",\"target\":\"https:\/\/www.polisrecreio.com.br\/site\/?s={search_term_string}\",\"query-input\":\"required name=search_term_string\"}],\"inLanguage\":\"pt-BR\"},{\"@type\":\"ImageObject\",\"@id\":\"https:\/\/www.polisrecreio.com.br\/site\/2021\/03\/18\/nova-rodada-do-auxilio-emergencial-deve-ser-paga-a-partir-de-abril\/#primaryimage\",\"inLanguage\":\"pt-BR\",\"url\":\"http:\/\/www.polisrecreio.com.br\/site\/wp-content\/uploads\/2018\/01\/dinheiro-12-e1499351170769.jpg\"},{\"@type\":\"WebPage\",\"@id\":\"https:\/\/www.polisrecreio.com.br\/site\/2021\/03\/18\/nova-rodada-do-auxilio-emergencial-deve-ser-paga-a-partir-de-abril\/#webpage\",\"url\":\"https:\/\/www.polisrecreio.com.br\/site\/2021\/03\/18\/nova-rodada-do-auxilio-emergencial-deve-ser-paga-a-partir-de-abril\/\",\"name\":\"Nova rodada do Aux\\u00edlio Emergencial deve ser paga a partir de abril - P\\u00f3lis Recreio\",\"isPartOf\":{\"@id\":\"https:\/\/www.polisrecreio.com.br\/site\/#website\"},\"primaryImageOfPage\":{\"@id\":\"https:\/\/www.polisrecreio.com.br\/site\/2021\/03\/18\/nova-rodada-do-auxilio-emergencial-deve-ser-paga-a-partir-de-abril\/#primaryimage\"},\"datePublished\":\"2021-03-18T21:02:29+00:00\",\"dateModified\":\"2021-03-18T21:04:22+00:00\",\"author\":{\"@id\":\"https:\/\/www.polisrecreio.com.br\/site\/#\/schema\/person\/3363c1c78e1e28e1329d97adb387638e\"},\"inLanguage\":\"pt-BR\",\"potentialAction\":[{\"@type\":\"ReadAction\",\"target\":[\"https:\/\/www.polisrecreio.com.br\/site\/2021\/03\/18\/nova-rodada-do-auxilio-emergencial-deve-ser-paga-a-partir-de-abril\/\"]}]},{\"@type\":\"Person\",\"@id\":\"https:\/\/www.polisrecreio.com.br\/site\/#\/schema\/person\/3363c1c78e1e28e1329d97adb387638e\",\"name\":\"Leonardo Ribeiro\",\"image\":{\"@type\":\"ImageObject\",\"@id\":\"https:\/\/www.polisrecreio.com.br\/site\/#personlogo\",\"inLanguage\":\"pt-BR\",\"url\":\"https:\/\/secure.gravatar.com\/avatar\/6ba92a37d621e1a83e23710251178a12?s=96&d=mm&r=g\",\"caption\":\"Leonardo Ribeiro\"},\"sameAs\":[\"http:\/\/www.polisrecreio.com.br\"]}]}<\/script>\n<!-- \/ Yoast SEO plugin. -->","_links":{"self":[{"href":"https:\/\/www.polisrecreio.com.br\/site\/wp-json\/wp\/v2\/posts\/20005"}],"collection":[{"href":"https:\/\/www.polisrecreio.com.br\/site\/wp-json\/wp\/v2\/posts"}],"about":[{"href":"https:\/\/www.polisrecreio.com.br\/site\/wp-json\/wp\/v2\/types\/post"}],"author":[{"embeddable":true,"href":"https:\/\/www.polisrecreio.com.br\/site\/wp-json\/wp\/v2\/users\/3"}],"replies":[{"embeddable":true,"href":"https:\/\/www.polisrecreio.com.br\/site\/wp-json\/wp\/v2\/comments?post=20005"}],"version-history":[{"count":3,"href":"https:\/\/www.polisrecreio.com.br\/site\/wp-json\/wp\/v2\/posts\/20005\/revisions"}],"predecessor-version":[{"id":20008,"href":"https:\/\/www.polisrecreio.com.br\/site\/wp-json\/wp\/v2\/posts\/20005\/revisions\/20008"}],"wp:attachment":[{"href":"https:\/\/www.polisrecreio.com.br\/site\/wp-json\/wp\/v2\/media?parent=20005"}],"wp:term":[{"taxonomy":"category","embeddable":true,"href":"https:\/\/www.polisrecreio.com.br\/site\/wp-json\/wp\/v2\/categories?post=20005"},{"taxonomy":"post_tag","embeddable":true,"href":"https:\/\/www.polisrecreio.com.br\/site\/wp-json\/wp\/v2\/tags?post=20005"}],"curies":[{"name":"wp","href":"https:\/\/api.w.org\/{rel}","templated":true}]}}