{"id":20091,"date":"2021-03-29T15:26:33","date_gmt":"2021-03-29T18:26:33","guid":{"rendered":"http:\/\/www.polisrecreio.com.br\/site\/?p=20091"},"modified":"2021-03-29T15:26:33","modified_gmt":"2021-03-29T18:26:33","slug":"auxilio-emergencial-previsao-que-pagamentos-comecem-na-proxima-semana","status":"publish","type":"post","link":"https:\/\/www.polisrecreio.com.br\/site\/2021\/03\/29\/auxilio-emergencial-previsao-que-pagamentos-comecem-na-proxima-semana\/","title":{"rendered":"Aux\u00edlio Emergencial: previs\u00e3o que pagamentos comecem na pr\u00f3xima semana"},"content":{"rendered":"<p style=\"text-align: justify;\">Na sexta-feira (26) foi editado o Decreto Federal que regulamenta o pagamento do Aux\u00edlio Emergencial 2021, institu\u00eddo em 18 de mar\u00e7o por meio de Medida Provis\u00f3ria. O apoio financeiro ser\u00e1 pago aos trabalhadores informais de baixa renda e aqueles inscritos em programas sociais como o Bolsa Fam\u00edlia, caso o novo benef\u00edcio seja mais vantajoso. A previs\u00e3o \u00e9 que os pagamentos comecem a partir da pr\u00f3xima semana \u2013 4 ou 5 de abril.<\/p>\n<p><!--more--><\/p>\n<p><a href=\"http:\/\/www.polisrecreio.com.br\/site\/wp-content\/uploads\/2020\/07\/dinheiro.jpg\"><img loading=\"lazy\" class=\"aligncenter size-full wp-image-18274\" src=\"http:\/\/www.polisrecreio.com.br\/site\/wp-content\/uploads\/2020\/07\/dinheiro.jpg\" alt=\"\" width=\"750\" height=\"422\" srcset=\"https:\/\/www.polisrecreio.com.br\/site\/wp-content\/uploads\/2020\/07\/dinheiro.jpg 750w, https:\/\/www.polisrecreio.com.br\/site\/wp-content\/uploads\/2020\/07\/dinheiro-300x169.jpg 300w\" sizes=\"(max-width: 750px) 100vw, 750px\" \/><\/a><\/p>\n<p style=\"text-align: justify;\">A nova rodada do Aux\u00edlio Emergencial pagar\u00e1 quatro parcelas com valor m\u00e9dio de R$ 250 cada uma. Esse valor pode chegar a R$ 375, no caso de fam\u00edlias que tenham apenas a m\u00e3e como provedora, ou R$ 150, no caso de fam\u00edlia unipessoal (formada por uma \u00fanica pessoa). Ao longo do ano passado, o aux\u00edlio chegou a atingir 68 milh\u00f5es de pessoas, mas agora o novo programa deve atender, nas proje\u00e7\u00f5es do governo, cerca de 45,6 milh\u00f5es de fam\u00edlias. Essa redu\u00e7\u00e3o se d\u00e1, segundo o governo, ap\u00f3s o cruzamento de dados que concentrou as transfer\u00eancias no p\u00fablico considerado mais vulner\u00e1vel.<\/p>\n<p style=\"text-align: justify;\">Pelo decreto, as parcelas do aux\u00edlio ser\u00e3o pagas independentemente de novo requerimento, desde que o benefici\u00e1rio atenda aos requisitos estabelecidos na Medida Provis\u00f3ria. O governo vai usar a mesma base de dados de quem se cadastrou para o programa no ano passado, pelo aplicativo ou pelo site da Caixa Econ\u00f4mica Federal, al\u00e9m daquelas pessoas inscritas no Cadastro \u00danico de Programas Sociais (Cad\u00danico) e no Bolsa Fam\u00edlia. Uma das novidades \u00e9 o recebimento do benef\u00edcio ficar\u00e1 limitado a um benefici\u00e1rio por fam\u00edlia.<\/p>\n<p style=\"text-align: justify;\"><strong>Crit\u00e9rios<\/strong><\/p>\n<p style=\"text-align: justify;\">Os trabalhadores formais (com carteira assinada e servidores p\u00fablicos) continuam impedidos de solicitar o aux\u00edlio emergencial. Al\u00e9m disso, cidad\u00e3os que recebam benef\u00edcio previdenci\u00e1rio, assistencial ou trabalhista ou de programa de transfer\u00eancia de renda federal, com exce\u00e7\u00e3o do Bolsa Fam\u00edlia e do PIS\/PASEP, n\u00e3o fazem parte do p\u00fablico que receber\u00e1 as parcelas de R$ 250. Para fins de elegibilidade, ser\u00e3o avaliados os crit\u00e9rios com base no m\u00eas de dezembro de 2020, informou o governo.<\/p>\n<p style=\"text-align: justify;\">O novo aux\u00edlio ser\u00e1 pago somente a fam\u00edlias com renda per capita de at\u00e9 meio sal\u00e1rio m\u00ednimo e renda mensal total de at\u00e9 tr\u00eas sal\u00e1rios m\u00ednimos. Para o p\u00fablico do Bolsa Fam\u00edlia, segue valendo a regra quanto ao valor mais vantajoso a ser recebido entre o programa assistencial e o aux\u00edlio emergencial 2021. Os integrantes do Bolsa Fam\u00edlia receber\u00e3o o benef\u00edcio com maior parcela (R$ 375).<\/p>\n<p style=\"text-align: justify;\">As pessoas que n\u00e3o movimentaram os valores do Aux\u00edlio Emergencial e sua extens\u00e3o, disponibilizados na poupan\u00e7a digital em 2020, n\u00e3o ter\u00e3o direito ao novo benef\u00edcio, assim como quem estiver com o aux\u00edlio do ano passado cancelado no momento da avalia\u00e7\u00e3o de elegibilidade para 2021.<\/p>\n<p style=\"text-align: justify;\">O aux\u00edlio emergencial 2021 ainda prev\u00ea outros crit\u00e9rios de elegibilidade. Est\u00e3o exclu\u00eddos os residentes m\u00e9dicos, multiprofissionais, benefici\u00e1rios de bolsas de estudo, estagi\u00e1rios e similares. Quem teve rendimentos tribut\u00e1veis acima de R$ 28.559,70 em 2019 ou tinha em 31 de dezembro daquele ano a posse ou a propriedade de bens ou direitos, inclusive terra nua, de valor total superior a R$ 300 mil, ou tenha recebido em 2019 rendimentos isentos, n\u00e3o tribut\u00e1veis ou tributados exclusivamente na fonte superior a R$ 40 mil, tamb\u00e9m n\u00e3o poder\u00e1 solicitar o novo benef\u00edcio.<\/p>\n<p style=\"text-align: justify;\">Quem ainda n\u00e3o ter\u00e1 direito a receber o novo aux\u00edlio s\u00e3o pessoas com menos de 18 anos, exceto m\u00e3es adolescentes, quem estiver no sistema carcer\u00e1rio em regime fechado ou tenha seu CPF vinculado, como instituidor, \u00e0 concess\u00e3o de aux\u00edlio-reclus\u00e3o, quem tiver indicativo de \u00f3bito nas bases de dados do governo federal ou tenha seu CPF vinculado, como instituidor, \u00e0 concess\u00e3o de pens\u00e3o por morte.<\/p>\n<p style=\"text-align: justify;\"><em>Com informa\u00e7\u00f5es: Ag\u00eancia Brasil.<\/em><\/p>\n","protected":false},"excerpt":{"rendered":"<p>Na sexta-feira (26) foi editado o Decreto Federal que regulamenta o pagamento do Aux\u00edlio Emergencial 2021, institu\u00eddo em 18 de mar\u00e7o por meio de Medida Provis\u00f3ria. O apoio financeiro ser\u00e1 pago aos trabalhadores informais de baixa renda e aqueles inscritos em programas sociais como o Bolsa Fam\u00edlia, caso o novo benef\u00edcio seja mais vantajoso. A [&hellip;]<\/p>\n","protected":false},"author":3,"featured_media":0,"comment_status":"open","ping_status":"open","sticky":false,"template":"","format":"standard","meta":[],"categories":[5],"tags":[],"yoast_head":"<!-- This site is optimized with the Yoast SEO plugin v15.6.2 - https:\/\/yoast.com\/wordpress\/plugins\/seo\/ -->\n<meta name=\"robots\" content=\"index, follow, max-snippet:-1, max-image-preview:large, max-video-preview:-1\" \/>\n<link rel=\"canonical\" href=\"http:\/\/www.polisrecreio.com.br\/site\/2021\/03\/29\/auxilio-emergencial-previsao-que-pagamentos-comecem-na-proxima-semana\/\" \/>\n<meta property=\"og:locale\" content=\"pt_BR\" \/>\n<meta property=\"og:type\" content=\"article\" \/>\n<meta property=\"og:title\" content=\"Aux\u00edlio Emergencial: previs\u00e3o que pagamentos comecem na pr\u00f3xima semana - P\u00f3lis Recreio\" \/>\n<meta property=\"og:description\" content=\"Na sexta-feira (26) foi editado o Decreto Federal que regulamenta o pagamento do Aux\u00edlio Emergencial 2021, institu\u00eddo em 18 de mar\u00e7o por meio de Medida Provis\u00f3ria. O apoio financeiro ser\u00e1 pago aos trabalhadores informais de baixa renda e aqueles inscritos em programas sociais como o Bolsa Fam\u00edlia, caso o novo benef\u00edcio seja mais vantajoso. A [&hellip;]\" \/>\n<meta property=\"og:url\" content=\"http:\/\/www.polisrecreio.com.br\/site\/2021\/03\/29\/auxilio-emergencial-previsao-que-pagamentos-comecem-na-proxima-semana\/\" \/>\n<meta property=\"og:site_name\" content=\"P\u00f3lis Recreio\" \/>\n<meta property=\"article:publisher\" content=\"https:\/\/www.facebook.com\/Site-P%c3%b3lis-Recreio-MG-181941708571019\/\" \/>\n<meta property=\"article:published_time\" content=\"2021-03-29T18:26:33+00:00\" \/>\n<meta property=\"og:image\" content=\"http:\/\/www.polisrecreio.com.br\/site\/wp-content\/uploads\/2020\/07\/dinheiro.jpg\" \/>\n<meta name=\"twitter:card\" content=\"summary_large_image\" \/>\n<meta name=\"twitter:creator\" content=\"@PolisRecreio\" \/>\n<meta name=\"twitter:site\" content=\"@PolisRecreio\" \/>\n<meta name=\"twitter:label1\" content=\"Est. reading time\">\n\t<meta name=\"twitter:data1\" content=\"3 minutos\">\n<script type=\"application\/ld+json\" class=\"yoast-schema-graph\">{\"@context\":\"https:\/\/schema.org\",\"@graph\":[{\"@type\":\"WebSite\",\"@id\":\"https:\/\/www.polisrecreio.com.br\/site\/#website\",\"url\":\"https:\/\/www.polisrecreio.com.br\/site\/\",\"name\":\"P\\u00f3lis Recreio\",\"description\":\"\",\"potentialAction\":[{\"@type\":\"SearchAction\",\"target\":\"https:\/\/www.polisrecreio.com.br\/site\/?s={search_term_string}\",\"query-input\":\"required name=search_term_string\"}],\"inLanguage\":\"pt-BR\"},{\"@type\":\"ImageObject\",\"@id\":\"http:\/\/www.polisrecreio.com.br\/site\/2021\/03\/29\/auxilio-emergencial-previsao-que-pagamentos-comecem-na-proxima-semana\/#primaryimage\",\"inLanguage\":\"pt-BR\",\"url\":\"http:\/\/www.polisrecreio.com.br\/site\/wp-content\/uploads\/2020\/07\/dinheiro.jpg\"},{\"@type\":\"WebPage\",\"@id\":\"http:\/\/www.polisrecreio.com.br\/site\/2021\/03\/29\/auxilio-emergencial-previsao-que-pagamentos-comecem-na-proxima-semana\/#webpage\",\"url\":\"http:\/\/www.polisrecreio.com.br\/site\/2021\/03\/29\/auxilio-emergencial-previsao-que-pagamentos-comecem-na-proxima-semana\/\",\"name\":\"Aux\\u00edlio Emergencial: previs\\u00e3o que pagamentos comecem na pr\\u00f3xima semana - P\\u00f3lis Recreio\",\"isPartOf\":{\"@id\":\"https:\/\/www.polisrecreio.com.br\/site\/#website\"},\"primaryImageOfPage\":{\"@id\":\"http:\/\/www.polisrecreio.com.br\/site\/2021\/03\/29\/auxilio-emergencial-previsao-que-pagamentos-comecem-na-proxima-semana\/#primaryimage\"},\"datePublished\":\"2021-03-29T18:26:33+00:00\",\"dateModified\":\"2021-03-29T18:26:33+00:00\",\"author\":{\"@id\":\"https:\/\/www.polisrecreio.com.br\/site\/#\/schema\/person\/3363c1c78e1e28e1329d97adb387638e\"},\"inLanguage\":\"pt-BR\",\"potentialAction\":[{\"@type\":\"ReadAction\",\"target\":[\"http:\/\/www.polisrecreio.com.br\/site\/2021\/03\/29\/auxilio-emergencial-previsao-que-pagamentos-comecem-na-proxima-semana\/\"]}]},{\"@type\":\"Person\",\"@id\":\"https:\/\/www.polisrecreio.com.br\/site\/#\/schema\/person\/3363c1c78e1e28e1329d97adb387638e\",\"name\":\"Leonardo Ribeiro\",\"image\":{\"@type\":\"ImageObject\",\"@id\":\"https:\/\/www.polisrecreio.com.br\/site\/#personlogo\",\"inLanguage\":\"pt-BR\",\"url\":\"https:\/\/secure.gravatar.com\/avatar\/6ba92a37d621e1a83e23710251178a12?s=96&d=mm&r=g\",\"caption\":\"Leonardo Ribeiro\"},\"sameAs\":[\"http:\/\/www.polisrecreio.com.br\"]}]}<\/script>\n<!-- \/ Yoast SEO plugin. -->","_links":{"self":[{"href":"https:\/\/www.polisrecreio.com.br\/site\/wp-json\/wp\/v2\/posts\/20091"}],"collection":[{"href":"https:\/\/www.polisrecreio.com.br\/site\/wp-json\/wp\/v2\/posts"}],"about":[{"href":"https:\/\/www.polisrecreio.com.br\/site\/wp-json\/wp\/v2\/types\/post"}],"author":[{"embeddable":true,"href":"https:\/\/www.polisrecreio.com.br\/site\/wp-json\/wp\/v2\/users\/3"}],"replies":[{"embeddable":true,"href":"https:\/\/www.polisrecreio.com.br\/site\/wp-json\/wp\/v2\/comments?post=20091"}],"version-history":[{"count":2,"href":"https:\/\/www.polisrecreio.com.br\/site\/wp-json\/wp\/v2\/posts\/20091\/revisions"}],"predecessor-version":[{"id":20093,"href":"https:\/\/www.polisrecreio.com.br\/site\/wp-json\/wp\/v2\/posts\/20091\/revisions\/20093"}],"wp:attachment":[{"href":"https:\/\/www.polisrecreio.com.br\/site\/wp-json\/wp\/v2\/media?parent=20091"}],"wp:term":[{"taxonomy":"category","embeddable":true,"href":"https:\/\/www.polisrecreio.com.br\/site\/wp-json\/wp\/v2\/categories?post=20091"},{"taxonomy":"post_tag","embeddable":true,"href":"https:\/\/www.polisrecreio.com.br\/site\/wp-json\/wp\/v2\/tags?post=20091"}],"curies":[{"name":"wp","href":"https:\/\/api.w.org\/{rel}","templated":true}]}}