{"id":20094,"date":"2021-03-29T17:51:29","date_gmt":"2021-03-29T20:51:29","guid":{"rendered":"http:\/\/www.polisrecreio.com.br\/site\/?p=20094"},"modified":"2021-03-29T17:51:29","modified_gmt":"2021-03-29T20:51:29","slug":"numero-de-pessoas-de-recreio-hospitalizadas-com-covid-19-e-o-maior-desde-janeiro","status":"publish","type":"post","link":"https:\/\/www.polisrecreio.com.br\/site\/2021\/03\/29\/numero-de-pessoas-de-recreio-hospitalizadas-com-covid-19-e-o-maior-desde-janeiro\/","title":{"rendered":"N\u00famero de pessoas de Recreio hospitalizadas com covid-19 \u00e9 o maior desde janeiro"},"content":{"rendered":"<p style=\"text-align: justify;\">O n\u00famero de pessoas de Recreio hospitalizadas com covid-19 \u00e9 o maior desde janeiro. Conforme boletim epidemiol\u00f3gico, seis recreienses est\u00e3o em tratamento em hospitais refer\u00eancia na regi\u00e3o.<\/p>\n<p><!--more--><\/p>\n<p><a href=\"http:\/\/www.polisrecreio.com.br\/site\/wp-content\/uploads\/2021\/03\/medico-segurando-o-cartao-covid-19_23-2148445988.jpg\"><img loading=\"lazy\" class=\"aligncenter size-full wp-image-20096\" src=\"http:\/\/www.polisrecreio.com.br\/site\/wp-content\/uploads\/2021\/03\/medico-segurando-o-cartao-covid-19_23-2148445988.jpg\" alt=\"\" width=\"650\" height=\"433\" srcset=\"https:\/\/www.polisrecreio.com.br\/site\/wp-content\/uploads\/2021\/03\/medico-segurando-o-cartao-covid-19_23-2148445988.jpg 650w, https:\/\/www.polisrecreio.com.br\/site\/wp-content\/uploads\/2021\/03\/medico-segurando-o-cartao-covid-19_23-2148445988-300x200.jpg 300w\" sizes=\"(max-width: 650px) 100vw, 650px\" \/><\/a><\/p>\n<p style=\"text-align: justify;\">A \u00faltima vez que foi registrada esta quantidade de internados foi em 29 de janeiro. A diferen\u00e7a \u00e9 que naquele momento havia apenas 7 em quarentena domiciliar. Atualmente este n\u00famero \u00e9 de 39.<\/p>\n<p style=\"text-align: justify;\">O Site P\u00f3lis n\u00e3o divulga nomes por quest\u00f5es \u00e9ticas.<\/p>\n<p><a href=\"http:\/\/www.polisrecreio.com.br\/site\/wp-content\/uploads\/2021\/03\/boletim290321.jpg\"><img loading=\"lazy\" class=\"aligncenter size-full wp-image-20095\" src=\"http:\/\/www.polisrecreio.com.br\/site\/wp-content\/uploads\/2021\/03\/boletim290321.jpg\" alt=\"\" width=\"650\" height=\"440\" srcset=\"https:\/\/www.polisrecreio.com.br\/site\/wp-content\/uploads\/2021\/03\/boletim290321.jpg 650w, https:\/\/www.polisrecreio.com.br\/site\/wp-content\/uploads\/2021\/03\/boletim290321-300x203.jpg 300w\" sizes=\"(max-width: 650px) 100vw, 650px\" \/><\/a><\/p>\n<p style=\"text-align: justify;\"><strong>Vacina\u00e7\u00e3o<\/strong><\/p>\n<p style=\"text-align: justify;\">As equipes de vacina\u00e7\u00e3o da Secretaria Municipal de Sa\u00fade continuam vacinando os grupos priorit\u00e1rios, conforme determina o Plano Nacional de Imuniza\u00e7\u00e3o \u2013 PNI. As imuniza\u00e7\u00f5es acontecem em domic\u00edlio.<\/p>\n<p style=\"text-align: justify;\">Nesta segunda-feira (29), come\u00e7aram a ser vacinados os idosos com 68 anos. O prefeito de Recreio, Z\u00e9 Maria Barros, recebeu a primeira dose. Ele destacou o trabalho que est\u00e1 sendo desenvolvido pelas equipes de vacina\u00e7\u00e3o. <a href=\"https:\/\/www.facebook.com\/zemaria.barros.3\/videos\/2385196794959780\" target=\"_blank\" rel=\"noopener noreferrer\">Confira o v\u00eddeo<\/a>.<\/p>\n<p style=\"text-align: justify;\">\n","protected":false},"excerpt":{"rendered":"<p>O n\u00famero de pessoas de Recreio hospitalizadas com covid-19 \u00e9 o maior desde janeiro. Conforme boletim epidemiol\u00f3gico, seis recreienses est\u00e3o em tratamento em hospitais refer\u00eancia na regi\u00e3o.<\/p>\n","protected":false},"author":3,"featured_media":20096,"comment_status":"open","ping_status":"open","sticky":false,"template":"","format":"standard","meta":[],"categories":[7],"tags":[],"yoast_head":"<!-- This site is optimized with the Yoast SEO plugin v15.6.2 - https:\/\/yoast.com\/wordpress\/plugins\/seo\/ -->\n<meta name=\"robots\" content=\"index, follow, max-snippet:-1, max-image-preview:large, max-video-preview:-1\" \/>\n<link rel=\"canonical\" href=\"http:\/\/www.polisrecreio.com.br\/site\/2021\/03\/29\/numero-de-pessoas-de-recreio-hospitalizadas-com-covid-19-e-o-maior-desde-janeiro\/\" \/>\n<meta property=\"og:locale\" content=\"pt_BR\" \/>\n<meta property=\"og:type\" content=\"article\" \/>\n<meta property=\"og:title\" content=\"N\u00famero de pessoas de Recreio hospitalizadas com covid-19 \u00e9 o maior desde janeiro - P\u00f3lis Recreio\" \/>\n<meta property=\"og:description\" content=\"O n\u00famero de pessoas de Recreio hospitalizadas com covid-19 \u00e9 o maior desde janeiro. Conforme boletim epidemiol\u00f3gico, seis recreienses est\u00e3o em tratamento em hospitais refer\u00eancia na regi\u00e3o.\" \/>\n<meta property=\"og:url\" content=\"http:\/\/www.polisrecreio.com.br\/site\/2021\/03\/29\/numero-de-pessoas-de-recreio-hospitalizadas-com-covid-19-e-o-maior-desde-janeiro\/\" \/>\n<meta property=\"og:site_name\" content=\"P\u00f3lis Recreio\" \/>\n<meta property=\"article:publisher\" content=\"https:\/\/www.facebook.com\/Site-P%c3%b3lis-Recreio-MG-181941708571019\/\" \/>\n<meta property=\"article:published_time\" content=\"2021-03-29T20:51:29+00:00\" \/>\n<meta property=\"og:image\" content=\"https:\/\/www.polisrecreio.com.br\/site\/wp-content\/uploads\/2021\/03\/medico-segurando-o-cartao-covid-19_23-2148445988.jpg\" \/>\n\t<meta property=\"og:image:width\" content=\"650\" \/>\n\t<meta property=\"og:image:height\" content=\"433\" \/>\n<meta name=\"twitter:card\" content=\"summary_large_image\" \/>\n<meta name=\"twitter:creator\" content=\"@PolisRecreio\" \/>\n<meta name=\"twitter:site\" content=\"@PolisRecreio\" \/>\n<meta name=\"twitter:label1\" content=\"Est. reading time\">\n\t<meta name=\"twitter:data1\" content=\"1 minuto\">\n<script type=\"application\/ld+json\" class=\"yoast-schema-graph\">{\"@context\":\"https:\/\/schema.org\",\"@graph\":[{\"@type\":\"WebSite\",\"@id\":\"https:\/\/www.polisrecreio.com.br\/site\/#website\",\"url\":\"https:\/\/www.polisrecreio.com.br\/site\/\",\"name\":\"P\\u00f3lis Recreio\",\"description\":\"\",\"potentialAction\":[{\"@type\":\"SearchAction\",\"target\":\"https:\/\/www.polisrecreio.com.br\/site\/?s={search_term_string}\",\"query-input\":\"required name=search_term_string\"}],\"inLanguage\":\"pt-BR\"},{\"@type\":\"ImageObject\",\"@id\":\"http:\/\/www.polisrecreio.com.br\/site\/2021\/03\/29\/numero-de-pessoas-de-recreio-hospitalizadas-com-covid-19-e-o-maior-desde-janeiro\/#primaryimage\",\"inLanguage\":\"pt-BR\",\"url\":\"https:\/\/www.polisrecreio.com.br\/site\/wp-content\/uploads\/2021\/03\/medico-segurando-o-cartao-covid-19_23-2148445988.jpg\",\"width\":650,\"height\":433},{\"@type\":\"WebPage\",\"@id\":\"http:\/\/www.polisrecreio.com.br\/site\/2021\/03\/29\/numero-de-pessoas-de-recreio-hospitalizadas-com-covid-19-e-o-maior-desde-janeiro\/#webpage\",\"url\":\"http:\/\/www.polisrecreio.com.br\/site\/2021\/03\/29\/numero-de-pessoas-de-recreio-hospitalizadas-com-covid-19-e-o-maior-desde-janeiro\/\",\"name\":\"N\\u00famero de pessoas de Recreio hospitalizadas com covid-19 \\u00e9 o maior desde janeiro - P\\u00f3lis Recreio\",\"isPartOf\":{\"@id\":\"https:\/\/www.polisrecreio.com.br\/site\/#website\"},\"primaryImageOfPage\":{\"@id\":\"http:\/\/www.polisrecreio.com.br\/site\/2021\/03\/29\/numero-de-pessoas-de-recreio-hospitalizadas-com-covid-19-e-o-maior-desde-janeiro\/#primaryimage\"},\"datePublished\":\"2021-03-29T20:51:29+00:00\",\"dateModified\":\"2021-03-29T20:51:29+00:00\",\"author\":{\"@id\":\"https:\/\/www.polisrecreio.com.br\/site\/#\/schema\/person\/3363c1c78e1e28e1329d97adb387638e\"},\"inLanguage\":\"pt-BR\",\"potentialAction\":[{\"@type\":\"ReadAction\",\"target\":[\"http:\/\/www.polisrecreio.com.br\/site\/2021\/03\/29\/numero-de-pessoas-de-recreio-hospitalizadas-com-covid-19-e-o-maior-desde-janeiro\/\"]}]},{\"@type\":\"Person\",\"@id\":\"https:\/\/www.polisrecreio.com.br\/site\/#\/schema\/person\/3363c1c78e1e28e1329d97adb387638e\",\"name\":\"Leonardo Ribeiro\",\"image\":{\"@type\":\"ImageObject\",\"@id\":\"https:\/\/www.polisrecreio.com.br\/site\/#personlogo\",\"inLanguage\":\"pt-BR\",\"url\":\"https:\/\/secure.gravatar.com\/avatar\/6ba92a37d621e1a83e23710251178a12?s=96&d=mm&r=g\",\"caption\":\"Leonardo Ribeiro\"},\"sameAs\":[\"http:\/\/www.polisrecreio.com.br\"]}]}<\/script>\n<!-- \/ Yoast SEO plugin. -->","_links":{"self":[{"href":"https:\/\/www.polisrecreio.com.br\/site\/wp-json\/wp\/v2\/posts\/20094"}],"collection":[{"href":"https:\/\/www.polisrecreio.com.br\/site\/wp-json\/wp\/v2\/posts"}],"about":[{"href":"https:\/\/www.polisrecreio.com.br\/site\/wp-json\/wp\/v2\/types\/post"}],"author":[{"embeddable":true,"href":"https:\/\/www.polisrecreio.com.br\/site\/wp-json\/wp\/v2\/users\/3"}],"replies":[{"embeddable":true,"href":"https:\/\/www.polisrecreio.com.br\/site\/wp-json\/wp\/v2\/comments?post=20094"}],"version-history":[{"count":1,"href":"https:\/\/www.polisrecreio.com.br\/site\/wp-json\/wp\/v2\/posts\/20094\/revisions"}],"predecessor-version":[{"id":20097,"href":"https:\/\/www.polisrecreio.com.br\/site\/wp-json\/wp\/v2\/posts\/20094\/revisions\/20097"}],"wp:featuredmedia":[{"embeddable":true,"href":"https:\/\/www.polisrecreio.com.br\/site\/wp-json\/wp\/v2\/media\/20096"}],"wp:attachment":[{"href":"https:\/\/www.polisrecreio.com.br\/site\/wp-json\/wp\/v2\/media?parent=20094"}],"wp:term":[{"taxonomy":"category","embeddable":true,"href":"https:\/\/www.polisrecreio.com.br\/site\/wp-json\/wp\/v2\/categories?post=20094"},{"taxonomy":"post_tag","embeddable":true,"href":"https:\/\/www.polisrecreio.com.br\/site\/wp-json\/wp\/v2\/tags?post=20094"}],"curies":[{"name":"wp","href":"https:\/\/api.w.org\/{rel}","templated":true}]}}