{"id":20099,"date":"2021-03-30T16:45:35","date_gmt":"2021-03-30T19:45:35","guid":{"rendered":"http:\/\/www.polisrecreio.com.br\/site\/?p=20099"},"modified":"2021-03-30T16:48:19","modified_gmt":"2021-03-30T19:48:19","slug":"covid-19-profissionais-da-coleta-de-lixo-deveriam-ser-priorizados-na-vacinacao","status":"publish","type":"post","link":"https:\/\/www.polisrecreio.com.br\/site\/2021\/03\/30\/covid-19-profissionais-da-coleta-de-lixo-deveriam-ser-priorizados-na-vacinacao\/","title":{"rendered":"Covid-19: profissionais da coleta de lixo deveriam ser priorizados na vacina\u00e7\u00e3o"},"content":{"rendered":"<p style=\"text-align: justify;\">Os profissionais da coleta de lixo de todo o Brasil deveriam ser priorizados nas pr\u00f3ximas fases da vacina\u00e7\u00e3o contra a covid-19. Os coletores mexem com materiais muitas vezes contaminados, ficando expostos ao cont\u00e1gio e com risco de se tornarem potenciais propagadores involunt\u00e1rios do v\u00edrus.<\/p>\n<p><!--more--><\/p>\n<p><a href=\"http:\/\/www.polisrecreio.com.br\/site\/wp-content\/uploads\/2021\/03\/unnamed.jpg\"><img loading=\"lazy\" class=\"aligncenter size-full wp-image-20100\" src=\"http:\/\/www.polisrecreio.com.br\/site\/wp-content\/uploads\/2021\/03\/unnamed.jpg\" alt=\"\" width=\"650\" height=\"411\" srcset=\"https:\/\/www.polisrecreio.com.br\/site\/wp-content\/uploads\/2021\/03\/unnamed.jpg 650w, https:\/\/www.polisrecreio.com.br\/site\/wp-content\/uploads\/2021\/03\/unnamed-300x190.jpg 300w\" sizes=\"(max-width: 650px) 100vw, 650px\" \/><\/a><\/p>\n<p style=\"text-align: justify;\">Na C\u00e2mara dos Deputados Federais existe um <a href=\"https:\/\/www.camara.leg.br\/propostas-legislativas\/2269910\" target=\"_blank\" rel=\"noopener noreferrer\">Projeto de Lei \u2013 PL 370\/21<\/a> \u2013 da Deputada Mara Rocha (PSDB-AC) em tramita\u00e7\u00e3o sobre o assunto. De acordo com o site Ag\u00eancia C\u00e2mara de Not\u00edcias, o documento est\u00e1 aguardando despacho do Presidente da C\u00e2mara.<\/p>\n<p style=\"text-align: justify;\">Como a maioria desta classe de trabalhadores s\u00e3o pessoas jovens ou em meia idade, eles dever\u00e3o ser um dos \u00faltimos a ser vacinados, conforme as faixas et\u00e1rias do Plano Nacional de Imuniza\u00e7\u00e3o.<\/p>\n<p style=\"text-align: justify;\">Em Recreio, alguns profissionais j\u00e1 levaram o caso para a Secretaria Municipal de Sa\u00fade. Segundo informa\u00e7\u00f5es, a Secretaria consultou a Ger\u00eancia Regional de Sa\u00fade de Leopoldina e est\u00e1 aguardando um parecer do \u00f3rg\u00e3o. Al\u00e9m dos coletores de lixo, no Munic\u00edpio ainda h\u00e1 os trabalhadores da Usina de Reciclagem de Concei\u00e7\u00e3o da Boa Vista, que tamb\u00e9m est\u00e3o expostos.<\/p>\n<p style=\"text-align: justify;\">A vacina\u00e7\u00e3o em Recreio est\u00e1 na faixa et\u00e1ria de 67 anos. As equipes est\u00e3o imunizando os idosos em domic\u00edlio.<\/p>\n","protected":false},"excerpt":{"rendered":"<p>Os profissionais da coleta de lixo de todo o Brasil deveriam ser priorizados nas pr\u00f3ximas fases da vacina\u00e7\u00e3o contra a covid-19. Os coletores mexem com materiais muitas vezes contaminados, ficando expostos ao cont\u00e1gio e com risco de se tornarem potenciais propagadores involunt\u00e1rios do v\u00edrus.<\/p>\n","protected":false},"author":3,"featured_media":20100,"comment_status":"open","ping_status":"open","sticky":false,"template":"","format":"standard","meta":[],"categories":[7],"tags":[],"yoast_head":"<!-- This site is optimized with the Yoast SEO plugin v15.6.2 - https:\/\/yoast.com\/wordpress\/plugins\/seo\/ -->\n<meta name=\"robots\" content=\"index, follow, max-snippet:-1, max-image-preview:large, max-video-preview:-1\" \/>\n<link rel=\"canonical\" href=\"http:\/\/www.polisrecreio.com.br\/site\/2021\/03\/30\/covid-19-profissionais-da-coleta-de-lixo-deveriam-ser-priorizados-na-vacinacao\/\" \/>\n<meta property=\"og:locale\" content=\"pt_BR\" \/>\n<meta property=\"og:type\" content=\"article\" \/>\n<meta property=\"og:title\" content=\"Covid-19: profissionais da coleta de lixo deveriam ser priorizados na vacina\u00e7\u00e3o - P\u00f3lis Recreio\" \/>\n<meta property=\"og:description\" content=\"Os profissionais da coleta de lixo de todo o Brasil deveriam ser priorizados nas pr\u00f3ximas fases da vacina\u00e7\u00e3o contra a covid-19. Os coletores mexem com materiais muitas vezes contaminados, ficando expostos ao cont\u00e1gio e com risco de se tornarem potenciais propagadores involunt\u00e1rios do v\u00edrus.\" \/>\n<meta property=\"og:url\" content=\"http:\/\/www.polisrecreio.com.br\/site\/2021\/03\/30\/covid-19-profissionais-da-coleta-de-lixo-deveriam-ser-priorizados-na-vacinacao\/\" \/>\n<meta property=\"og:site_name\" content=\"P\u00f3lis Recreio\" \/>\n<meta property=\"article:publisher\" content=\"https:\/\/www.facebook.com\/Site-P%c3%b3lis-Recreio-MG-181941708571019\/\" \/>\n<meta property=\"article:published_time\" content=\"2021-03-30T19:45:35+00:00\" \/>\n<meta property=\"article:modified_time\" content=\"2021-03-30T19:48:19+00:00\" \/>\n<meta property=\"og:image\" content=\"https:\/\/www.polisrecreio.com.br\/site\/wp-content\/uploads\/2021\/03\/unnamed.jpg\" \/>\n\t<meta property=\"og:image:width\" content=\"650\" \/>\n\t<meta property=\"og:image:height\" content=\"411\" \/>\n<meta name=\"twitter:card\" content=\"summary_large_image\" \/>\n<meta name=\"twitter:creator\" content=\"@PolisRecreio\" \/>\n<meta name=\"twitter:site\" content=\"@PolisRecreio\" \/>\n<meta name=\"twitter:label1\" content=\"Est. reading time\">\n\t<meta name=\"twitter:data1\" content=\"2 minutos\">\n<script type=\"application\/ld+json\" class=\"yoast-schema-graph\">{\"@context\":\"https:\/\/schema.org\",\"@graph\":[{\"@type\":\"WebSite\",\"@id\":\"https:\/\/www.polisrecreio.com.br\/site\/#website\",\"url\":\"https:\/\/www.polisrecreio.com.br\/site\/\",\"name\":\"P\\u00f3lis Recreio\",\"description\":\"\",\"potentialAction\":[{\"@type\":\"SearchAction\",\"target\":\"https:\/\/www.polisrecreio.com.br\/site\/?s={search_term_string}\",\"query-input\":\"required name=search_term_string\"}],\"inLanguage\":\"pt-BR\"},{\"@type\":\"ImageObject\",\"@id\":\"http:\/\/www.polisrecreio.com.br\/site\/2021\/03\/30\/covid-19-profissionais-da-coleta-de-lixo-deveriam-ser-priorizados-na-vacinacao\/#primaryimage\",\"inLanguage\":\"pt-BR\",\"url\":\"https:\/\/www.polisrecreio.com.br\/site\/wp-content\/uploads\/2021\/03\/unnamed.jpg\",\"width\":650,\"height\":411},{\"@type\":\"WebPage\",\"@id\":\"http:\/\/www.polisrecreio.com.br\/site\/2021\/03\/30\/covid-19-profissionais-da-coleta-de-lixo-deveriam-ser-priorizados-na-vacinacao\/#webpage\",\"url\":\"http:\/\/www.polisrecreio.com.br\/site\/2021\/03\/30\/covid-19-profissionais-da-coleta-de-lixo-deveriam-ser-priorizados-na-vacinacao\/\",\"name\":\"Covid-19: profissionais da coleta de lixo deveriam ser priorizados na vacina\\u00e7\\u00e3o - P\\u00f3lis Recreio\",\"isPartOf\":{\"@id\":\"https:\/\/www.polisrecreio.com.br\/site\/#website\"},\"primaryImageOfPage\":{\"@id\":\"http:\/\/www.polisrecreio.com.br\/site\/2021\/03\/30\/covid-19-profissionais-da-coleta-de-lixo-deveriam-ser-priorizados-na-vacinacao\/#primaryimage\"},\"datePublished\":\"2021-03-30T19:45:35+00:00\",\"dateModified\":\"2021-03-30T19:48:19+00:00\",\"author\":{\"@id\":\"https:\/\/www.polisrecreio.com.br\/site\/#\/schema\/person\/3363c1c78e1e28e1329d97adb387638e\"},\"inLanguage\":\"pt-BR\",\"potentialAction\":[{\"@type\":\"ReadAction\",\"target\":[\"http:\/\/www.polisrecreio.com.br\/site\/2021\/03\/30\/covid-19-profissionais-da-coleta-de-lixo-deveriam-ser-priorizados-na-vacinacao\/\"]}]},{\"@type\":\"Person\",\"@id\":\"https:\/\/www.polisrecreio.com.br\/site\/#\/schema\/person\/3363c1c78e1e28e1329d97adb387638e\",\"name\":\"Leonardo Ribeiro\",\"image\":{\"@type\":\"ImageObject\",\"@id\":\"https:\/\/www.polisrecreio.com.br\/site\/#personlogo\",\"inLanguage\":\"pt-BR\",\"url\":\"https:\/\/secure.gravatar.com\/avatar\/6ba92a37d621e1a83e23710251178a12?s=96&d=mm&r=g\",\"caption\":\"Leonardo Ribeiro\"},\"sameAs\":[\"http:\/\/www.polisrecreio.com.br\"]}]}<\/script>\n<!-- \/ Yoast SEO plugin. -->","_links":{"self":[{"href":"https:\/\/www.polisrecreio.com.br\/site\/wp-json\/wp\/v2\/posts\/20099"}],"collection":[{"href":"https:\/\/www.polisrecreio.com.br\/site\/wp-json\/wp\/v2\/posts"}],"about":[{"href":"https:\/\/www.polisrecreio.com.br\/site\/wp-json\/wp\/v2\/types\/post"}],"author":[{"embeddable":true,"href":"https:\/\/www.polisrecreio.com.br\/site\/wp-json\/wp\/v2\/users\/3"}],"replies":[{"embeddable":true,"href":"https:\/\/www.polisrecreio.com.br\/site\/wp-json\/wp\/v2\/comments?post=20099"}],"version-history":[{"count":3,"href":"https:\/\/www.polisrecreio.com.br\/site\/wp-json\/wp\/v2\/posts\/20099\/revisions"}],"predecessor-version":[{"id":20103,"href":"https:\/\/www.polisrecreio.com.br\/site\/wp-json\/wp\/v2\/posts\/20099\/revisions\/20103"}],"wp:featuredmedia":[{"embeddable":true,"href":"https:\/\/www.polisrecreio.com.br\/site\/wp-json\/wp\/v2\/media\/20100"}],"wp:attachment":[{"href":"https:\/\/www.polisrecreio.com.br\/site\/wp-json\/wp\/v2\/media?parent=20099"}],"wp:term":[{"taxonomy":"category","embeddable":true,"href":"https:\/\/www.polisrecreio.com.br\/site\/wp-json\/wp\/v2\/categories?post=20099"},{"taxonomy":"post_tag","embeddable":true,"href":"https:\/\/www.polisrecreio.com.br\/site\/wp-json\/wp\/v2\/tags?post=20099"}],"curies":[{"name":"wp","href":"https:\/\/api.w.org\/{rel}","templated":true}]}}