{"id":2037,"date":"2016-06-03T10:55:54","date_gmt":"2016-06-03T13:55:54","guid":{"rendered":"http:\/\/www.polisrecreio.com.br\/site\/?p=2037"},"modified":"2016-06-03T10:55:54","modified_gmt":"2016-06-03T13:55:54","slug":"em-julho-recreio-sediara-evento-nacional-sobre-reumatismo","status":"publish","type":"post","link":"https:\/\/www.polisrecreio.com.br\/site\/2016\/06\/03\/em-julho-recreio-sediara-evento-nacional-sobre-reumatismo\/","title":{"rendered":"Em julho, Recreio sediar\u00e1 evento nacional sobre reumatismo"},"content":{"rendered":"<p style=\"text-align: justify;\">Em 29 de julho, a cidade de Recreio sediar\u00e1 o \u201cClube do Reumatismo\u201d, \u00e0s 19h, no Centro Cultural Aristides Dorigo, um evento que re\u00fane m\u00e9dicos de todo o Brasil com o objetivo de debater diagn\u00f3sticos e trocar ideias sobre tratamentos da doen\u00e7a.<\/p>\n<p style=\"text-align: justify;\"><!--more--><\/p>\n<p style=\"text-align: justify;\"><a href=\"http:\/\/www.polisrecreio.com.br\/site\/wp-content\/uploads\/2016\/06\/reu.jpg\"><img loading=\"lazy\" class=\"aligncenter size-full wp-image-2038\" src=\"http:\/\/www.polisrecreio.com.br\/site\/wp-content\/uploads\/2016\/06\/reu.jpg\" alt=\"reu\" width=\"800\" height=\"514\" srcset=\"https:\/\/www.polisrecreio.com.br\/site\/wp-content\/uploads\/2016\/06\/reu.jpg 800w, https:\/\/www.polisrecreio.com.br\/site\/wp-content\/uploads\/2016\/06\/reu-300x193.jpg 300w\" sizes=\"(max-width: 800px) 100vw, 800px\" \/><\/a><\/p>\n<p style=\"text-align: justify;\">A organiza\u00e7\u00e3o deste evento no Munic\u00edpio foi proposto pelo m\u00e9dico reumatologista, recreiense, Dr. Fernando de Almeida Coimbra, ex-diretor do Hospital Federal de Bonsucesso, onde foi preceptor da reumatologia e chefe da cl\u00ednica de reumatologia; o m\u00e9dico \u00e9 membro da Liga Internacional Contra o Reumatismo, da Academia Brasileira de Reumatologia e da Sociedade Brasileira de Reumatologia. Dr. Fernando foi tamb\u00e9m prefeito duas vezes de Recreio, eleito pelo Partido dos Trabalhadores \u201cPT\u201d, entre 2005 e 2012. Atualmente ele atende em um consult\u00f3rio no centro da cidade.<\/p>\n<p style=\"text-align: justify;\"><a href=\"http:\/\/www.polisrecreio.com.br\/site\/wp-content\/uploads\/2016\/06\/Fernando.jpg\"><img loading=\"lazy\" class=\"alignleft wp-image-2039 size-medium\" src=\"http:\/\/www.polisrecreio.com.br\/site\/wp-content\/uploads\/2016\/06\/Fernando-300x297.jpg\" alt=\"Fernando\" width=\"300\" height=\"297\" srcset=\"https:\/\/www.polisrecreio.com.br\/site\/wp-content\/uploads\/2016\/06\/Fernando-300x297.jpg 300w, https:\/\/www.polisrecreio.com.br\/site\/wp-content\/uploads\/2016\/06\/Fernando-150x150.jpg 150w, https:\/\/www.polisrecreio.com.br\/site\/wp-content\/uploads\/2016\/06\/Fernando.jpg 800w\" sizes=\"(max-width: 300px) 100vw, 300px\" \/><\/a>\u201cA expectativa \u00e9 recebermos em Recreio cerca de 40 m\u00e9dicos, de todas as regi\u00f5es do Brasil, do \u201cClube do Reumatismo\u201d, um grupo que j\u00e1 atua e mant\u00e9m encontros em outras cidades\u201d, disse Dr. Fernando (foto).<\/p>\n","protected":false},"excerpt":{"rendered":"<p>Em 29 de julho, a cidade de Recreio sediar\u00e1 o \u201cClube do Reumatismo\u201d, \u00e0s 19h, no Centro Cultural Aristides Dorigo, um evento que re\u00fane m\u00e9dicos de todo o Brasil com o objetivo de debater diagn\u00f3sticos e trocar ideias sobre tratamentos da doen\u00e7a.<\/p>\n","protected":false},"author":3,"featured_media":2038,"comment_status":"open","ping_status":"open","sticky":false,"template":"","format":"standard","meta":[],"categories":[7],"tags":[],"yoast_head":"<!-- This site is optimized with the Yoast SEO plugin v15.6.2 - https:\/\/yoast.com\/wordpress\/plugins\/seo\/ -->\n<meta name=\"robots\" content=\"index, follow, max-snippet:-1, max-image-preview:large, max-video-preview:-1\" \/>\n<link rel=\"canonical\" href=\"http:\/\/www.polisrecreio.com.br\/site\/2016\/06\/03\/em-julho-recreio-sediara-evento-nacional-sobre-reumatismo\/\" \/>\n<meta property=\"og:locale\" content=\"pt_BR\" \/>\n<meta property=\"og:type\" content=\"article\" \/>\n<meta property=\"og:title\" content=\"Em julho, Recreio sediar\u00e1 evento nacional sobre reumatismo - P\u00f3lis Recreio\" \/>\n<meta property=\"og:description\" content=\"Em 29 de julho, a cidade de Recreio sediar\u00e1 o \u201cClube do Reumatismo\u201d, \u00e0s 19h, no Centro Cultural Aristides Dorigo, um evento que re\u00fane m\u00e9dicos de todo o Brasil com o objetivo de debater diagn\u00f3sticos e trocar ideias sobre tratamentos da doen\u00e7a.\" \/>\n<meta property=\"og:url\" content=\"http:\/\/www.polisrecreio.com.br\/site\/2016\/06\/03\/em-julho-recreio-sediara-evento-nacional-sobre-reumatismo\/\" \/>\n<meta property=\"og:site_name\" content=\"P\u00f3lis Recreio\" \/>\n<meta property=\"article:publisher\" content=\"https:\/\/www.facebook.com\/Site-P%c3%b3lis-Recreio-MG-181941708571019\/\" \/>\n<meta property=\"article:published_time\" content=\"2016-06-03T13:55:54+00:00\" \/>\n<meta property=\"og:image\" content=\"https:\/\/www.polisrecreio.com.br\/site\/wp-content\/uploads\/2016\/06\/reu.jpg\" \/>\n\t<meta property=\"og:image:width\" content=\"800\" \/>\n\t<meta property=\"og:image:height\" content=\"514\" \/>\n<meta name=\"twitter:card\" content=\"summary_large_image\" \/>\n<meta name=\"twitter:creator\" content=\"@PolisRecreio\" \/>\n<meta name=\"twitter:site\" content=\"@PolisRecreio\" \/>\n<meta name=\"twitter:label1\" content=\"Est. reading time\">\n\t<meta name=\"twitter:data1\" content=\"1 minuto\">\n<script type=\"application\/ld+json\" class=\"yoast-schema-graph\">{\"@context\":\"https:\/\/schema.org\",\"@graph\":[{\"@type\":\"WebSite\",\"@id\":\"https:\/\/www.polisrecreio.com.br\/site\/#website\",\"url\":\"https:\/\/www.polisrecreio.com.br\/site\/\",\"name\":\"P\\u00f3lis Recreio\",\"description\":\"\",\"potentialAction\":[{\"@type\":\"SearchAction\",\"target\":\"https:\/\/www.polisrecreio.com.br\/site\/?s={search_term_string}\",\"query-input\":\"required name=search_term_string\"}],\"inLanguage\":\"pt-BR\"},{\"@type\":\"ImageObject\",\"@id\":\"http:\/\/www.polisrecreio.com.br\/site\/2016\/06\/03\/em-julho-recreio-sediara-evento-nacional-sobre-reumatismo\/#primaryimage\",\"inLanguage\":\"pt-BR\",\"url\":\"https:\/\/www.polisrecreio.com.br\/site\/wp-content\/uploads\/2016\/06\/reu.jpg\",\"width\":800,\"height\":514},{\"@type\":\"WebPage\",\"@id\":\"http:\/\/www.polisrecreio.com.br\/site\/2016\/06\/03\/em-julho-recreio-sediara-evento-nacional-sobre-reumatismo\/#webpage\",\"url\":\"http:\/\/www.polisrecreio.com.br\/site\/2016\/06\/03\/em-julho-recreio-sediara-evento-nacional-sobre-reumatismo\/\",\"name\":\"Em julho, Recreio sediar\\u00e1 evento nacional sobre reumatismo - P\\u00f3lis Recreio\",\"isPartOf\":{\"@id\":\"https:\/\/www.polisrecreio.com.br\/site\/#website\"},\"primaryImageOfPage\":{\"@id\":\"http:\/\/www.polisrecreio.com.br\/site\/2016\/06\/03\/em-julho-recreio-sediara-evento-nacional-sobre-reumatismo\/#primaryimage\"},\"datePublished\":\"2016-06-03T13:55:54+00:00\",\"dateModified\":\"2016-06-03T13:55:54+00:00\",\"author\":{\"@id\":\"https:\/\/www.polisrecreio.com.br\/site\/#\/schema\/person\/3363c1c78e1e28e1329d97adb387638e\"},\"inLanguage\":\"pt-BR\",\"potentialAction\":[{\"@type\":\"ReadAction\",\"target\":[\"http:\/\/www.polisrecreio.com.br\/site\/2016\/06\/03\/em-julho-recreio-sediara-evento-nacional-sobre-reumatismo\/\"]}]},{\"@type\":\"Person\",\"@id\":\"https:\/\/www.polisrecreio.com.br\/site\/#\/schema\/person\/3363c1c78e1e28e1329d97adb387638e\",\"name\":\"Leonardo Ribeiro\",\"image\":{\"@type\":\"ImageObject\",\"@id\":\"https:\/\/www.polisrecreio.com.br\/site\/#personlogo\",\"inLanguage\":\"pt-BR\",\"url\":\"https:\/\/secure.gravatar.com\/avatar\/6ba92a37d621e1a83e23710251178a12?s=96&d=mm&r=g\",\"caption\":\"Leonardo Ribeiro\"},\"sameAs\":[\"http:\/\/www.polisrecreio.com.br\"]}]}<\/script>\n<!-- \/ Yoast SEO plugin. -->","_links":{"self":[{"href":"https:\/\/www.polisrecreio.com.br\/site\/wp-json\/wp\/v2\/posts\/2037"}],"collection":[{"href":"https:\/\/www.polisrecreio.com.br\/site\/wp-json\/wp\/v2\/posts"}],"about":[{"href":"https:\/\/www.polisrecreio.com.br\/site\/wp-json\/wp\/v2\/types\/post"}],"author":[{"embeddable":true,"href":"https:\/\/www.polisrecreio.com.br\/site\/wp-json\/wp\/v2\/users\/3"}],"replies":[{"embeddable":true,"href":"https:\/\/www.polisrecreio.com.br\/site\/wp-json\/wp\/v2\/comments?post=2037"}],"version-history":[{"count":1,"href":"https:\/\/www.polisrecreio.com.br\/site\/wp-json\/wp\/v2\/posts\/2037\/revisions"}],"predecessor-version":[{"id":2040,"href":"https:\/\/www.polisrecreio.com.br\/site\/wp-json\/wp\/v2\/posts\/2037\/revisions\/2040"}],"wp:featuredmedia":[{"embeddable":true,"href":"https:\/\/www.polisrecreio.com.br\/site\/wp-json\/wp\/v2\/media\/2038"}],"wp:attachment":[{"href":"https:\/\/www.polisrecreio.com.br\/site\/wp-json\/wp\/v2\/media?parent=2037"}],"wp:term":[{"taxonomy":"category","embeddable":true,"href":"https:\/\/www.polisrecreio.com.br\/site\/wp-json\/wp\/v2\/categories?post=2037"},{"taxonomy":"post_tag","embeddable":true,"href":"https:\/\/www.polisrecreio.com.br\/site\/wp-json\/wp\/v2\/tags?post=2037"}],"curies":[{"name":"wp","href":"https:\/\/api.w.org\/{rel}","templated":true}]}}