{"id":2041,"date":"2016-06-03T20:17:54","date_gmt":"2016-06-03T23:17:54","guid":{"rendered":"http:\/\/www.polisrecreio.com.br\/site\/?p=2041"},"modified":"2016-06-03T20:20:34","modified_gmt":"2016-06-03T23:20:34","slug":"corpo-de-bombeiros-interdita-a-vila-do-ideal-e-time-vai-jogar-em-laranjal","status":"publish","type":"post","link":"https:\/\/www.polisrecreio.com.br\/site\/2016\/06\/03\/corpo-de-bombeiros-interdita-a-vila-do-ideal-e-time-vai-jogar-em-laranjal\/","title":{"rendered":"Corpo de bombeiros interdita a Vila do Ideal e time vai jogar em Laranjal"},"content":{"rendered":"<p style=\"text-align: justify;\">Na v\u00e9spera do primeiro jogo da semifinal entre Ideal X Palmense, pela Copa dos Campe\u00f5es da Liga Esportiva de Cataguases, o Corpo de Bombeiros interditou o Est\u00e1dio Alcides Campos \u201cVila\u201d. Em meio ao ocorrido a diretoria fechou parceria com o Esporte Laranjal e transferiu o jogo para o Est\u00e1dio Firmo Dias, neste s\u00e1bado (4), as 15:30h.<\/p>\n<p style=\"text-align: justify;\"><!--more--><\/p>\n<figure id=\"attachment_2042\" aria-describedby=\"caption-attachment-2042\" style=\"width: 800px\" class=\"wp-caption aligncenter\"><a href=\"http:\/\/www.polisrecreio.com.br\/site\/wp-content\/uploads\/2016\/06\/11231087_977112038968156_6204871407567043814_n.jpg\"><img loading=\"lazy\" class=\"wp-image-2042 size-full\" src=\"http:\/\/www.polisrecreio.com.br\/site\/wp-content\/uploads\/2016\/06\/11231087_977112038968156_6204871407567043814_n.jpg\" alt=\"11231087_977112038968156_6204871407567043814_n\" width=\"800\" height=\"533\" srcset=\"https:\/\/www.polisrecreio.com.br\/site\/wp-content\/uploads\/2016\/06\/11231087_977112038968156_6204871407567043814_n.jpg 800w, https:\/\/www.polisrecreio.com.br\/site\/wp-content\/uploads\/2016\/06\/11231087_977112038968156_6204871407567043814_n-300x200.jpg 300w\" sizes=\"(max-width: 800px) 100vw, 800px\" \/><\/a><figcaption id=\"caption-attachment-2042\" class=\"wp-caption-text\">Ideal jogando em 2015 em Laranjal. Foto: Arquivo.<\/figcaption><\/figure>\n<p style=\"text-align: justify;\">Segundo informa\u00e7\u00f5es obtidas pelo Site P\u00f3lis, a a\u00e7\u00e3o fiscalizadora realizada na Vila nesta sexta-feira (3) constatou a exist\u00eancia de irregularidades que contraria o art. 5\u00ba da Lei 14.130\/01 e art. 11\u00ba do Decreto Estadual 44.746\/08.<\/p>\n<p style=\"text-align: justify;\">As irregularidades descritas pelo Corpo de Bombeiros foram:<\/p>\n<p style=\"text-align: justify;\">A edifica\u00e7\u00e3o n\u00e3o possui processo de seguran\u00e7a contra inc\u00eandio e p\u00e2nico, aprovado e liberado pelo Corpo de Bombeiros Militar de Minas Gerais;<\/p>\n<p style=\"text-align: justify;\">N\u00e3o possui nenhum tipo de medida de seguran\u00e7a instalada e operante, situa\u00e7\u00e3o que al\u00e9m de contrariar o previsto nas normas de seguran\u00e7a concorre para a caracteriza\u00e7\u00e3o do risco iminente de sinistros;<\/p>\n<p style=\"text-align: justify;\">&#8211; A edifica\u00e7\u00e3o n\u00e3o possui acessibilidade para portadores de necessidades de especiais, contrariando Lei 10.098\/00;<\/p>\n<p style=\"text-align: justify;\">&#8211; Sa\u00eddas de emerg\u00eancia do Est\u00e1dio n\u00e3o atendem previsto nas normas de seguran\u00e7a, no tocante e largura ao sentido de abertura;<\/p>\n<p style=\"text-align: justify;\">&#8211; As rampas n\u00e3o atendem ao previsto nas normas de seguran\u00e7a, no tocante a declividade e a instala\u00e7\u00e3o de corrim\u00e3os e guarda corpo;<\/p>\n<p style=\"text-align: justify;\">&#8211; Fia\u00e7\u00f5es el\u00e9tricas expostas e ou acondicionadas em material combust\u00edvel, situa\u00e7\u00e3o que al\u00e9m de contrariar o previsto na NBR 5410 da ABNT cria uma condi\u00e7\u00e3o de risco real e potencial de acidentes para os usu\u00e1rios da edifica\u00e7\u00e3o;<\/p>\n<p style=\"text-align: justify;\">&#8211; Livre acesso de uma das arquibancadas para uma laje de cobertura da \u00e1rea de lazer, com queda livre de aproximadamente 3 m de altura;<\/p>\n<p style=\"text-align: justify;\">&#8211; Foi constatado que toda a estrutura de sustenta\u00e7\u00e3o do telhado de cobertura de uma das arquibancadas se encontrava com diversas avarias causadas pela a\u00e7\u00e3o do tempo e ou mal executadas apresentando diversas deformidades e com emendas irregulares. Condi\u00e7\u00f5es que comprometem a estabilidade da referida cobertura criando uma condi\u00e7\u00e3o de risco real e potencial para os usu\u00e1rios da edifica\u00e7\u00e3o, para tal dever\u00e1 providenciar a manuten\u00e7\u00e3o devida com acompanhamento t\u00e9cnico ou a elabora\u00e7\u00e3o de um laudo t\u00e9cnico circunstanciado atestando as condi\u00e7\u00f5es de estabilidade da cobertura bem como elencando as medidas mitigadoras e ou corretivas que por ventura foram tomadas para garantir a seguran\u00e7a da cobertura;<\/p>\n<figure id=\"attachment_2043\" aria-describedby=\"caption-attachment-2043\" style=\"width: 650px\" class=\"wp-caption aligncenter\"><a href=\"http:\/\/www.polisrecreio.com.br\/site\/wp-content\/uploads\/2016\/06\/11.jpg\"><img loading=\"lazy\" class=\"wp-image-2043 size-full\" src=\"http:\/\/www.polisrecreio.com.br\/site\/wp-content\/uploads\/2016\/06\/11.jpg\" alt=\"11\" width=\"650\" height=\"334\" srcset=\"https:\/\/www.polisrecreio.com.br\/site\/wp-content\/uploads\/2016\/06\/11.jpg 650w, https:\/\/www.polisrecreio.com.br\/site\/wp-content\/uploads\/2016\/06\/11-300x154.jpg 300w\" sizes=\"(max-width: 650px) 100vw, 650px\" \/><\/a><figcaption id=\"caption-attachment-2043\" class=\"wp-caption-text\">Est\u00e1dio Alcides Campos &#8220;Vila&#8221;. Foto: Arquivo.<\/figcaption><\/figure>\n<p style=\"text-align: justify;\">Em 9 de outubro de 2015, a Vila j\u00e1 havia sido fiscalizada, atrav\u00e9s do REDS n\u00ba 2015-021751540-001 e na \u00e9poca foi determinado pelo Corpo de Bombeiros que ali poderia haver partidas de futebol, por\u00e9m, sem p\u00fablico na \u00e1rea edificada. Os jogos continuaram acontecendo com p\u00fablico e no dia 10 de abril de 2016, antes da partida contra o Ribeiro Junqueira, pela segunda rodada da Copa dos Campe\u00f5es, os sargentos Edmilson Coimbra e Vin\u00edcius Geraldo, relataram ao vice-presidente da LEC, Jorge Abritta, sobre a interdi\u00e7\u00e3o. O destacamento de Recreio da Pol\u00edcia Militar ent\u00e3o informou o caso ao Corpo de Bombeiros, conforme o REDS 2016-007872040-001.<\/p>\n<p style=\"text-align: justify;\">A diretoria come\u00e7ou a tentativa para sanar o problema, com parceria com a Prefeitura Municipal atrav\u00e9s do departamento de engenharia, mas, neste per\u00edodo os jogos continuaram acontecendo na Vila e agora, na v\u00e9spera do primeiro jogo da semifinal entre Ideal X Palmense o Corpo de Bombeiros interditou e o relat\u00f3rio foi encaminhado a Pol\u00edcia Militar de Minas Gerais, a Prefeitura Municipal e ao Minist\u00e9rio P\u00fablico de Minas Gerais.<\/p>\n","protected":false},"excerpt":{"rendered":"<p>Na v\u00e9spera do primeiro jogo da semifinal entre Ideal X Palmense, pela Copa dos Campe\u00f5es da Liga Esportiva de Cataguases, o Corpo de Bombeiros interditou o Est\u00e1dio Alcides Campos \u201cVila\u201d. Em meio ao ocorrido a diretoria fechou parceria com o Esporte Laranjal e transferiu o jogo para o Est\u00e1dio Firmo Dias, neste s\u00e1bado (4), as [&hellip;]<\/p>\n","protected":false},"author":3,"featured_media":2043,"comment_status":"open","ping_status":"open","sticky":false,"template":"","format":"standard","meta":[],"categories":[4],"tags":[],"yoast_head":"<!-- This site is optimized with the Yoast SEO plugin v15.6.2 - https:\/\/yoast.com\/wordpress\/plugins\/seo\/ -->\n<meta name=\"robots\" content=\"index, follow, max-snippet:-1, max-image-preview:large, max-video-preview:-1\" \/>\n<link rel=\"canonical\" href=\"https:\/\/www.polisrecreio.com.br\/site\/2016\/06\/03\/corpo-de-bombeiros-interdita-a-vila-do-ideal-e-time-vai-jogar-em-laranjal\/\" \/>\n<meta property=\"og:locale\" content=\"pt_BR\" \/>\n<meta property=\"og:type\" content=\"article\" \/>\n<meta property=\"og:title\" content=\"Corpo de bombeiros interdita a Vila do Ideal e time vai jogar em Laranjal - P\u00f3lis Recreio\" \/>\n<meta property=\"og:description\" content=\"Na v\u00e9spera do primeiro jogo da semifinal entre Ideal X Palmense, pela Copa dos Campe\u00f5es da Liga Esportiva de Cataguases, o Corpo de Bombeiros interditou o Est\u00e1dio Alcides Campos \u201cVila\u201d. Em meio ao ocorrido a diretoria fechou parceria com o Esporte Laranjal e transferiu o jogo para o Est\u00e1dio Firmo Dias, neste s\u00e1bado (4), as [&hellip;]\" \/>\n<meta property=\"og:url\" content=\"https:\/\/www.polisrecreio.com.br\/site\/2016\/06\/03\/corpo-de-bombeiros-interdita-a-vila-do-ideal-e-time-vai-jogar-em-laranjal\/\" \/>\n<meta property=\"og:site_name\" content=\"P\u00f3lis Recreio\" \/>\n<meta property=\"article:publisher\" content=\"https:\/\/www.facebook.com\/Site-P%c3%b3lis-Recreio-MG-181941708571019\/\" \/>\n<meta property=\"article:published_time\" content=\"2016-06-03T23:17:54+00:00\" \/>\n<meta property=\"article:modified_time\" content=\"2016-06-03T23:20:34+00:00\" \/>\n<meta property=\"og:image\" content=\"https:\/\/www.polisrecreio.com.br\/site\/wp-content\/uploads\/2016\/06\/11.jpg\" \/>\n\t<meta property=\"og:image:width\" content=\"650\" \/>\n\t<meta property=\"og:image:height\" content=\"334\" \/>\n<meta name=\"twitter:card\" content=\"summary_large_image\" \/>\n<meta name=\"twitter:creator\" content=\"@PolisRecreio\" \/>\n<meta name=\"twitter:site\" content=\"@PolisRecreio\" \/>\n<meta name=\"twitter:label1\" content=\"Est. reading time\">\n\t<meta name=\"twitter:data1\" content=\"3 minutos\">\n<script type=\"application\/ld+json\" class=\"yoast-schema-graph\">{\"@context\":\"https:\/\/schema.org\",\"@graph\":[{\"@type\":\"WebSite\",\"@id\":\"https:\/\/www.polisrecreio.com.br\/site\/#website\",\"url\":\"https:\/\/www.polisrecreio.com.br\/site\/\",\"name\":\"P\\u00f3lis Recreio\",\"description\":\"\",\"potentialAction\":[{\"@type\":\"SearchAction\",\"target\":\"https:\/\/www.polisrecreio.com.br\/site\/?s={search_term_string}\",\"query-input\":\"required name=search_term_string\"}],\"inLanguage\":\"pt-BR\"},{\"@type\":\"ImageObject\",\"@id\":\"https:\/\/www.polisrecreio.com.br\/site\/2016\/06\/03\/corpo-de-bombeiros-interdita-a-vila-do-ideal-e-time-vai-jogar-em-laranjal\/#primaryimage\",\"inLanguage\":\"pt-BR\",\"url\":\"https:\/\/www.polisrecreio.com.br\/site\/wp-content\/uploads\/2016\/06\/11.jpg\",\"width\":650,\"height\":334},{\"@type\":\"WebPage\",\"@id\":\"https:\/\/www.polisrecreio.com.br\/site\/2016\/06\/03\/corpo-de-bombeiros-interdita-a-vila-do-ideal-e-time-vai-jogar-em-laranjal\/#webpage\",\"url\":\"https:\/\/www.polisrecreio.com.br\/site\/2016\/06\/03\/corpo-de-bombeiros-interdita-a-vila-do-ideal-e-time-vai-jogar-em-laranjal\/\",\"name\":\"Corpo de bombeiros interdita a Vila do Ideal e time vai jogar em Laranjal - P\\u00f3lis Recreio\",\"isPartOf\":{\"@id\":\"https:\/\/www.polisrecreio.com.br\/site\/#website\"},\"primaryImageOfPage\":{\"@id\":\"https:\/\/www.polisrecreio.com.br\/site\/2016\/06\/03\/corpo-de-bombeiros-interdita-a-vila-do-ideal-e-time-vai-jogar-em-laranjal\/#primaryimage\"},\"datePublished\":\"2016-06-03T23:17:54+00:00\",\"dateModified\":\"2016-06-03T23:20:34+00:00\",\"author\":{\"@id\":\"https:\/\/www.polisrecreio.com.br\/site\/#\/schema\/person\/3363c1c78e1e28e1329d97adb387638e\"},\"inLanguage\":\"pt-BR\",\"potentialAction\":[{\"@type\":\"ReadAction\",\"target\":[\"https:\/\/www.polisrecreio.com.br\/site\/2016\/06\/03\/corpo-de-bombeiros-interdita-a-vila-do-ideal-e-time-vai-jogar-em-laranjal\/\"]}]},{\"@type\":\"Person\",\"@id\":\"https:\/\/www.polisrecreio.com.br\/site\/#\/schema\/person\/3363c1c78e1e28e1329d97adb387638e\",\"name\":\"Leonardo Ribeiro\",\"image\":{\"@type\":\"ImageObject\",\"@id\":\"https:\/\/www.polisrecreio.com.br\/site\/#personlogo\",\"inLanguage\":\"pt-BR\",\"url\":\"https:\/\/secure.gravatar.com\/avatar\/6ba92a37d621e1a83e23710251178a12?s=96&d=mm&r=g\",\"caption\":\"Leonardo Ribeiro\"},\"sameAs\":[\"http:\/\/www.polisrecreio.com.br\"]}]}<\/script>\n<!-- \/ Yoast SEO plugin. -->","_links":{"self":[{"href":"https:\/\/www.polisrecreio.com.br\/site\/wp-json\/wp\/v2\/posts\/2041"}],"collection":[{"href":"https:\/\/www.polisrecreio.com.br\/site\/wp-json\/wp\/v2\/posts"}],"about":[{"href":"https:\/\/www.polisrecreio.com.br\/site\/wp-json\/wp\/v2\/types\/post"}],"author":[{"embeddable":true,"href":"https:\/\/www.polisrecreio.com.br\/site\/wp-json\/wp\/v2\/users\/3"}],"replies":[{"embeddable":true,"href":"https:\/\/www.polisrecreio.com.br\/site\/wp-json\/wp\/v2\/comments?post=2041"}],"version-history":[{"count":2,"href":"https:\/\/www.polisrecreio.com.br\/site\/wp-json\/wp\/v2\/posts\/2041\/revisions"}],"predecessor-version":[{"id":2045,"href":"https:\/\/www.polisrecreio.com.br\/site\/wp-json\/wp\/v2\/posts\/2041\/revisions\/2045"}],"wp:featuredmedia":[{"embeddable":true,"href":"https:\/\/www.polisrecreio.com.br\/site\/wp-json\/wp\/v2\/media\/2043"}],"wp:attachment":[{"href":"https:\/\/www.polisrecreio.com.br\/site\/wp-json\/wp\/v2\/media?parent=2041"}],"wp:term":[{"taxonomy":"category","embeddable":true,"href":"https:\/\/www.polisrecreio.com.br\/site\/wp-json\/wp\/v2\/categories?post=2041"},{"taxonomy":"post_tag","embeddable":true,"href":"https:\/\/www.polisrecreio.com.br\/site\/wp-json\/wp\/v2\/tags?post=2041"}],"curies":[{"name":"wp","href":"https:\/\/api.w.org\/{rel}","templated":true}]}}