{"id":2082,"date":"2016-06-10T19:21:46","date_gmt":"2016-06-10T22:21:46","guid":{"rendered":"http:\/\/www.polisrecreio.com.br\/site\/?p=2082"},"modified":"2016-06-10T19:38:21","modified_gmt":"2016-06-10T22:38:21","slug":"energia-eletrica-e-interrompida-na-rua-joao-perilo-sem-aviso-e-comerciantes-sao-prejudicados","status":"publish","type":"post","link":"https:\/\/www.polisrecreio.com.br\/site\/2016\/06\/10\/energia-eletrica-e-interrompida-na-rua-joao-perilo-sem-aviso-e-comerciantes-sao-prejudicados\/","title":{"rendered":"Energia el\u00e9trica \u00e9 interrompida na Rua Jo\u00e3o Perilo sem aviso e comerciantes s\u00e3o prejudicados"},"content":{"rendered":"<p style=\"text-align: justify;\">Os comerciantes da Rua Jo\u00e3o Perilo, no centro de Recreio, foram surpreendidos hoje (10) com a interrup\u00e7\u00e3o no fornecimento de energia el\u00e9trica de 9h \u00e0s 13h, sem nenhum aviso por parte concession\u00e1ria Energisa. O Supermercado Amig\u00e3o, a Padaria Recreio e o A\u00e7ougue Ronaldo Carnes e Frios foram os principais prejudicados.<\/p>\n<p style=\"text-align: justify;\"><!--more--><\/p>\n<figure id=\"attachment_2083\" aria-describedby=\"caption-attachment-2083\" style=\"width: 800px\" class=\"wp-caption aligncenter\"><a href=\"http:\/\/www.polisrecreio.com.br\/site\/wp-content\/uploads\/2016\/06\/115_4091.jpg\"><img loading=\"lazy\" class=\"wp-image-2083 size-full\" src=\"http:\/\/www.polisrecreio.com.br\/site\/wp-content\/uploads\/2016\/06\/115_4091.jpg\" alt=\"115_4091\" width=\"800\" height=\"600\" srcset=\"https:\/\/www.polisrecreio.com.br\/site\/wp-content\/uploads\/2016\/06\/115_4091.jpg 800w, https:\/\/www.polisrecreio.com.br\/site\/wp-content\/uploads\/2016\/06\/115_4091-300x225.jpg 300w\" sizes=\"(max-width: 800px) 100vw, 800px\" \/><\/a><figcaption id=\"caption-attachment-2083\" class=\"wp-caption-text\">Rua Jo\u00e3o Perilo.<\/figcaption><\/figure>\n<p style=\"text-align: justify;\">Segundo informa\u00e7\u00f5es da empres\u00e1ria Marta Pina, do Supermercado Amig\u00e3o, \u201ca empresa fornecedora de energia el\u00e9trica em Recreio, Energisa, precisou interromper o fornecimento em v\u00e1rias ruas do centro da cidade por conta de afastamento de rede na Rua Dr. C\u00e9lio da Silveira Luz, por\u00e9m, no comunicado publicado durante a semana na programa\u00e7\u00e3o da R\u00e1dio Mundial FM 104,9 as ruas que sofreriam a interrup\u00e7\u00e3o eram a Francisco Reiff, Isidoro Neves, Dr. C\u00e9lio da Silveira Luz, Ant\u00f4nio Franco Sobrinho, Ant\u00f4nio Rodrigues; as vilas, Dona Em\u00edlia James e Luiz Canuto James; e as ladeiras, Arlindo Peres e Guimar\u00e3es. Em nenhum momento houve o comunicado na R\u00e1dio ou mesmo por escrito aos comerciantes da Rua Jo\u00e3o Perilo que a via ficaria sem energia el\u00e9trica\u201d, completou.<\/p>\n<p style=\"text-align: justify;\">Por volta de 9h toda a Rua Jo\u00e3o Perilo ficou sem eletricidade e para tentar sanar o problema os representantes comerciais entraram em contato com a Energisa, via telefone, mas, a empresa disse que o trecho realmente ficaria sem luz e que n\u00e3o poderia haver mudan\u00e7a no cronograma de execu\u00e7\u00e3o dos servi\u00e7os.<\/p>\n<p style=\"text-align: justify;\">Diante do ocorrido os empres\u00e1rios (as) do Supermercado Amig\u00e3o, da Padaria Recreio e do A\u00e7ougue Ronaldo Carnes Frios, principais prejudicados com o desligamento da eletricidade, registraram um boletim de ocorr\u00eancia (REDS 2016-012563710-001) na Pol\u00edcia Militar.<\/p>\n<p style=\"text-align: justify;\">No Supermercado Amig\u00e3o, segundo Marta Pina, \u201chouve preju\u00edzos que v\u00e3o da perda de clientes, por conta do atraso nos servi\u00e7os do caixa, at\u00e9 ao retardamento na execu\u00e7\u00e3o dos trabalhos internos como transfer\u00eancia de pedidos, reposi\u00e7\u00e3o de estoque e outros. No A\u00e7ougue Ronaldo Carnes e Frios o com\u00e9rcio deixou de vender v\u00e1rias mercadorias. Na Padaria Recreio o propriet\u00e1rio perdeu fornada de p\u00e3o e massas prontas. Em todos eles durante essas 4 horas ningu\u00e9m conseguiu vender os produtos que tivessem que ser fatiados ou pesados, al\u00e9m do risco de estragar mercadorias por falta do resfriamento adequado&#8221;, concluiu.<\/p>\n<p style=\"text-align: justify;\">Por volta de 13h a energia retornou e os com\u00e9rcios puderam trabalhar normalmente.<\/p>\n","protected":false},"excerpt":{"rendered":"<p>Os comerciantes da Rua Jo\u00e3o Perilo, no centro de Recreio, foram surpreendidos hoje (10) com a interrup\u00e7\u00e3o no fornecimento de energia el\u00e9trica de 9h \u00e0s 13h, sem nenhum aviso por parte concession\u00e1ria Energisa. O Supermercado Amig\u00e3o, a Padaria Recreio e o A\u00e7ougue Ronaldo Carnes e Frios foram os principais prejudicados.<\/p>\n","protected":false},"author":3,"featured_media":2083,"comment_status":"open","ping_status":"open","sticky":false,"template":"","format":"standard","meta":[],"categories":[6],"tags":[],"yoast_head":"<!-- This site is optimized with the Yoast SEO plugin v15.6.2 - https:\/\/yoast.com\/wordpress\/plugins\/seo\/ -->\n<meta name=\"robots\" content=\"index, follow, max-snippet:-1, max-image-preview:large, max-video-preview:-1\" \/>\n<link rel=\"canonical\" href=\"http:\/\/www.polisrecreio.com.br\/site\/2016\/06\/10\/energia-eletrica-e-interrompida-na-rua-joao-perilo-sem-aviso-e-comerciantes-sao-prejudicados\/\" \/>\n<meta property=\"og:locale\" content=\"pt_BR\" \/>\n<meta property=\"og:type\" content=\"article\" \/>\n<meta property=\"og:title\" content=\"Energia el\u00e9trica \u00e9 interrompida na Rua Jo\u00e3o Perilo sem aviso e comerciantes s\u00e3o prejudicados - P\u00f3lis Recreio\" \/>\n<meta property=\"og:description\" content=\"Os comerciantes da Rua Jo\u00e3o Perilo, no centro de Recreio, foram surpreendidos hoje (10) com a interrup\u00e7\u00e3o no fornecimento de energia el\u00e9trica de 9h \u00e0s 13h, sem nenhum aviso por parte concession\u00e1ria Energisa. O Supermercado Amig\u00e3o, a Padaria Recreio e o A\u00e7ougue Ronaldo Carnes e Frios foram os principais prejudicados.\" \/>\n<meta property=\"og:url\" content=\"http:\/\/www.polisrecreio.com.br\/site\/2016\/06\/10\/energia-eletrica-e-interrompida-na-rua-joao-perilo-sem-aviso-e-comerciantes-sao-prejudicados\/\" \/>\n<meta property=\"og:site_name\" content=\"P\u00f3lis Recreio\" \/>\n<meta property=\"article:publisher\" content=\"https:\/\/www.facebook.com\/Site-P%c3%b3lis-Recreio-MG-181941708571019\/\" \/>\n<meta property=\"article:published_time\" content=\"2016-06-10T22:21:46+00:00\" \/>\n<meta property=\"article:modified_time\" content=\"2016-06-10T22:38:21+00:00\" \/>\n<meta property=\"og:image\" content=\"https:\/\/www.polisrecreio.com.br\/site\/wp-content\/uploads\/2016\/06\/115_4091.jpg\" \/>\n\t<meta property=\"og:image:width\" content=\"800\" \/>\n\t<meta property=\"og:image:height\" content=\"600\" \/>\n<meta name=\"twitter:card\" content=\"summary_large_image\" \/>\n<meta name=\"twitter:creator\" content=\"@PolisRecreio\" \/>\n<meta name=\"twitter:site\" content=\"@PolisRecreio\" \/>\n<meta name=\"twitter:label1\" content=\"Est. reading time\">\n\t<meta name=\"twitter:data1\" content=\"2 minutos\">\n<script type=\"application\/ld+json\" class=\"yoast-schema-graph\">{\"@context\":\"https:\/\/schema.org\",\"@graph\":[{\"@type\":\"WebSite\",\"@id\":\"https:\/\/www.polisrecreio.com.br\/site\/#website\",\"url\":\"https:\/\/www.polisrecreio.com.br\/site\/\",\"name\":\"P\\u00f3lis Recreio\",\"description\":\"\",\"potentialAction\":[{\"@type\":\"SearchAction\",\"target\":\"https:\/\/www.polisrecreio.com.br\/site\/?s={search_term_string}\",\"query-input\":\"required name=search_term_string\"}],\"inLanguage\":\"pt-BR\"},{\"@type\":\"ImageObject\",\"@id\":\"http:\/\/www.polisrecreio.com.br\/site\/2016\/06\/10\/energia-eletrica-e-interrompida-na-rua-joao-perilo-sem-aviso-e-comerciantes-sao-prejudicados\/#primaryimage\",\"inLanguage\":\"pt-BR\",\"url\":\"https:\/\/www.polisrecreio.com.br\/site\/wp-content\/uploads\/2016\/06\/115_4091.jpg\",\"width\":800,\"height\":600},{\"@type\":\"WebPage\",\"@id\":\"http:\/\/www.polisrecreio.com.br\/site\/2016\/06\/10\/energia-eletrica-e-interrompida-na-rua-joao-perilo-sem-aviso-e-comerciantes-sao-prejudicados\/#webpage\",\"url\":\"http:\/\/www.polisrecreio.com.br\/site\/2016\/06\/10\/energia-eletrica-e-interrompida-na-rua-joao-perilo-sem-aviso-e-comerciantes-sao-prejudicados\/\",\"name\":\"Energia el\\u00e9trica \\u00e9 interrompida na Rua Jo\\u00e3o Perilo sem aviso e comerciantes s\\u00e3o prejudicados - P\\u00f3lis Recreio\",\"isPartOf\":{\"@id\":\"https:\/\/www.polisrecreio.com.br\/site\/#website\"},\"primaryImageOfPage\":{\"@id\":\"http:\/\/www.polisrecreio.com.br\/site\/2016\/06\/10\/energia-eletrica-e-interrompida-na-rua-joao-perilo-sem-aviso-e-comerciantes-sao-prejudicados\/#primaryimage\"},\"datePublished\":\"2016-06-10T22:21:46+00:00\",\"dateModified\":\"2016-06-10T22:38:21+00:00\",\"author\":{\"@id\":\"https:\/\/www.polisrecreio.com.br\/site\/#\/schema\/person\/3363c1c78e1e28e1329d97adb387638e\"},\"inLanguage\":\"pt-BR\",\"potentialAction\":[{\"@type\":\"ReadAction\",\"target\":[\"http:\/\/www.polisrecreio.com.br\/site\/2016\/06\/10\/energia-eletrica-e-interrompida-na-rua-joao-perilo-sem-aviso-e-comerciantes-sao-prejudicados\/\"]}]},{\"@type\":\"Person\",\"@id\":\"https:\/\/www.polisrecreio.com.br\/site\/#\/schema\/person\/3363c1c78e1e28e1329d97adb387638e\",\"name\":\"Leonardo Ribeiro\",\"image\":{\"@type\":\"ImageObject\",\"@id\":\"https:\/\/www.polisrecreio.com.br\/site\/#personlogo\",\"inLanguage\":\"pt-BR\",\"url\":\"https:\/\/secure.gravatar.com\/avatar\/6ba92a37d621e1a83e23710251178a12?s=96&d=mm&r=g\",\"caption\":\"Leonardo Ribeiro\"},\"sameAs\":[\"http:\/\/www.polisrecreio.com.br\"]}]}<\/script>\n<!-- \/ Yoast SEO plugin. -->","_links":{"self":[{"href":"https:\/\/www.polisrecreio.com.br\/site\/wp-json\/wp\/v2\/posts\/2082"}],"collection":[{"href":"https:\/\/www.polisrecreio.com.br\/site\/wp-json\/wp\/v2\/posts"}],"about":[{"href":"https:\/\/www.polisrecreio.com.br\/site\/wp-json\/wp\/v2\/types\/post"}],"author":[{"embeddable":true,"href":"https:\/\/www.polisrecreio.com.br\/site\/wp-json\/wp\/v2\/users\/3"}],"replies":[{"embeddable":true,"href":"https:\/\/www.polisrecreio.com.br\/site\/wp-json\/wp\/v2\/comments?post=2082"}],"version-history":[{"count":4,"href":"https:\/\/www.polisrecreio.com.br\/site\/wp-json\/wp\/v2\/posts\/2082\/revisions"}],"predecessor-version":[{"id":2087,"href":"https:\/\/www.polisrecreio.com.br\/site\/wp-json\/wp\/v2\/posts\/2082\/revisions\/2087"}],"wp:featuredmedia":[{"embeddable":true,"href":"https:\/\/www.polisrecreio.com.br\/site\/wp-json\/wp\/v2\/media\/2083"}],"wp:attachment":[{"href":"https:\/\/www.polisrecreio.com.br\/site\/wp-json\/wp\/v2\/media?parent=2082"}],"wp:term":[{"taxonomy":"category","embeddable":true,"href":"https:\/\/www.polisrecreio.com.br\/site\/wp-json\/wp\/v2\/categories?post=2082"},{"taxonomy":"post_tag","embeddable":true,"href":"https:\/\/www.polisrecreio.com.br\/site\/wp-json\/wp\/v2\/tags?post=2082"}],"curies":[{"name":"wp","href":"https:\/\/api.w.org\/{rel}","templated":true}]}}