{"id":2091,"date":"2016-06-13T10:03:46","date_gmt":"2016-06-13T13:03:46","guid":{"rendered":"http:\/\/www.polisrecreio.com.br\/site\/?p=2091"},"modified":"2016-06-13T10:07:44","modified_gmt":"2016-06-13T13:07:44","slug":"pelo-segundo-ano-ideal-e-eliminado-nas-semifinais-da-copa-dos-campeoes","status":"publish","type":"post","link":"https:\/\/www.polisrecreio.com.br\/site\/2016\/06\/13\/pelo-segundo-ano-ideal-e-eliminado-nas-semifinais-da-copa-dos-campeoes\/","title":{"rendered":"Pelo segundo ano, Ideal \u00e9 eliminado nas semifinais da Copa dos Campe\u00f5es"},"content":{"rendered":"<p style=\"text-align: justify;\">O sonho azul da in\u00e9dita conquista da Copa dos Campe\u00f5es da Liga Esportiva de Cataguases parou pelo segundo ano consecutivo nas semifinais da competi\u00e7\u00e3o, o Ideal E.C perdeu para o Palmense nos p\u00eanaltis, no \u00faltimo s\u00e1bado (11), em Laranjal. O time de Palma enfrentar\u00e1 na grande final o Esporte de Mira\u00ed.<\/p>\n<p style=\"text-align: justify;\"><!--more--><\/p>\n<figure id=\"attachment_2092\" aria-describedby=\"caption-attachment-2092\" style=\"width: 800px\" class=\"wp-caption aligncenter\"><a href=\"http:\/\/www.polisrecreio.com.br\/site\/wp-content\/uploads\/2016\/06\/ideal.jpg\"><img loading=\"lazy\" class=\"wp-image-2092 size-full\" src=\"http:\/\/www.polisrecreio.com.br\/site\/wp-content\/uploads\/2016\/06\/ideal.jpg\" alt=\"ideal\" width=\"800\" height=\"394\" srcset=\"https:\/\/www.polisrecreio.com.br\/site\/wp-content\/uploads\/2016\/06\/ideal.jpg 800w, https:\/\/www.polisrecreio.com.br\/site\/wp-content\/uploads\/2016\/06\/ideal-300x148.jpg 300w\" sizes=\"(max-width: 800px) 100vw, 800px\" \/><\/a><figcaption id=\"caption-attachment-2092\" class=\"wp-caption-text\">P\u00eanalti perdido que eliminou o Ideal.<\/figcaption><\/figure>\n<p style=\"text-align: justify;\">A equipe do Ideal precisava apenas de um empate para chegar \u00e0 grande final da competi\u00e7\u00e3o, mas, o time acabou perdendo no tempo normal por 1X0 e como o Azul\u00e3o tinha vencido por 2X0 o primeiro confronto, a classifica\u00e7\u00e3o foi decidida nos p\u00eanaltis. Nas cobran\u00e7as os jogadores profissionais do Ideal, Gilcimar e Medina, n\u00e3o converteram em gol as suas batidas e o time acabou eliminado por 6X5.<\/p>\n<p style=\"text-align: justify;\">As duas partidas entre Ideal X Palmense aconteceram no Est\u00e1dio Firmo Dias, em Laranjal, por causa do mesmo motivo, interdi\u00e7\u00e3o por parte do Corpo de Bombeiros do Est\u00e1dio Alcides Campos \u201cVila\u201d e do Est\u00e1dio Municipal de Palma.<\/p>\n<p style=\"text-align: justify;\">Em 2015, o Azul\u00e3o tamb\u00e9m chegou at\u00e9 \u00e0s semifinais, mas, acabou eliminado pelo Esporte de Laranjal ap\u00f3s duas derrotas por 1X0. Naquele ano o algoz do Ideal foi o campe\u00e3o da Copa.<\/p>\n","protected":false},"excerpt":{"rendered":"<p>O sonho azul da in\u00e9dita conquista da Copa dos Campe\u00f5es da Liga Esportiva de Cataguases parou pelo segundo ano consecutivo nas semifinais da competi\u00e7\u00e3o, o Ideal E.C perdeu para o Palmense nos p\u00eanaltis, no \u00faltimo s\u00e1bado (11), em Laranjal. O time de Palma enfrentar\u00e1 na grande final o Esporte de Mira\u00ed.<\/p>\n","protected":false},"author":3,"featured_media":2092,"comment_status":"open","ping_status":"open","sticky":false,"template":"","format":"standard","meta":[],"categories":[4],"tags":[],"yoast_head":"<!-- This site is optimized with the Yoast SEO plugin v15.6.2 - https:\/\/yoast.com\/wordpress\/plugins\/seo\/ -->\n<meta name=\"robots\" content=\"index, follow, max-snippet:-1, max-image-preview:large, max-video-preview:-1\" \/>\n<link rel=\"canonical\" href=\"http:\/\/www.polisrecreio.com.br\/site\/2016\/06\/13\/pelo-segundo-ano-ideal-e-eliminado-nas-semifinais-da-copa-dos-campeoes\/\" \/>\n<meta property=\"og:locale\" content=\"pt_BR\" \/>\n<meta property=\"og:type\" content=\"article\" \/>\n<meta property=\"og:title\" content=\"Pelo segundo ano, Ideal \u00e9 eliminado nas semifinais da Copa dos Campe\u00f5es - P\u00f3lis Recreio\" \/>\n<meta property=\"og:description\" content=\"O sonho azul da in\u00e9dita conquista da Copa dos Campe\u00f5es da Liga Esportiva de Cataguases parou pelo segundo ano consecutivo nas semifinais da competi\u00e7\u00e3o, o Ideal E.C perdeu para o Palmense nos p\u00eanaltis, no \u00faltimo s\u00e1bado (11), em Laranjal. O time de Palma enfrentar\u00e1 na grande final o Esporte de Mira\u00ed.\" \/>\n<meta property=\"og:url\" content=\"http:\/\/www.polisrecreio.com.br\/site\/2016\/06\/13\/pelo-segundo-ano-ideal-e-eliminado-nas-semifinais-da-copa-dos-campeoes\/\" \/>\n<meta property=\"og:site_name\" content=\"P\u00f3lis Recreio\" \/>\n<meta property=\"article:publisher\" content=\"https:\/\/www.facebook.com\/Site-P%c3%b3lis-Recreio-MG-181941708571019\/\" \/>\n<meta property=\"article:published_time\" content=\"2016-06-13T13:03:46+00:00\" \/>\n<meta property=\"article:modified_time\" content=\"2016-06-13T13:07:44+00:00\" \/>\n<meta property=\"og:image\" content=\"https:\/\/www.polisrecreio.com.br\/site\/wp-content\/uploads\/2016\/06\/ideal.jpg\" \/>\n\t<meta property=\"og:image:width\" content=\"800\" \/>\n\t<meta property=\"og:image:height\" content=\"394\" \/>\n<meta name=\"twitter:card\" content=\"summary_large_image\" \/>\n<meta name=\"twitter:creator\" content=\"@PolisRecreio\" \/>\n<meta name=\"twitter:site\" content=\"@PolisRecreio\" \/>\n<meta name=\"twitter:label1\" content=\"Est. reading time\">\n\t<meta name=\"twitter:data1\" content=\"1 minuto\">\n<script type=\"application\/ld+json\" class=\"yoast-schema-graph\">{\"@context\":\"https:\/\/schema.org\",\"@graph\":[{\"@type\":\"WebSite\",\"@id\":\"https:\/\/www.polisrecreio.com.br\/site\/#website\",\"url\":\"https:\/\/www.polisrecreio.com.br\/site\/\",\"name\":\"P\\u00f3lis Recreio\",\"description\":\"\",\"potentialAction\":[{\"@type\":\"SearchAction\",\"target\":\"https:\/\/www.polisrecreio.com.br\/site\/?s={search_term_string}\",\"query-input\":\"required name=search_term_string\"}],\"inLanguage\":\"pt-BR\"},{\"@type\":\"ImageObject\",\"@id\":\"http:\/\/www.polisrecreio.com.br\/site\/2016\/06\/13\/pelo-segundo-ano-ideal-e-eliminado-nas-semifinais-da-copa-dos-campeoes\/#primaryimage\",\"inLanguage\":\"pt-BR\",\"url\":\"https:\/\/www.polisrecreio.com.br\/site\/wp-content\/uploads\/2016\/06\/ideal.jpg\",\"width\":800,\"height\":394},{\"@type\":\"WebPage\",\"@id\":\"http:\/\/www.polisrecreio.com.br\/site\/2016\/06\/13\/pelo-segundo-ano-ideal-e-eliminado-nas-semifinais-da-copa-dos-campeoes\/#webpage\",\"url\":\"http:\/\/www.polisrecreio.com.br\/site\/2016\/06\/13\/pelo-segundo-ano-ideal-e-eliminado-nas-semifinais-da-copa-dos-campeoes\/\",\"name\":\"Pelo segundo ano, Ideal \\u00e9 eliminado nas semifinais da Copa dos Campe\\u00f5es - P\\u00f3lis Recreio\",\"isPartOf\":{\"@id\":\"https:\/\/www.polisrecreio.com.br\/site\/#website\"},\"primaryImageOfPage\":{\"@id\":\"http:\/\/www.polisrecreio.com.br\/site\/2016\/06\/13\/pelo-segundo-ano-ideal-e-eliminado-nas-semifinais-da-copa-dos-campeoes\/#primaryimage\"},\"datePublished\":\"2016-06-13T13:03:46+00:00\",\"dateModified\":\"2016-06-13T13:07:44+00:00\",\"author\":{\"@id\":\"https:\/\/www.polisrecreio.com.br\/site\/#\/schema\/person\/3363c1c78e1e28e1329d97adb387638e\"},\"inLanguage\":\"pt-BR\",\"potentialAction\":[{\"@type\":\"ReadAction\",\"target\":[\"http:\/\/www.polisrecreio.com.br\/site\/2016\/06\/13\/pelo-segundo-ano-ideal-e-eliminado-nas-semifinais-da-copa-dos-campeoes\/\"]}]},{\"@type\":\"Person\",\"@id\":\"https:\/\/www.polisrecreio.com.br\/site\/#\/schema\/person\/3363c1c78e1e28e1329d97adb387638e\",\"name\":\"Leonardo Ribeiro\",\"image\":{\"@type\":\"ImageObject\",\"@id\":\"https:\/\/www.polisrecreio.com.br\/site\/#personlogo\",\"inLanguage\":\"pt-BR\",\"url\":\"https:\/\/secure.gravatar.com\/avatar\/6ba92a37d621e1a83e23710251178a12?s=96&d=mm&r=g\",\"caption\":\"Leonardo Ribeiro\"},\"sameAs\":[\"http:\/\/www.polisrecreio.com.br\"]}]}<\/script>\n<!-- \/ Yoast SEO plugin. -->","_links":{"self":[{"href":"https:\/\/www.polisrecreio.com.br\/site\/wp-json\/wp\/v2\/posts\/2091"}],"collection":[{"href":"https:\/\/www.polisrecreio.com.br\/site\/wp-json\/wp\/v2\/posts"}],"about":[{"href":"https:\/\/www.polisrecreio.com.br\/site\/wp-json\/wp\/v2\/types\/post"}],"author":[{"embeddable":true,"href":"https:\/\/www.polisrecreio.com.br\/site\/wp-json\/wp\/v2\/users\/3"}],"replies":[{"embeddable":true,"href":"https:\/\/www.polisrecreio.com.br\/site\/wp-json\/wp\/v2\/comments?post=2091"}],"version-history":[{"count":5,"href":"https:\/\/www.polisrecreio.com.br\/site\/wp-json\/wp\/v2\/posts\/2091\/revisions"}],"predecessor-version":[{"id":2097,"href":"https:\/\/www.polisrecreio.com.br\/site\/wp-json\/wp\/v2\/posts\/2091\/revisions\/2097"}],"wp:featuredmedia":[{"embeddable":true,"href":"https:\/\/www.polisrecreio.com.br\/site\/wp-json\/wp\/v2\/media\/2092"}],"wp:attachment":[{"href":"https:\/\/www.polisrecreio.com.br\/site\/wp-json\/wp\/v2\/media?parent=2091"}],"wp:term":[{"taxonomy":"category","embeddable":true,"href":"https:\/\/www.polisrecreio.com.br\/site\/wp-json\/wp\/v2\/categories?post=2091"},{"taxonomy":"post_tag","embeddable":true,"href":"https:\/\/www.polisrecreio.com.br\/site\/wp-json\/wp\/v2\/tags?post=2091"}],"curies":[{"name":"wp","href":"https:\/\/api.w.org\/{rel}","templated":true}]}}