{"id":2105,"date":"2016-06-13T21:41:15","date_gmt":"2016-06-14T00:41:15","guid":{"rendered":"http:\/\/www.polisrecreio.com.br\/site\/?p=2105"},"modified":"2016-06-13T21:41:15","modified_gmt":"2016-06-14T00:41:15","slug":"prefeitura-inaugura-neste-sabado-calcamentos-no-alto-do-asilo","status":"publish","type":"post","link":"https:\/\/www.polisrecreio.com.br\/site\/2016\/06\/13\/prefeitura-inaugura-neste-sabado-calcamentos-no-alto-do-asilo\/","title":{"rendered":"Prefeitura inaugura, neste s\u00e1bado, cal\u00e7amentos no Alto do Asilo"},"content":{"rendered":"<p style=\"text-align: justify;\">Neste s\u00e1bado (18), a Prefeitura Municipal atrav\u00e9s do prefeito Oninho, estar\u00e1 inaugurando cinco ruas, de oito, pavimentadas por meio de recursos do Governo do Estado. \u201cA previs\u00e3o ser\u00e1 inaugurar, na parte da manh\u00e3, as ruas: Benedito Neres, Dona Corina, Fausto Ricardo de S\u00e1, Jos\u00e9 Vieira de Souza e Sebasti\u00e3o Ferreira Machado\u201d, informou Alessandre Tavares, assessor do prefeito.<\/p>\n<p style=\"text-align: justify;\"><!--more--><\/p>\n<figure id=\"attachment_2106\" aria-describedby=\"caption-attachment-2106\" style=\"width: 800px\" class=\"wp-caption aligncenter\"><a href=\"http:\/\/www.polisrecreio.com.br\/site\/wp-content\/uploads\/2016\/06\/DSCF4882.jpg\"><img loading=\"lazy\" class=\"wp-image-2106 size-full\" src=\"http:\/\/www.polisrecreio.com.br\/site\/wp-content\/uploads\/2016\/06\/DSCF4882.jpg\" alt=\"DSCF4882\" width=\"800\" height=\"394\" srcset=\"https:\/\/www.polisrecreio.com.br\/site\/wp-content\/uploads\/2016\/06\/DSCF4882.jpg 800w, https:\/\/www.polisrecreio.com.br\/site\/wp-content\/uploads\/2016\/06\/DSCF4882-300x148.jpg 300w\" sizes=\"(max-width: 800px) 100vw, 800px\" \/><\/a><figcaption id=\"caption-attachment-2106\" class=\"wp-caption-text\">Prefeito Oninho visitando cal\u00e7amento em 2015. Foto: Arquivo.<\/figcaption><\/figure>\n<p style=\"text-align: justify;\">Os cal\u00e7amentos no Alto do Asilo foram realizados em conv\u00eanio firmado entre a Prefeitura de Recreio e Governo do Estado de Minas Gerais, em 2014, e as obras foram iniciadas no segundo semestre do mesmo ano e conclu\u00eddas este ano. O valor do investimento foi de R$ 511.552,87.<\/p>\n<p style=\"text-align: justify;\">Al\u00e9m das ruas que est\u00e3o previstas para inaugurar neste s\u00e1bado, restar\u00e1 ainda, as vias Ant\u00f4nio Coutinho, Walter Dias e Argentina Ribeiro da Silva. Ao todo foram 7.174 m\u00b2 de cal\u00e7amentos no bairro.<\/p>\n","protected":false},"excerpt":{"rendered":"<p>Neste s\u00e1bado (18), a Prefeitura Municipal atrav\u00e9s do prefeito Oninho, estar\u00e1 inaugurando cinco ruas, de oito, pavimentadas por meio de recursos do Governo do Estado. \u201cA previs\u00e3o ser\u00e1 inaugurar, na parte da manh\u00e3, as ruas: Benedito Neres, Dona Corina, Fausto Ricardo de S\u00e1, Jos\u00e9 Vieira de Souza e Sebasti\u00e3o Ferreira Machado\u201d, informou Alessandre Tavares, assessor [&hellip;]<\/p>\n","protected":false},"author":3,"featured_media":2106,"comment_status":"open","ping_status":"open","sticky":false,"template":"","format":"standard","meta":[],"categories":[6],"tags":[],"yoast_head":"<!-- This site is optimized with the Yoast SEO plugin v15.6.2 - https:\/\/yoast.com\/wordpress\/plugins\/seo\/ -->\n<meta name=\"robots\" content=\"index, follow, max-snippet:-1, max-image-preview:large, max-video-preview:-1\" \/>\n<link rel=\"canonical\" href=\"http:\/\/www.polisrecreio.com.br\/site\/2016\/06\/13\/prefeitura-inaugura-neste-sabado-calcamentos-no-alto-do-asilo\/\" \/>\n<meta property=\"og:locale\" content=\"pt_BR\" \/>\n<meta property=\"og:type\" content=\"article\" \/>\n<meta property=\"og:title\" content=\"Prefeitura inaugura, neste s\u00e1bado, cal\u00e7amentos no Alto do Asilo - P\u00f3lis Recreio\" \/>\n<meta property=\"og:description\" content=\"Neste s\u00e1bado (18), a Prefeitura Municipal atrav\u00e9s do prefeito Oninho, estar\u00e1 inaugurando cinco ruas, de oito, pavimentadas por meio de recursos do Governo do Estado. \u201cA previs\u00e3o ser\u00e1 inaugurar, na parte da manh\u00e3, as ruas: Benedito Neres, Dona Corina, Fausto Ricardo de S\u00e1, Jos\u00e9 Vieira de Souza e Sebasti\u00e3o Ferreira Machado\u201d, informou Alessandre Tavares, assessor [&hellip;]\" \/>\n<meta property=\"og:url\" content=\"http:\/\/www.polisrecreio.com.br\/site\/2016\/06\/13\/prefeitura-inaugura-neste-sabado-calcamentos-no-alto-do-asilo\/\" \/>\n<meta property=\"og:site_name\" content=\"P\u00f3lis Recreio\" \/>\n<meta property=\"article:publisher\" content=\"https:\/\/www.facebook.com\/Site-P%c3%b3lis-Recreio-MG-181941708571019\/\" \/>\n<meta property=\"article:published_time\" content=\"2016-06-14T00:41:15+00:00\" \/>\n<meta property=\"og:image\" content=\"https:\/\/www.polisrecreio.com.br\/site\/wp-content\/uploads\/2016\/06\/DSCF4882.jpg\" \/>\n\t<meta property=\"og:image:width\" content=\"800\" \/>\n\t<meta property=\"og:image:height\" content=\"394\" \/>\n<meta name=\"twitter:card\" content=\"summary_large_image\" \/>\n<meta name=\"twitter:creator\" content=\"@PolisRecreio\" \/>\n<meta name=\"twitter:site\" content=\"@PolisRecreio\" \/>\n<meta name=\"twitter:label1\" content=\"Est. reading time\">\n\t<meta name=\"twitter:data1\" content=\"1 minuto\">\n<script type=\"application\/ld+json\" class=\"yoast-schema-graph\">{\"@context\":\"https:\/\/schema.org\",\"@graph\":[{\"@type\":\"WebSite\",\"@id\":\"https:\/\/www.polisrecreio.com.br\/site\/#website\",\"url\":\"https:\/\/www.polisrecreio.com.br\/site\/\",\"name\":\"P\\u00f3lis Recreio\",\"description\":\"\",\"potentialAction\":[{\"@type\":\"SearchAction\",\"target\":\"https:\/\/www.polisrecreio.com.br\/site\/?s={search_term_string}\",\"query-input\":\"required name=search_term_string\"}],\"inLanguage\":\"pt-BR\"},{\"@type\":\"ImageObject\",\"@id\":\"http:\/\/www.polisrecreio.com.br\/site\/2016\/06\/13\/prefeitura-inaugura-neste-sabado-calcamentos-no-alto-do-asilo\/#primaryimage\",\"inLanguage\":\"pt-BR\",\"url\":\"https:\/\/www.polisrecreio.com.br\/site\/wp-content\/uploads\/2016\/06\/DSCF4882.jpg\",\"width\":800,\"height\":394},{\"@type\":\"WebPage\",\"@id\":\"http:\/\/www.polisrecreio.com.br\/site\/2016\/06\/13\/prefeitura-inaugura-neste-sabado-calcamentos-no-alto-do-asilo\/#webpage\",\"url\":\"http:\/\/www.polisrecreio.com.br\/site\/2016\/06\/13\/prefeitura-inaugura-neste-sabado-calcamentos-no-alto-do-asilo\/\",\"name\":\"Prefeitura inaugura, neste s\\u00e1bado, cal\\u00e7amentos no Alto do Asilo - P\\u00f3lis Recreio\",\"isPartOf\":{\"@id\":\"https:\/\/www.polisrecreio.com.br\/site\/#website\"},\"primaryImageOfPage\":{\"@id\":\"http:\/\/www.polisrecreio.com.br\/site\/2016\/06\/13\/prefeitura-inaugura-neste-sabado-calcamentos-no-alto-do-asilo\/#primaryimage\"},\"datePublished\":\"2016-06-14T00:41:15+00:00\",\"dateModified\":\"2016-06-14T00:41:15+00:00\",\"author\":{\"@id\":\"https:\/\/www.polisrecreio.com.br\/site\/#\/schema\/person\/3363c1c78e1e28e1329d97adb387638e\"},\"inLanguage\":\"pt-BR\",\"potentialAction\":[{\"@type\":\"ReadAction\",\"target\":[\"http:\/\/www.polisrecreio.com.br\/site\/2016\/06\/13\/prefeitura-inaugura-neste-sabado-calcamentos-no-alto-do-asilo\/\"]}]},{\"@type\":\"Person\",\"@id\":\"https:\/\/www.polisrecreio.com.br\/site\/#\/schema\/person\/3363c1c78e1e28e1329d97adb387638e\",\"name\":\"Leonardo Ribeiro\",\"image\":{\"@type\":\"ImageObject\",\"@id\":\"https:\/\/www.polisrecreio.com.br\/site\/#personlogo\",\"inLanguage\":\"pt-BR\",\"url\":\"https:\/\/secure.gravatar.com\/avatar\/6ba92a37d621e1a83e23710251178a12?s=96&d=mm&r=g\",\"caption\":\"Leonardo Ribeiro\"},\"sameAs\":[\"http:\/\/www.polisrecreio.com.br\"]}]}<\/script>\n<!-- \/ Yoast SEO plugin. -->","_links":{"self":[{"href":"https:\/\/www.polisrecreio.com.br\/site\/wp-json\/wp\/v2\/posts\/2105"}],"collection":[{"href":"https:\/\/www.polisrecreio.com.br\/site\/wp-json\/wp\/v2\/posts"}],"about":[{"href":"https:\/\/www.polisrecreio.com.br\/site\/wp-json\/wp\/v2\/types\/post"}],"author":[{"embeddable":true,"href":"https:\/\/www.polisrecreio.com.br\/site\/wp-json\/wp\/v2\/users\/3"}],"replies":[{"embeddable":true,"href":"https:\/\/www.polisrecreio.com.br\/site\/wp-json\/wp\/v2\/comments?post=2105"}],"version-history":[{"count":1,"href":"https:\/\/www.polisrecreio.com.br\/site\/wp-json\/wp\/v2\/posts\/2105\/revisions"}],"predecessor-version":[{"id":2107,"href":"https:\/\/www.polisrecreio.com.br\/site\/wp-json\/wp\/v2\/posts\/2105\/revisions\/2107"}],"wp:featuredmedia":[{"embeddable":true,"href":"https:\/\/www.polisrecreio.com.br\/site\/wp-json\/wp\/v2\/media\/2106"}],"wp:attachment":[{"href":"https:\/\/www.polisrecreio.com.br\/site\/wp-json\/wp\/v2\/media?parent=2105"}],"wp:term":[{"taxonomy":"category","embeddable":true,"href":"https:\/\/www.polisrecreio.com.br\/site\/wp-json\/wp\/v2\/categories?post=2105"},{"taxonomy":"post_tag","embeddable":true,"href":"https:\/\/www.polisrecreio.com.br\/site\/wp-json\/wp\/v2\/tags?post=2105"}],"curies":[{"name":"wp","href":"https:\/\/api.w.org\/{rel}","templated":true}]}}