{"id":21156,"date":"2021-08-04T20:57:49","date_gmt":"2021-08-04T23:57:49","guid":{"rendered":"http:\/\/www.polisrecreio.com.br\/site\/?p=21156"},"modified":"2021-08-04T20:57:49","modified_gmt":"2021-08-04T23:57:49","slug":"escolinha-de-futebol-no-ideal-e-c-volta-aos-treinos","status":"publish","type":"post","link":"https:\/\/www.polisrecreio.com.br\/site\/2021\/08\/04\/escolinha-de-futebol-no-ideal-e-c-volta-aos-treinos\/","title":{"rendered":"Escolinha de futebol no Ideal E.C. volta aos treinos"},"content":{"rendered":"<p style=\"text-align: justify;\">A escolinha de futebol no campo do Ideal Esporte Clube voltou aos treinos nesta quarta-feira (4), depois de mais de 1 ano de atividades suspensas por conta da pandemia da covid-19.<\/p>\n<p><!--more--><\/p>\n<p><a href=\"http:\/\/www.polisrecreio.com.br\/site\/wp-content\/uploads\/2021\/08\/DSC_0045.jpg\"><img loading=\"lazy\" class=\"aligncenter size-full wp-image-21157\" src=\"http:\/\/www.polisrecreio.com.br\/site\/wp-content\/uploads\/2021\/08\/DSC_0045.jpg\" alt=\"\" width=\"750\" height=\"500\" srcset=\"https:\/\/www.polisrecreio.com.br\/site\/wp-content\/uploads\/2021\/08\/DSC_0045.jpg 750w, https:\/\/www.polisrecreio.com.br\/site\/wp-content\/uploads\/2021\/08\/DSC_0045-300x200.jpg 300w\" sizes=\"(max-width: 750px) 100vw, 750px\" \/><\/a><\/p>\n<p style=\"text-align: justify;\">Os treinos s\u00e3o gratuitos para os atletas de 7 a 18 anos. A escolinha \u00e9 coordenada pelo treinador de futebol e atual secret\u00e1rio de Esportes, Lazer e Turismo, Merica.<\/p>\n<p style=\"text-align: justify;\">O retorno das atividades contou com a presen\u00e7a de v\u00e1rios atletas. O vice-prefeito, L\u00e9o Medeiros; os vereadores, Chiquinho, Z\u00e9 Eduardo e Juninho; o secret\u00e1rio de Sa\u00fade, Felipe Meira; o diretor do Ideal, Lucinho Conde; e o esportista do Alto do Asilo, Dev\u00fa, participaram da abertura dos treinos.<\/p>\n<p style=\"text-align: justify;\">A escolinha no campo do Ideal conta com apoio da Prefeitura Municipal, atrav\u00e9s da Secretaria de Esportes, Lazer e Turismo.<\/p>\n<p><strong>Confira os hor\u00e1rios no Est\u00e1dio Alcides Campos<\/strong><\/p>\n<p>Segunda-feira e quinta-feira \u2013 16:30h<\/p>\n<ul>\n<li>Categorias \u2013 2004, 2005 e 2006<\/li>\n<\/ul>\n<p>Quarta-feira e sexta-feira \u2013 16h<\/p>\n<ul>\n<li>Categorias \u2013 2006, 2007 e 2008<\/li>\n<\/ul>\n<p>Quarta-feira e sexta-feira \u2013 17h<\/p>\n<ul>\n<li>Categorias \u2013 2012, 2013 e 2014<\/li>\n<\/ul>\n<p>Quarta-feira e sexta-feira \u2013 18h<\/p>\n<ul>\n<li>Categorias \u2013 2009, 2010 e 2011<\/li>\n<\/ul>\n<p><a href=\"http:\/\/www.polisrecreio.com.br\/site\/wp-content\/uploads\/2021\/08\/DSC_0048.jpg\"><img loading=\"lazy\" class=\"aligncenter size-full wp-image-21158\" src=\"http:\/\/www.polisrecreio.com.br\/site\/wp-content\/uploads\/2021\/08\/DSC_0048.jpg\" alt=\"\" width=\"750\" height=\"500\" srcset=\"https:\/\/www.polisrecreio.com.br\/site\/wp-content\/uploads\/2021\/08\/DSC_0048.jpg 750w, https:\/\/www.polisrecreio.com.br\/site\/wp-content\/uploads\/2021\/08\/DSC_0048-300x200.jpg 300w\" sizes=\"(max-width: 750px) 100vw, 750px\" \/><\/a><\/p>\n<figure id=\"attachment_21159\" aria-describedby=\"caption-attachment-21159\" style=\"width: 750px\" class=\"wp-caption aligncenter\"><a href=\"http:\/\/www.polisrecreio.com.br\/site\/wp-content\/uploads\/2021\/08\/DSC_0057.jpg\"><img loading=\"lazy\" class=\"size-full wp-image-21159\" src=\"http:\/\/www.polisrecreio.com.br\/site\/wp-content\/uploads\/2021\/08\/DSC_0057.jpg\" alt=\"\" width=\"750\" height=\"500\" srcset=\"https:\/\/www.polisrecreio.com.br\/site\/wp-content\/uploads\/2021\/08\/DSC_0057.jpg 750w, https:\/\/www.polisrecreio.com.br\/site\/wp-content\/uploads\/2021\/08\/DSC_0057-300x200.jpg 300w\" sizes=\"(max-width: 750px) 100vw, 750px\" \/><\/a><figcaption id=\"caption-attachment-21159\" class=\"wp-caption-text\">Vice-prefeito, secret\u00e1rio de Esportes e secret\u00e1rio de Sa\u00fade.<\/figcaption><\/figure>\n<p><a href=\"http:\/\/www.polisrecreio.com.br\/site\/wp-content\/uploads\/2021\/08\/DSC_0061.jpg\"><img loading=\"lazy\" class=\"aligncenter size-full wp-image-21162\" src=\"http:\/\/www.polisrecreio.com.br\/site\/wp-content\/uploads\/2021\/08\/DSC_0061.jpg\" alt=\"\" width=\"750\" height=\"500\" srcset=\"https:\/\/www.polisrecreio.com.br\/site\/wp-content\/uploads\/2021\/08\/DSC_0061.jpg 750w, https:\/\/www.polisrecreio.com.br\/site\/wp-content\/uploads\/2021\/08\/DSC_0061-300x200.jpg 300w\" sizes=\"(max-width: 750px) 100vw, 750px\" \/><\/a><\/p>\n<p><a href=\"http:\/\/www.polisrecreio.com.br\/site\/wp-content\/uploads\/2021\/08\/DSC_0058.jpg\"><img loading=\"lazy\" class=\"aligncenter size-full wp-image-21160\" src=\"http:\/\/www.polisrecreio.com.br\/site\/wp-content\/uploads\/2021\/08\/DSC_0058.jpg\" alt=\"\" width=\"750\" height=\"500\" srcset=\"https:\/\/www.polisrecreio.com.br\/site\/wp-content\/uploads\/2021\/08\/DSC_0058.jpg 750w, https:\/\/www.polisrecreio.com.br\/site\/wp-content\/uploads\/2021\/08\/DSC_0058-300x200.jpg 300w\" sizes=\"(max-width: 750px) 100vw, 750px\" \/><\/a><\/p>\n<p><a href=\"http:\/\/www.polisrecreio.com.br\/site\/wp-content\/uploads\/2021\/08\/DSC_0060.jpg\"><img loading=\"lazy\" class=\"aligncenter size-full wp-image-21161\" src=\"http:\/\/www.polisrecreio.com.br\/site\/wp-content\/uploads\/2021\/08\/DSC_0060.jpg\" alt=\"\" width=\"750\" height=\"500\" srcset=\"https:\/\/www.polisrecreio.com.br\/site\/wp-content\/uploads\/2021\/08\/DSC_0060.jpg 750w, https:\/\/www.polisrecreio.com.br\/site\/wp-content\/uploads\/2021\/08\/DSC_0060-300x200.jpg 300w\" sizes=\"(max-width: 750px) 100vw, 750px\" \/><\/a><\/p>\n<p>&nbsp;<\/p>\n","protected":false},"excerpt":{"rendered":"<p>A escolinha de futebol no campo do Ideal Esporte Clube voltou aos treinos nesta quarta-feira (4), depois de mais de 1 ano de atividades suspensas por conta da pandemia da covid-19.<\/p>\n","protected":false},"author":3,"featured_media":0,"comment_status":"open","ping_status":"open","sticky":false,"template":"","format":"standard","meta":[],"categories":[4],"tags":[],"yoast_head":"<!-- This site is optimized with the Yoast SEO plugin v15.6.2 - https:\/\/yoast.com\/wordpress\/plugins\/seo\/ -->\n<meta name=\"robots\" content=\"index, follow, max-snippet:-1, max-image-preview:large, max-video-preview:-1\" \/>\n<link rel=\"canonical\" href=\"https:\/\/www.polisrecreio.com.br\/site\/2021\/08\/04\/escolinha-de-futebol-no-ideal-e-c-volta-aos-treinos\/\" \/>\n<meta property=\"og:locale\" content=\"pt_BR\" \/>\n<meta property=\"og:type\" content=\"article\" \/>\n<meta property=\"og:title\" content=\"Escolinha de futebol no Ideal E.C. volta aos treinos - P\u00f3lis Recreio\" \/>\n<meta property=\"og:description\" content=\"A escolinha de futebol no campo do Ideal Esporte Clube voltou aos treinos nesta quarta-feira (4), depois de mais de 1 ano de atividades suspensas por conta da pandemia da covid-19.\" \/>\n<meta property=\"og:url\" content=\"https:\/\/www.polisrecreio.com.br\/site\/2021\/08\/04\/escolinha-de-futebol-no-ideal-e-c-volta-aos-treinos\/\" \/>\n<meta property=\"og:site_name\" content=\"P\u00f3lis Recreio\" \/>\n<meta property=\"article:publisher\" content=\"https:\/\/www.facebook.com\/Site-P%c3%b3lis-Recreio-MG-181941708571019\/\" \/>\n<meta property=\"article:published_time\" content=\"2021-08-04T23:57:49+00:00\" \/>\n<meta property=\"og:image\" content=\"http:\/\/www.polisrecreio.com.br\/site\/wp-content\/uploads\/2021\/08\/DSC_0045.jpg\" \/>\n<meta name=\"twitter:card\" content=\"summary_large_image\" \/>\n<meta name=\"twitter:creator\" content=\"@PolisRecreio\" \/>\n<meta name=\"twitter:site\" content=\"@PolisRecreio\" \/>\n<meta name=\"twitter:label1\" content=\"Est. reading time\">\n\t<meta name=\"twitter:data1\" content=\"2 minutos\">\n<script type=\"application\/ld+json\" class=\"yoast-schema-graph\">{\"@context\":\"https:\/\/schema.org\",\"@graph\":[{\"@type\":\"WebSite\",\"@id\":\"https:\/\/www.polisrecreio.com.br\/site\/#website\",\"url\":\"https:\/\/www.polisrecreio.com.br\/site\/\",\"name\":\"P\\u00f3lis Recreio\",\"description\":\"\",\"potentialAction\":[{\"@type\":\"SearchAction\",\"target\":\"https:\/\/www.polisrecreio.com.br\/site\/?s={search_term_string}\",\"query-input\":\"required name=search_term_string\"}],\"inLanguage\":\"pt-BR\"},{\"@type\":\"ImageObject\",\"@id\":\"https:\/\/www.polisrecreio.com.br\/site\/2021\/08\/04\/escolinha-de-futebol-no-ideal-e-c-volta-aos-treinos\/#primaryimage\",\"inLanguage\":\"pt-BR\",\"url\":\"http:\/\/www.polisrecreio.com.br\/site\/wp-content\/uploads\/2021\/08\/DSC_0045.jpg\"},{\"@type\":\"WebPage\",\"@id\":\"https:\/\/www.polisrecreio.com.br\/site\/2021\/08\/04\/escolinha-de-futebol-no-ideal-e-c-volta-aos-treinos\/#webpage\",\"url\":\"https:\/\/www.polisrecreio.com.br\/site\/2021\/08\/04\/escolinha-de-futebol-no-ideal-e-c-volta-aos-treinos\/\",\"name\":\"Escolinha de futebol no Ideal E.C. volta aos treinos - P\\u00f3lis Recreio\",\"isPartOf\":{\"@id\":\"https:\/\/www.polisrecreio.com.br\/site\/#website\"},\"primaryImageOfPage\":{\"@id\":\"https:\/\/www.polisrecreio.com.br\/site\/2021\/08\/04\/escolinha-de-futebol-no-ideal-e-c-volta-aos-treinos\/#primaryimage\"},\"datePublished\":\"2021-08-04T23:57:49+00:00\",\"dateModified\":\"2021-08-04T23:57:49+00:00\",\"author\":{\"@id\":\"https:\/\/www.polisrecreio.com.br\/site\/#\/schema\/person\/3363c1c78e1e28e1329d97adb387638e\"},\"inLanguage\":\"pt-BR\",\"potentialAction\":[{\"@type\":\"ReadAction\",\"target\":[\"https:\/\/www.polisrecreio.com.br\/site\/2021\/08\/04\/escolinha-de-futebol-no-ideal-e-c-volta-aos-treinos\/\"]}]},{\"@type\":\"Person\",\"@id\":\"https:\/\/www.polisrecreio.com.br\/site\/#\/schema\/person\/3363c1c78e1e28e1329d97adb387638e\",\"name\":\"Leonardo Ribeiro\",\"image\":{\"@type\":\"ImageObject\",\"@id\":\"https:\/\/www.polisrecreio.com.br\/site\/#personlogo\",\"inLanguage\":\"pt-BR\",\"url\":\"https:\/\/secure.gravatar.com\/avatar\/6ba92a37d621e1a83e23710251178a12?s=96&d=mm&r=g\",\"caption\":\"Leonardo Ribeiro\"},\"sameAs\":[\"http:\/\/www.polisrecreio.com.br\"]}]}<\/script>\n<!-- \/ Yoast SEO plugin. -->","_links":{"self":[{"href":"https:\/\/www.polisrecreio.com.br\/site\/wp-json\/wp\/v2\/posts\/21156"}],"collection":[{"href":"https:\/\/www.polisrecreio.com.br\/site\/wp-json\/wp\/v2\/posts"}],"about":[{"href":"https:\/\/www.polisrecreio.com.br\/site\/wp-json\/wp\/v2\/types\/post"}],"author":[{"embeddable":true,"href":"https:\/\/www.polisrecreio.com.br\/site\/wp-json\/wp\/v2\/users\/3"}],"replies":[{"embeddable":true,"href":"https:\/\/www.polisrecreio.com.br\/site\/wp-json\/wp\/v2\/comments?post=21156"}],"version-history":[{"count":1,"href":"https:\/\/www.polisrecreio.com.br\/site\/wp-json\/wp\/v2\/posts\/21156\/revisions"}],"predecessor-version":[{"id":21163,"href":"https:\/\/www.polisrecreio.com.br\/site\/wp-json\/wp\/v2\/posts\/21156\/revisions\/21163"}],"wp:attachment":[{"href":"https:\/\/www.polisrecreio.com.br\/site\/wp-json\/wp\/v2\/media?parent=21156"}],"wp:term":[{"taxonomy":"category","embeddable":true,"href":"https:\/\/www.polisrecreio.com.br\/site\/wp-json\/wp\/v2\/categories?post=21156"},{"taxonomy":"post_tag","embeddable":true,"href":"https:\/\/www.polisrecreio.com.br\/site\/wp-json\/wp\/v2\/tags?post=21156"}],"curies":[{"name":"wp","href":"https:\/\/api.w.org\/{rel}","templated":true}]}}