{"id":21164,"date":"2021-08-05T19:36:11","date_gmt":"2021-08-05T22:36:11","guid":{"rendered":"http:\/\/www.polisrecreio.com.br\/site\/?p=21164"},"modified":"2021-08-05T19:38:20","modified_gmt":"2021-08-05T22:38:20","slug":"recreio-recebe-tres-novos-policiais-militares","status":"publish","type":"post","link":"https:\/\/www.polisrecreio.com.br\/site\/2021\/08\/05\/recreio-recebe-tres-novos-policiais-militares\/","title":{"rendered":"Recreio recebe tr\u00eas novos policiais militares"},"content":{"rendered":"<p style=\"text-align: justify;\">A cidade de Recreio recebeu nesta quinta-feira (5), tr\u00eas novos policiais militares para integrar o Destacamento do Munic\u00edpio da Pol\u00edcia Militar de Minas Gerais. Uma solenidade de apresenta\u00e7\u00e3o foi realizada na C\u00e2mara Municipal.<\/p>\n<p><!--more--><\/p>\n<p><a href=\"http:\/\/www.polisrecreio.com.br\/site\/wp-content\/uploads\/2021\/08\/DSC_0086.jpg\"><img loading=\"lazy\" class=\"aligncenter size-full wp-image-21172\" src=\"http:\/\/www.polisrecreio.com.br\/site\/wp-content\/uploads\/2021\/08\/DSC_0086.jpg\" alt=\"\" width=\"750\" height=\"500\" srcset=\"https:\/\/www.polisrecreio.com.br\/site\/wp-content\/uploads\/2021\/08\/DSC_0086.jpg 750w, https:\/\/www.polisrecreio.com.br\/site\/wp-content\/uploads\/2021\/08\/DSC_0086-300x200.jpg 300w\" sizes=\"(max-width: 750px) 100vw, 750px\" \/><\/a><\/p>\n<p style=\"text-align: justify;\">Os tr\u00eas novatos s\u00e3o os soldados, Garcia, Barretto e Robardel. Eles conclu\u00edram o Curso de Forma\u00e7\u00e3o de Soldados 2021 no final de junho. Agora o efetivo militar de Recreio passa para oito policiais.<\/p>\n<p style=\"text-align: justify;\">Participaram da solenidade, \u00e0 mesa principal: prefeito de Recreio, Z\u00e9 Maria Barros; presidente da C\u00e2mara, Pororoca; vereadores, Paulinho Pintor, Douglas Moreira, Juninho, Z\u00e9 Eduardo, Jovane e Cl\u00e1udia; assessor jur\u00eddico da C\u00e2mara, Alexandre Moraes; tenente, Weslley, comandante do 3\u00ba Pelot\u00e3o da 37\u00aa Cia; e o sargento Vin\u00edcius, comandante do Destacamento de Recreio. Os militares tamb\u00e9m participaram.<\/p>\n<p><a href=\"http:\/\/www.polisrecreio.com.br\/site\/wp-content\/uploads\/2021\/08\/DSC_0072.jpg\"><img loading=\"lazy\" class=\"aligncenter size-full wp-image-21168\" src=\"http:\/\/www.polisrecreio.com.br\/site\/wp-content\/uploads\/2021\/08\/DSC_0072.jpg\" alt=\"\" width=\"750\" height=\"500\" srcset=\"https:\/\/www.polisrecreio.com.br\/site\/wp-content\/uploads\/2021\/08\/DSC_0072.jpg 750w, https:\/\/www.polisrecreio.com.br\/site\/wp-content\/uploads\/2021\/08\/DSC_0072-300x200.jpg 300w\" sizes=\"(max-width: 750px) 100vw, 750px\" \/><\/a><\/p>\n<p><a href=\"http:\/\/www.polisrecreio.com.br\/site\/wp-content\/uploads\/2021\/08\/DSC_0069.jpg\"><img loading=\"lazy\" class=\"aligncenter size-full wp-image-21167\" src=\"http:\/\/www.polisrecreio.com.br\/site\/wp-content\/uploads\/2021\/08\/DSC_0069.jpg\" alt=\"\" width=\"750\" height=\"500\" srcset=\"https:\/\/www.polisrecreio.com.br\/site\/wp-content\/uploads\/2021\/08\/DSC_0069.jpg 750w, https:\/\/www.polisrecreio.com.br\/site\/wp-content\/uploads\/2021\/08\/DSC_0069-300x200.jpg 300w\" sizes=\"(max-width: 750px) 100vw, 750px\" \/><\/a><\/p>\n<p><a href=\"http:\/\/www.polisrecreio.com.br\/site\/wp-content\/uploads\/2021\/08\/DSC_0066.jpg\"><img loading=\"lazy\" class=\"aligncenter size-full wp-image-21166\" src=\"http:\/\/www.polisrecreio.com.br\/site\/wp-content\/uploads\/2021\/08\/DSC_0066.jpg\" alt=\"\" width=\"750\" height=\"500\" srcset=\"https:\/\/www.polisrecreio.com.br\/site\/wp-content\/uploads\/2021\/08\/DSC_0066.jpg 750w, https:\/\/www.polisrecreio.com.br\/site\/wp-content\/uploads\/2021\/08\/DSC_0066-300x200.jpg 300w\" sizes=\"(max-width: 750px) 100vw, 750px\" \/><\/a><\/p>\n<p><a href=\"http:\/\/www.polisrecreio.com.br\/site\/wp-content\/uploads\/2021\/08\/DSC_0064.jpg\"><img loading=\"lazy\" class=\"aligncenter size-full wp-image-21165\" src=\"http:\/\/www.polisrecreio.com.br\/site\/wp-content\/uploads\/2021\/08\/DSC_0064.jpg\" alt=\"\" width=\"750\" height=\"500\" srcset=\"https:\/\/www.polisrecreio.com.br\/site\/wp-content\/uploads\/2021\/08\/DSC_0064.jpg 750w, https:\/\/www.polisrecreio.com.br\/site\/wp-content\/uploads\/2021\/08\/DSC_0064-300x200.jpg 300w\" sizes=\"(max-width: 750px) 100vw, 750px\" \/><\/a><\/p>\n<p><a href=\"http:\/\/www.polisrecreio.com.br\/site\/wp-content\/uploads\/2021\/08\/DSC_0072.jpg\"><img loading=\"lazy\" class=\"aligncenter size-full wp-image-21168\" src=\"http:\/\/www.polisrecreio.com.br\/site\/wp-content\/uploads\/2021\/08\/DSC_0072.jpg\" alt=\"\" width=\"750\" height=\"500\" srcset=\"https:\/\/www.polisrecreio.com.br\/site\/wp-content\/uploads\/2021\/08\/DSC_0072.jpg 750w, https:\/\/www.polisrecreio.com.br\/site\/wp-content\/uploads\/2021\/08\/DSC_0072-300x200.jpg 300w\" sizes=\"(max-width: 750px) 100vw, 750px\" \/><\/a><\/p>\n<p><a href=\"http:\/\/www.polisrecreio.com.br\/site\/wp-content\/uploads\/2021\/08\/DSC_0076.jpg\"><img loading=\"lazy\" class=\"aligncenter size-full wp-image-21169\" src=\"http:\/\/www.polisrecreio.com.br\/site\/wp-content\/uploads\/2021\/08\/DSC_0076.jpg\" alt=\"\" width=\"750\" height=\"500\" srcset=\"https:\/\/www.polisrecreio.com.br\/site\/wp-content\/uploads\/2021\/08\/DSC_0076.jpg 750w, https:\/\/www.polisrecreio.com.br\/site\/wp-content\/uploads\/2021\/08\/DSC_0076-300x200.jpg 300w\" sizes=\"(max-width: 750px) 100vw, 750px\" \/><\/a><\/p>\n<p><a href=\"http:\/\/www.polisrecreio.com.br\/site\/wp-content\/uploads\/2021\/08\/DSC_0079.jpg\"><img loading=\"lazy\" class=\"aligncenter size-full wp-image-21170\" src=\"http:\/\/www.polisrecreio.com.br\/site\/wp-content\/uploads\/2021\/08\/DSC_0079.jpg\" alt=\"\" width=\"750\" height=\"500\" srcset=\"https:\/\/www.polisrecreio.com.br\/site\/wp-content\/uploads\/2021\/08\/DSC_0079.jpg 750w, https:\/\/www.polisrecreio.com.br\/site\/wp-content\/uploads\/2021\/08\/DSC_0079-300x200.jpg 300w\" sizes=\"(max-width: 750px) 100vw, 750px\" \/><\/a><\/p>\n<p><a href=\"http:\/\/www.polisrecreio.com.br\/site\/wp-content\/uploads\/2021\/08\/DSC_0082.jpg\"><img loading=\"lazy\" class=\"aligncenter size-full wp-image-21171\" src=\"http:\/\/www.polisrecreio.com.br\/site\/wp-content\/uploads\/2021\/08\/DSC_0082.jpg\" alt=\"\" width=\"750\" height=\"500\" srcset=\"https:\/\/www.polisrecreio.com.br\/site\/wp-content\/uploads\/2021\/08\/DSC_0082.jpg 750w, https:\/\/www.polisrecreio.com.br\/site\/wp-content\/uploads\/2021\/08\/DSC_0082-300x200.jpg 300w\" sizes=\"(max-width: 750px) 100vw, 750px\" \/><\/a><a href=\"http:\/\/www.polisrecreio.com.br\/site\/wp-content\/uploads\/2021\/08\/DSC_0089.jpg\"><img loading=\"lazy\" class=\"aligncenter size-full wp-image-21173\" src=\"http:\/\/www.polisrecreio.com.br\/site\/wp-content\/uploads\/2021\/08\/DSC_0089.jpg\" alt=\"\" width=\"750\" height=\"500\" srcset=\"https:\/\/www.polisrecreio.com.br\/site\/wp-content\/uploads\/2021\/08\/DSC_0089.jpg 750w, https:\/\/www.polisrecreio.com.br\/site\/wp-content\/uploads\/2021\/08\/DSC_0089-300x200.jpg 300w\" sizes=\"(max-width: 750px) 100vw, 750px\" \/><\/a><\/p>\n","protected":false},"excerpt":{"rendered":"<p>A cidade de Recreio recebeu nesta quinta-feira (5), tr\u00eas novos policiais militares para integrar o Destacamento do Munic\u00edpio da Pol\u00edcia Militar de Minas Gerais. Uma solenidade de apresenta\u00e7\u00e3o foi realizada na C\u00e2mara Municipal.<\/p>\n","protected":false},"author":3,"featured_media":0,"comment_status":"open","ping_status":"open","sticky":false,"template":"","format":"standard","meta":[],"categories":[6],"tags":[],"yoast_head":"<!-- This site is optimized with the Yoast SEO plugin v15.6.2 - https:\/\/yoast.com\/wordpress\/plugins\/seo\/ -->\n<meta name=\"robots\" content=\"index, follow, max-snippet:-1, max-image-preview:large, max-video-preview:-1\" \/>\n<link rel=\"canonical\" href=\"https:\/\/www.polisrecreio.com.br\/site\/2021\/08\/05\/recreio-recebe-tres-novos-policiais-militares\/\" \/>\n<meta property=\"og:locale\" content=\"pt_BR\" \/>\n<meta property=\"og:type\" content=\"article\" \/>\n<meta property=\"og:title\" content=\"Recreio recebe tr\u00eas novos policiais militares - P\u00f3lis Recreio\" \/>\n<meta property=\"og:description\" content=\"A cidade de Recreio recebeu nesta quinta-feira (5), tr\u00eas novos policiais militares para integrar o Destacamento do Munic\u00edpio da Pol\u00edcia Militar de Minas Gerais. Uma solenidade de apresenta\u00e7\u00e3o foi realizada na C\u00e2mara Municipal.\" \/>\n<meta property=\"og:url\" content=\"https:\/\/www.polisrecreio.com.br\/site\/2021\/08\/05\/recreio-recebe-tres-novos-policiais-militares\/\" \/>\n<meta property=\"og:site_name\" content=\"P\u00f3lis Recreio\" \/>\n<meta property=\"article:publisher\" content=\"https:\/\/www.facebook.com\/Site-P%c3%b3lis-Recreio-MG-181941708571019\/\" \/>\n<meta property=\"article:published_time\" content=\"2021-08-05T22:36:11+00:00\" \/>\n<meta property=\"article:modified_time\" content=\"2021-08-05T22:38:20+00:00\" \/>\n<meta property=\"og:image\" content=\"http:\/\/www.polisrecreio.com.br\/site\/wp-content\/uploads\/2021\/08\/DSC_0086.jpg\" \/>\n<meta name=\"twitter:card\" content=\"summary_large_image\" \/>\n<meta name=\"twitter:creator\" content=\"@PolisRecreio\" \/>\n<meta name=\"twitter:site\" content=\"@PolisRecreio\" \/>\n<meta name=\"twitter:label1\" content=\"Est. reading time\">\n\t<meta name=\"twitter:data1\" content=\"3 minutos\">\n<script type=\"application\/ld+json\" class=\"yoast-schema-graph\">{\"@context\":\"https:\/\/schema.org\",\"@graph\":[{\"@type\":\"WebSite\",\"@id\":\"https:\/\/www.polisrecreio.com.br\/site\/#website\",\"url\":\"https:\/\/www.polisrecreio.com.br\/site\/\",\"name\":\"P\\u00f3lis Recreio\",\"description\":\"\",\"potentialAction\":[{\"@type\":\"SearchAction\",\"target\":\"https:\/\/www.polisrecreio.com.br\/site\/?s={search_term_string}\",\"query-input\":\"required name=search_term_string\"}],\"inLanguage\":\"pt-BR\"},{\"@type\":\"ImageObject\",\"@id\":\"https:\/\/www.polisrecreio.com.br\/site\/2021\/08\/05\/recreio-recebe-tres-novos-policiais-militares\/#primaryimage\",\"inLanguage\":\"pt-BR\",\"url\":\"http:\/\/www.polisrecreio.com.br\/site\/wp-content\/uploads\/2021\/08\/DSC_0086.jpg\"},{\"@type\":\"WebPage\",\"@id\":\"https:\/\/www.polisrecreio.com.br\/site\/2021\/08\/05\/recreio-recebe-tres-novos-policiais-militares\/#webpage\",\"url\":\"https:\/\/www.polisrecreio.com.br\/site\/2021\/08\/05\/recreio-recebe-tres-novos-policiais-militares\/\",\"name\":\"Recreio recebe tr\\u00eas novos policiais militares - P\\u00f3lis Recreio\",\"isPartOf\":{\"@id\":\"https:\/\/www.polisrecreio.com.br\/site\/#website\"},\"primaryImageOfPage\":{\"@id\":\"https:\/\/www.polisrecreio.com.br\/site\/2021\/08\/05\/recreio-recebe-tres-novos-policiais-militares\/#primaryimage\"},\"datePublished\":\"2021-08-05T22:36:11+00:00\",\"dateModified\":\"2021-08-05T22:38:20+00:00\",\"author\":{\"@id\":\"https:\/\/www.polisrecreio.com.br\/site\/#\/schema\/person\/3363c1c78e1e28e1329d97adb387638e\"},\"inLanguage\":\"pt-BR\",\"potentialAction\":[{\"@type\":\"ReadAction\",\"target\":[\"https:\/\/www.polisrecreio.com.br\/site\/2021\/08\/05\/recreio-recebe-tres-novos-policiais-militares\/\"]}]},{\"@type\":\"Person\",\"@id\":\"https:\/\/www.polisrecreio.com.br\/site\/#\/schema\/person\/3363c1c78e1e28e1329d97adb387638e\",\"name\":\"Leonardo Ribeiro\",\"image\":{\"@type\":\"ImageObject\",\"@id\":\"https:\/\/www.polisrecreio.com.br\/site\/#personlogo\",\"inLanguage\":\"pt-BR\",\"url\":\"https:\/\/secure.gravatar.com\/avatar\/6ba92a37d621e1a83e23710251178a12?s=96&d=mm&r=g\",\"caption\":\"Leonardo Ribeiro\"},\"sameAs\":[\"http:\/\/www.polisrecreio.com.br\"]}]}<\/script>\n<!-- \/ Yoast SEO plugin. -->","_links":{"self":[{"href":"https:\/\/www.polisrecreio.com.br\/site\/wp-json\/wp\/v2\/posts\/21164"}],"collection":[{"href":"https:\/\/www.polisrecreio.com.br\/site\/wp-json\/wp\/v2\/posts"}],"about":[{"href":"https:\/\/www.polisrecreio.com.br\/site\/wp-json\/wp\/v2\/types\/post"}],"author":[{"embeddable":true,"href":"https:\/\/www.polisrecreio.com.br\/site\/wp-json\/wp\/v2\/users\/3"}],"replies":[{"embeddable":true,"href":"https:\/\/www.polisrecreio.com.br\/site\/wp-json\/wp\/v2\/comments?post=21164"}],"version-history":[{"count":2,"href":"https:\/\/www.polisrecreio.com.br\/site\/wp-json\/wp\/v2\/posts\/21164\/revisions"}],"predecessor-version":[{"id":21175,"href":"https:\/\/www.polisrecreio.com.br\/site\/wp-json\/wp\/v2\/posts\/21164\/revisions\/21175"}],"wp:attachment":[{"href":"https:\/\/www.polisrecreio.com.br\/site\/wp-json\/wp\/v2\/media?parent=21164"}],"wp:term":[{"taxonomy":"category","embeddable":true,"href":"https:\/\/www.polisrecreio.com.br\/site\/wp-json\/wp\/v2\/categories?post=21164"},{"taxonomy":"post_tag","embeddable":true,"href":"https:\/\/www.polisrecreio.com.br\/site\/wp-json\/wp\/v2\/tags?post=21164"}],"curies":[{"name":"wp","href":"https:\/\/api.w.org\/{rel}","templated":true}]}}