{"id":2117,"date":"2016-06-15T20:12:15","date_gmt":"2016-06-15T23:12:15","guid":{"rendered":"http:\/\/www.polisrecreio.com.br\/site\/?p=2117"},"modified":"2016-06-15T20:26:17","modified_gmt":"2016-06-15T23:26:17","slug":"trecho-da-rua-antonio-coutinho-no-alto-do-asilo-e-calcado-as-pressas","status":"publish","type":"post","link":"https:\/\/www.polisrecreio.com.br\/site\/2016\/06\/15\/trecho-da-rua-antonio-coutinho-no-alto-do-asilo-e-calcado-as-pressas\/","title":{"rendered":"Trecho da Rua Ant\u00f4nio Coutinho, no Alto do Asilo, \u00e9 cal\u00e7ado \u00e0s pressas"},"content":{"rendered":"<p style=\"text-align: justify;\">Um pequeno trecho da Rua Ant\u00f4nio Coutinho, no Alto do Asilo, que ficou de fora do conv\u00eanio entre a Prefeitura Municipal e o Governo do Estado, est\u00e1 sendo cal\u00e7ado \u00e0s pressas para fazer parte das inaugura\u00e7\u00f5es deste s\u00e1bado, 18 de junho, a partir das 10h.<\/p>\n<p style=\"text-align: justify;\"><!--more--><\/p>\n<figure id=\"attachment_2118\" aria-describedby=\"caption-attachment-2118\" style=\"width: 800px\" class=\"wp-caption aligncenter\"><a href=\"http:\/\/www.polisrecreio.com.br\/site\/wp-content\/uploads\/2016\/06\/13407314_659914900829047_4584727231148776956_n.jpg\"><img loading=\"lazy\" class=\"wp-image-2118 size-full\" src=\"http:\/\/www.polisrecreio.com.br\/site\/wp-content\/uploads\/2016\/06\/13407314_659914900829047_4584727231148776956_n.jpg\" alt=\"13407314_659914900829047_4584727231148776956_n\" width=\"800\" height=\"469\" srcset=\"https:\/\/www.polisrecreio.com.br\/site\/wp-content\/uploads\/2016\/06\/13407314_659914900829047_4584727231148776956_n.jpg 800w, https:\/\/www.polisrecreio.com.br\/site\/wp-content\/uploads\/2016\/06\/13407314_659914900829047_4584727231148776956_n-300x176.jpg 300w\" sizes=\"(max-width: 800px) 100vw, 800px\" \/><\/a><figcaption id=\"caption-attachment-2118\" class=\"wp-caption-text\">Cal\u00e7amento da Rua Ant\u00f4nio Coutinho. Foto: Pierre de Souza\/Comunica\u00e7\u00e3o\/PMR.<\/figcaption><\/figure>\n<p style=\"text-align: justify;\">Na programa\u00e7\u00e3o das inaugura\u00e7\u00f5es de s\u00e1bado est\u00e3o as ruas, Benedito Neres, Dona Corina, Fausto Ricardo de S\u00e1, Jos\u00e9 Vieira de Souza, Sebasti\u00e3o Ferreira Machado e Ant\u00f4nio Coutinho. As ruas Walter Dias e a Argentina Ribeiro da Silva j\u00e1 foram pavimentas, mas, n\u00e3o receber\u00e3o a solenidade na mesma data.<\/p>\n<p style=\"text-align: justify;\">O trecho da Ant\u00f4nio Coutinho que ficou de fora do conv\u00eanio \u00e9 localizado pr\u00f3ximo ao cruzamento da Rua Dona Corina com a Rua Sebasti\u00e3o Ferreira Machado e o motivo n\u00e3o foi informado pela administra\u00e7\u00e3o municipal. A \u00e1rea cal\u00e7ada atrav\u00e9s do conv\u00eanio fica pr\u00f3ximo ao poliesportivo. Segundo informa\u00e7\u00f5es do secret\u00e1rio municipal de desenvolvimento urbano, Jadir Sim\u00e3o, \u201cna sexta-feira (17) a pavimenta\u00e7\u00e3o com recursos do Munic\u00edpio estar\u00e1 conclu\u00edda\u201d.<\/p>\n<p style=\"text-align: justify;\">O investimento no Alto do Asilo realizado por meio de conv\u00eanio entre a Prefeitura Municipal de Recreio e o Governo do Estado de Minas Gerais, assinado em 2014, no valor de R$ 511.552,87, pavimentou 7.174 m\u00b2.<\/p>\n","protected":false},"excerpt":{"rendered":"<p>Um pequeno trecho da Rua Ant\u00f4nio Coutinho, no Alto do Asilo, que ficou de fora do conv\u00eanio entre a Prefeitura Municipal e o Governo do Estado, est\u00e1 sendo cal\u00e7ado \u00e0s pressas para fazer parte das inaugura\u00e7\u00f5es deste s\u00e1bado, 18 de junho, a partir das 10h.<\/p>\n","protected":false},"author":3,"featured_media":2118,"comment_status":"open","ping_status":"open","sticky":false,"template":"","format":"standard","meta":[],"categories":[6],"tags":[],"yoast_head":"<!-- This site is optimized with the Yoast SEO plugin v15.6.2 - https:\/\/yoast.com\/wordpress\/plugins\/seo\/ -->\n<meta name=\"robots\" content=\"index, follow, max-snippet:-1, max-image-preview:large, max-video-preview:-1\" \/>\n<link rel=\"canonical\" href=\"https:\/\/www.polisrecreio.com.br\/site\/2016\/06\/15\/trecho-da-rua-antonio-coutinho-no-alto-do-asilo-e-calcado-as-pressas\/\" \/>\n<meta property=\"og:locale\" content=\"pt_BR\" \/>\n<meta property=\"og:type\" content=\"article\" \/>\n<meta property=\"og:title\" content=\"Trecho da Rua Ant\u00f4nio Coutinho, no Alto do Asilo, \u00e9 cal\u00e7ado \u00e0s pressas - P\u00f3lis Recreio\" \/>\n<meta property=\"og:description\" content=\"Um pequeno trecho da Rua Ant\u00f4nio Coutinho, no Alto do Asilo, que ficou de fora do conv\u00eanio entre a Prefeitura Municipal e o Governo do Estado, est\u00e1 sendo cal\u00e7ado \u00e0s pressas para fazer parte das inaugura\u00e7\u00f5es deste s\u00e1bado, 18 de junho, a partir das 10h.\" \/>\n<meta property=\"og:url\" content=\"https:\/\/www.polisrecreio.com.br\/site\/2016\/06\/15\/trecho-da-rua-antonio-coutinho-no-alto-do-asilo-e-calcado-as-pressas\/\" \/>\n<meta property=\"og:site_name\" content=\"P\u00f3lis Recreio\" \/>\n<meta property=\"article:publisher\" content=\"https:\/\/www.facebook.com\/Site-P%c3%b3lis-Recreio-MG-181941708571019\/\" \/>\n<meta property=\"article:published_time\" content=\"2016-06-15T23:12:15+00:00\" \/>\n<meta property=\"article:modified_time\" content=\"2016-06-15T23:26:17+00:00\" \/>\n<meta property=\"og:image\" content=\"https:\/\/www.polisrecreio.com.br\/site\/wp-content\/uploads\/2016\/06\/13407314_659914900829047_4584727231148776956_n.jpg\" \/>\n\t<meta property=\"og:image:width\" content=\"800\" \/>\n\t<meta property=\"og:image:height\" content=\"469\" \/>\n<meta name=\"twitter:card\" content=\"summary_large_image\" \/>\n<meta name=\"twitter:creator\" content=\"@PolisRecreio\" \/>\n<meta name=\"twitter:site\" content=\"@PolisRecreio\" \/>\n<meta name=\"twitter:label1\" content=\"Est. reading time\">\n\t<meta name=\"twitter:data1\" content=\"1 minuto\">\n<script type=\"application\/ld+json\" class=\"yoast-schema-graph\">{\"@context\":\"https:\/\/schema.org\",\"@graph\":[{\"@type\":\"WebSite\",\"@id\":\"https:\/\/www.polisrecreio.com.br\/site\/#website\",\"url\":\"https:\/\/www.polisrecreio.com.br\/site\/\",\"name\":\"P\\u00f3lis Recreio\",\"description\":\"\",\"potentialAction\":[{\"@type\":\"SearchAction\",\"target\":\"https:\/\/www.polisrecreio.com.br\/site\/?s={search_term_string}\",\"query-input\":\"required name=search_term_string\"}],\"inLanguage\":\"pt-BR\"},{\"@type\":\"ImageObject\",\"@id\":\"https:\/\/www.polisrecreio.com.br\/site\/2016\/06\/15\/trecho-da-rua-antonio-coutinho-no-alto-do-asilo-e-calcado-as-pressas\/#primaryimage\",\"inLanguage\":\"pt-BR\",\"url\":\"https:\/\/www.polisrecreio.com.br\/site\/wp-content\/uploads\/2016\/06\/13407314_659914900829047_4584727231148776956_n.jpg\",\"width\":800,\"height\":469},{\"@type\":\"WebPage\",\"@id\":\"https:\/\/www.polisrecreio.com.br\/site\/2016\/06\/15\/trecho-da-rua-antonio-coutinho-no-alto-do-asilo-e-calcado-as-pressas\/#webpage\",\"url\":\"https:\/\/www.polisrecreio.com.br\/site\/2016\/06\/15\/trecho-da-rua-antonio-coutinho-no-alto-do-asilo-e-calcado-as-pressas\/\",\"name\":\"Trecho da Rua Ant\\u00f4nio Coutinho, no Alto do Asilo, \\u00e9 cal\\u00e7ado \\u00e0s pressas - P\\u00f3lis Recreio\",\"isPartOf\":{\"@id\":\"https:\/\/www.polisrecreio.com.br\/site\/#website\"},\"primaryImageOfPage\":{\"@id\":\"https:\/\/www.polisrecreio.com.br\/site\/2016\/06\/15\/trecho-da-rua-antonio-coutinho-no-alto-do-asilo-e-calcado-as-pressas\/#primaryimage\"},\"datePublished\":\"2016-06-15T23:12:15+00:00\",\"dateModified\":\"2016-06-15T23:26:17+00:00\",\"author\":{\"@id\":\"https:\/\/www.polisrecreio.com.br\/site\/#\/schema\/person\/3363c1c78e1e28e1329d97adb387638e\"},\"inLanguage\":\"pt-BR\",\"potentialAction\":[{\"@type\":\"ReadAction\",\"target\":[\"https:\/\/www.polisrecreio.com.br\/site\/2016\/06\/15\/trecho-da-rua-antonio-coutinho-no-alto-do-asilo-e-calcado-as-pressas\/\"]}]},{\"@type\":\"Person\",\"@id\":\"https:\/\/www.polisrecreio.com.br\/site\/#\/schema\/person\/3363c1c78e1e28e1329d97adb387638e\",\"name\":\"Leonardo Ribeiro\",\"image\":{\"@type\":\"ImageObject\",\"@id\":\"https:\/\/www.polisrecreio.com.br\/site\/#personlogo\",\"inLanguage\":\"pt-BR\",\"url\":\"https:\/\/secure.gravatar.com\/avatar\/6ba92a37d621e1a83e23710251178a12?s=96&d=mm&r=g\",\"caption\":\"Leonardo Ribeiro\"},\"sameAs\":[\"http:\/\/www.polisrecreio.com.br\"]}]}<\/script>\n<!-- \/ Yoast SEO plugin. -->","_links":{"self":[{"href":"https:\/\/www.polisrecreio.com.br\/site\/wp-json\/wp\/v2\/posts\/2117"}],"collection":[{"href":"https:\/\/www.polisrecreio.com.br\/site\/wp-json\/wp\/v2\/posts"}],"about":[{"href":"https:\/\/www.polisrecreio.com.br\/site\/wp-json\/wp\/v2\/types\/post"}],"author":[{"embeddable":true,"href":"https:\/\/www.polisrecreio.com.br\/site\/wp-json\/wp\/v2\/users\/3"}],"replies":[{"embeddable":true,"href":"https:\/\/www.polisrecreio.com.br\/site\/wp-json\/wp\/v2\/comments?post=2117"}],"version-history":[{"count":11,"href":"https:\/\/www.polisrecreio.com.br\/site\/wp-json\/wp\/v2\/posts\/2117\/revisions"}],"predecessor-version":[{"id":2129,"href":"https:\/\/www.polisrecreio.com.br\/site\/wp-json\/wp\/v2\/posts\/2117\/revisions\/2129"}],"wp:featuredmedia":[{"embeddable":true,"href":"https:\/\/www.polisrecreio.com.br\/site\/wp-json\/wp\/v2\/media\/2118"}],"wp:attachment":[{"href":"https:\/\/www.polisrecreio.com.br\/site\/wp-json\/wp\/v2\/media?parent=2117"}],"wp:term":[{"taxonomy":"category","embeddable":true,"href":"https:\/\/www.polisrecreio.com.br\/site\/wp-json\/wp\/v2\/categories?post=2117"},{"taxonomy":"post_tag","embeddable":true,"href":"https:\/\/www.polisrecreio.com.br\/site\/wp-json\/wp\/v2\/tags?post=2117"}],"curies":[{"name":"wp","href":"https:\/\/api.w.org\/{rel}","templated":true}]}}