{"id":21176,"date":"2021-08-05T21:04:36","date_gmt":"2021-08-06T00:04:36","guid":{"rendered":"http:\/\/www.polisrecreio.com.br\/site\/?p=21176"},"modified":"2021-08-05T21:05:26","modified_gmt":"2021-08-06T00:05:26","slug":"onda-verde-entra-em-vigor-a-partir-desta-sexta-feira-6-em-recreio","status":"publish","type":"post","link":"https:\/\/www.polisrecreio.com.br\/site\/2021\/08\/05\/onda-verde-entra-em-vigor-a-partir-desta-sexta-feira-6-em-recreio\/","title":{"rendered":"Onda Verde entra em vigor a partir desta sexta-feira (6) em Recreio"},"content":{"rendered":"<p style=\"text-align: justify;\">Com a queda nos registros de casos de covid-19, v\u00e1rias regi\u00f5es de Minas Gerais avan\u00e7aram para a Onda Verde do Plano Minas Consciente, com medidas menos restritivas de preven\u00e7\u00e3o ao novo coronav\u00edrus. Em Recreio, as novas regras passam a vigorar a partir desta sexta-feira (6).<\/p>\n<p><!--more--><\/p>\n<p><a href=\"http:\/\/www.polisrecreio.com.br\/site\/wp-content\/uploads\/2020\/07\/rec.jpg\"><img loading=\"lazy\" class=\"aligncenter size-full wp-image-18451\" src=\"http:\/\/www.polisrecreio.com.br\/site\/wp-content\/uploads\/2020\/07\/rec.jpg\" alt=\"\" width=\"750\" height=\"500\" srcset=\"https:\/\/www.polisrecreio.com.br\/site\/wp-content\/uploads\/2020\/07\/rec.jpg 750w, https:\/\/www.polisrecreio.com.br\/site\/wp-content\/uploads\/2020\/07\/rec-300x200.jpg 300w\" sizes=\"(max-width: 750px) 100vw, 750px\" \/><\/a><\/p>\n<p style=\"text-align: justify;\">Principais pontos do Decreto:<\/p>\n<ul>\n<li style=\"text-align: justify;\">As atividades de Com\u00e9rcio e atividades econ\u00f4micas funcionar\u00e3o no hor\u00e1rio de 06h00 \u00e0s 00h00, todos os dias;<\/li>\n<li style=\"text-align: justify;\">Restaurantes, bares, lanchonetes, sorveterias, distribuidora e dep\u00f3sitos de bebidas, dever\u00e3o encerrar o consumo interno e o servi\u00e7o de entrega em domic\u00edlio at\u00e9 02h;<\/li>\n<li style=\"text-align: justify;\">Os estabelecimentos dever\u00e3o fornecer copos descart\u00e1veis aos clientes e funcion\u00e1rios;<\/li>\n<li style=\"text-align: justify;\">As mesas dever\u00e3o possuir distanciamento m\u00ednimo de 2 metros e priorizar a utiliza\u00e7\u00e3o da mesa pela mesma fam\u00edlia;<\/li>\n<li style=\"text-align: justify;\">As academias de ginastica, artes marciais, est\u00fadios de pilates, e demais atividades de condicionamento f\u00edsico assistidas por profissionais qualificados, dever\u00e3o ser fechados para limpeza completa a cada 2 (duas) horas de funcionamento;<\/li>\n<li style=\"text-align: justify;\">Os clubes, campos, quadras e demais instala\u00e7\u00f5es esportivas, p\u00fablicas ou privadas, poder\u00e3o funcionar;<\/li>\n<li style=\"text-align: justify;\">As saunas e os ambientes fechados como lounges, n\u00e3o poder\u00e3o funcionar;<\/li>\n<li style=\"text-align: justify;\">As cl\u00ednicas de est\u00e9ticas, sal\u00f5es de beleza e barbearias, poder\u00e3o atender os seus clientes, devendo ser observadas as normas e protocolos de seguran\u00e7a;<\/li>\n<li style=\"text-align: justify;\">As piscinas dever\u00e3o ter seu acesso controlado para evitar aglomera\u00e7\u00e3o;<\/li>\n<li style=\"text-align: justify;\">A Feira Livre Recreio poder\u00e1 funcionar, exclusivamente, nas quartas-feiras e nos s\u00e1bados, nos hor\u00e1rios compreendidos entre 06h \u00e0s 18h;<\/li>\n<li style=\"text-align: justify;\">O limite absoluto aplic\u00e1vel a todas as atividades \u00e9 de 100 pessoas;<\/li>\n<\/ul>\n<p style=\"text-align: justify;\">As Igrejas e templos religiosos poder\u00e3o realizar cultos e eventos abertos ao p\u00fablico, limitando-se ao limite absoluto de 75% da capacidade m\u00e1xima, devendo ser observados as normas e protocolos de seguran\u00e7a;<\/p>\n<p style=\"text-align: justify;\">Compete \u00e0 Secretaria Municipal de Sa\u00fade o acompanhamento cont\u00ednuo das medidas de flexibiliza\u00e7\u00e3o junto ao site do \u201cMinas Consciente\u201d, para monitorar seus efeitos sobre a curva de tend\u00eancia de contamina\u00e7\u00e3o, com possibilidade de regress\u00e3o em caso de cen\u00e1rios adversos.<\/p>\n<p style=\"text-align: justify;\">O descumprimento das regras do Decreto da Onda Verde poder\u00e1 acarretar multas e san\u00e7\u00f5es previstas em legisla\u00e7\u00e3o federal.<\/p>\n<p><a href=\"https:\/\/recreio.mg.gov.br\/images\/Decretos\/2021\/decreto533.pdf\" target=\"_blank\" rel=\"noopener noreferrer\">Confira o Decreto 533 na \u00edntegra.<\/a><\/p>\n<p><strong>Dados atualizados da covid-19 em Recreio<\/strong><\/p>\n<p><a href=\"http:\/\/www.polisrecreio.com.br\/site\/wp-content\/uploads\/2021\/08\/boletim050821.jpg\"><img loading=\"lazy\" class=\"aligncenter size-full wp-image-21177\" src=\"http:\/\/www.polisrecreio.com.br\/site\/wp-content\/uploads\/2021\/08\/boletim050821.jpg\" alt=\"\" width=\"960\" height=\"640\" srcset=\"https:\/\/www.polisrecreio.com.br\/site\/wp-content\/uploads\/2021\/08\/boletim050821.jpg 960w, https:\/\/www.polisrecreio.com.br\/site\/wp-content\/uploads\/2021\/08\/boletim050821-300x200.jpg 300w, https:\/\/www.polisrecreio.com.br\/site\/wp-content\/uploads\/2021\/08\/boletim050821-768x512.jpg 768w\" sizes=\"(max-width: 960px) 100vw, 960px\" \/><\/a><\/p>\n","protected":false},"excerpt":{"rendered":"<p>Com a queda nos registros de casos de covid-19, v\u00e1rias regi\u00f5es de Minas Gerais avan\u00e7aram para a Onda Verde do Plano Minas Consciente, com medidas menos restritivas de preven\u00e7\u00e3o ao novo coronav\u00edrus. Em Recreio, as novas regras passam a vigorar a partir desta sexta-feira (6).<\/p>\n","protected":false},"author":3,"featured_media":0,"comment_status":"open","ping_status":"open","sticky":false,"template":"","format":"standard","meta":[],"categories":[7],"tags":[],"yoast_head":"<!-- This site is optimized with the Yoast SEO plugin v15.6.2 - https:\/\/yoast.com\/wordpress\/plugins\/seo\/ -->\n<meta name=\"robots\" content=\"index, follow, max-snippet:-1, max-image-preview:large, max-video-preview:-1\" \/>\n<link rel=\"canonical\" href=\"https:\/\/www.polisrecreio.com.br\/site\/2021\/08\/05\/onda-verde-entra-em-vigor-a-partir-desta-sexta-feira-6-em-recreio\/\" \/>\n<meta property=\"og:locale\" content=\"pt_BR\" \/>\n<meta property=\"og:type\" content=\"article\" \/>\n<meta property=\"og:title\" content=\"Onda Verde entra em vigor a partir desta sexta-feira (6) em Recreio - P\u00f3lis Recreio\" \/>\n<meta property=\"og:description\" content=\"Com a queda nos registros de casos de covid-19, v\u00e1rias regi\u00f5es de Minas Gerais avan\u00e7aram para a Onda Verde do Plano Minas Consciente, com medidas menos restritivas de preven\u00e7\u00e3o ao novo coronav\u00edrus. Em Recreio, as novas regras passam a vigorar a partir desta sexta-feira (6).\" \/>\n<meta property=\"og:url\" content=\"https:\/\/www.polisrecreio.com.br\/site\/2021\/08\/05\/onda-verde-entra-em-vigor-a-partir-desta-sexta-feira-6-em-recreio\/\" \/>\n<meta property=\"og:site_name\" content=\"P\u00f3lis Recreio\" \/>\n<meta property=\"article:publisher\" content=\"https:\/\/www.facebook.com\/Site-P%c3%b3lis-Recreio-MG-181941708571019\/\" \/>\n<meta property=\"article:published_time\" content=\"2021-08-06T00:04:36+00:00\" \/>\n<meta property=\"article:modified_time\" content=\"2021-08-06T00:05:26+00:00\" \/>\n<meta property=\"og:image\" content=\"http:\/\/www.polisrecreio.com.br\/site\/wp-content\/uploads\/2020\/07\/rec.jpg\" \/>\n<meta name=\"twitter:card\" content=\"summary_large_image\" \/>\n<meta name=\"twitter:creator\" content=\"@PolisRecreio\" \/>\n<meta name=\"twitter:site\" content=\"@PolisRecreio\" \/>\n<meta name=\"twitter:label1\" content=\"Est. reading time\">\n\t<meta name=\"twitter:data1\" content=\"2 minutos\">\n<script type=\"application\/ld+json\" class=\"yoast-schema-graph\">{\"@context\":\"https:\/\/schema.org\",\"@graph\":[{\"@type\":\"WebSite\",\"@id\":\"https:\/\/www.polisrecreio.com.br\/site\/#website\",\"url\":\"https:\/\/www.polisrecreio.com.br\/site\/\",\"name\":\"P\\u00f3lis Recreio\",\"description\":\"\",\"potentialAction\":[{\"@type\":\"SearchAction\",\"target\":\"https:\/\/www.polisrecreio.com.br\/site\/?s={search_term_string}\",\"query-input\":\"required name=search_term_string\"}],\"inLanguage\":\"pt-BR\"},{\"@type\":\"ImageObject\",\"@id\":\"https:\/\/www.polisrecreio.com.br\/site\/2021\/08\/05\/onda-verde-entra-em-vigor-a-partir-desta-sexta-feira-6-em-recreio\/#primaryimage\",\"inLanguage\":\"pt-BR\",\"url\":\"http:\/\/www.polisrecreio.com.br\/site\/wp-content\/uploads\/2020\/07\/rec.jpg\"},{\"@type\":\"WebPage\",\"@id\":\"https:\/\/www.polisrecreio.com.br\/site\/2021\/08\/05\/onda-verde-entra-em-vigor-a-partir-desta-sexta-feira-6-em-recreio\/#webpage\",\"url\":\"https:\/\/www.polisrecreio.com.br\/site\/2021\/08\/05\/onda-verde-entra-em-vigor-a-partir-desta-sexta-feira-6-em-recreio\/\",\"name\":\"Onda Verde entra em vigor a partir desta sexta-feira (6) em Recreio - P\\u00f3lis Recreio\",\"isPartOf\":{\"@id\":\"https:\/\/www.polisrecreio.com.br\/site\/#website\"},\"primaryImageOfPage\":{\"@id\":\"https:\/\/www.polisrecreio.com.br\/site\/2021\/08\/05\/onda-verde-entra-em-vigor-a-partir-desta-sexta-feira-6-em-recreio\/#primaryimage\"},\"datePublished\":\"2021-08-06T00:04:36+00:00\",\"dateModified\":\"2021-08-06T00:05:26+00:00\",\"author\":{\"@id\":\"https:\/\/www.polisrecreio.com.br\/site\/#\/schema\/person\/3363c1c78e1e28e1329d97adb387638e\"},\"inLanguage\":\"pt-BR\",\"potentialAction\":[{\"@type\":\"ReadAction\",\"target\":[\"https:\/\/www.polisrecreio.com.br\/site\/2021\/08\/05\/onda-verde-entra-em-vigor-a-partir-desta-sexta-feira-6-em-recreio\/\"]}]},{\"@type\":\"Person\",\"@id\":\"https:\/\/www.polisrecreio.com.br\/site\/#\/schema\/person\/3363c1c78e1e28e1329d97adb387638e\",\"name\":\"Leonardo Ribeiro\",\"image\":{\"@type\":\"ImageObject\",\"@id\":\"https:\/\/www.polisrecreio.com.br\/site\/#personlogo\",\"inLanguage\":\"pt-BR\",\"url\":\"https:\/\/secure.gravatar.com\/avatar\/6ba92a37d621e1a83e23710251178a12?s=96&d=mm&r=g\",\"caption\":\"Leonardo Ribeiro\"},\"sameAs\":[\"http:\/\/www.polisrecreio.com.br\"]}]}<\/script>\n<!-- \/ Yoast SEO plugin. -->","_links":{"self":[{"href":"https:\/\/www.polisrecreio.com.br\/site\/wp-json\/wp\/v2\/posts\/21176"}],"collection":[{"href":"https:\/\/www.polisrecreio.com.br\/site\/wp-json\/wp\/v2\/posts"}],"about":[{"href":"https:\/\/www.polisrecreio.com.br\/site\/wp-json\/wp\/v2\/types\/post"}],"author":[{"embeddable":true,"href":"https:\/\/www.polisrecreio.com.br\/site\/wp-json\/wp\/v2\/users\/3"}],"replies":[{"embeddable":true,"href":"https:\/\/www.polisrecreio.com.br\/site\/wp-json\/wp\/v2\/comments?post=21176"}],"version-history":[{"count":2,"href":"https:\/\/www.polisrecreio.com.br\/site\/wp-json\/wp\/v2\/posts\/21176\/revisions"}],"predecessor-version":[{"id":21179,"href":"https:\/\/www.polisrecreio.com.br\/site\/wp-json\/wp\/v2\/posts\/21176\/revisions\/21179"}],"wp:attachment":[{"href":"https:\/\/www.polisrecreio.com.br\/site\/wp-json\/wp\/v2\/media?parent=21176"}],"wp:term":[{"taxonomy":"category","embeddable":true,"href":"https:\/\/www.polisrecreio.com.br\/site\/wp-json\/wp\/v2\/categories?post=21176"},{"taxonomy":"post_tag","embeddable":true,"href":"https:\/\/www.polisrecreio.com.br\/site\/wp-json\/wp\/v2\/tags?post=21176"}],"curies":[{"name":"wp","href":"https:\/\/api.w.org\/{rel}","templated":true}]}}