{"id":21180,"date":"2021-08-06T14:24:17","date_gmt":"2021-08-06T17:24:17","guid":{"rendered":"http:\/\/www.polisrecreio.com.br\/site\/?p=21180"},"modified":"2021-08-06T14:25:26","modified_gmt":"2021-08-06T17:25:26","slug":"covid-19-adolescentes-de-12-a-17-anos-serao-vacinados-em-setembro-em-mg","status":"publish","type":"post","link":"https:\/\/www.polisrecreio.com.br\/site\/2021\/08\/06\/covid-19-adolescentes-de-12-a-17-anos-serao-vacinados-em-setembro-em-mg\/","title":{"rendered":"Covid-19: adolescentes de 12 a 17 anos ser\u00e3o vacinados em setembro em MG"},"content":{"rendered":"<p style=\"text-align: justify;\">Os adolescentes de 12 a 17 anos de Minas Gerais ser\u00e3o vacinados contra a covid-19 em setembro, segundo o secret\u00e1rio de Estado de Sa\u00fade de Minas Gerais, F\u00e1bio Baccheretti.<\/p>\n<p><!--more--><\/p>\n<figure id=\"attachment_21181\" aria-describedby=\"caption-attachment-21181\" style=\"width: 750px\" class=\"wp-caption aligncenter\"><a href=\"http:\/\/www.polisrecreio.com.br\/site\/wp-content\/uploads\/2021\/08\/41311_51F34C6FB04AFC16.jpg\"><img loading=\"lazy\" class=\"size-full wp-image-21181\" src=\"http:\/\/www.polisrecreio.com.br\/site\/wp-content\/uploads\/2021\/08\/41311_51F34C6FB04AFC16.jpg\" alt=\"\" width=\"750\" height=\"448\" srcset=\"https:\/\/www.polisrecreio.com.br\/site\/wp-content\/uploads\/2021\/08\/41311_51F34C6FB04AFC16.jpg 750w, https:\/\/www.polisrecreio.com.br\/site\/wp-content\/uploads\/2021\/08\/41311_51F34C6FB04AFC16-300x179.jpg 300w\" sizes=\"(max-width: 750px) 100vw, 750px\" \/><\/a><figcaption id=\"caption-attachment-21181\" class=\"wp-caption-text\">Female doctor giving covid-19 vaccine to a boy<\/figcaption><\/figure>\n<p style=\"text-align: justify;\">A declara\u00e7\u00e3o foi feita na tarde de quinta-feira (5), durante coletiva de imprensa da Secretaria de Estado de Sa\u00fade \u201cSES MG\u201d.<\/p>\n<p style=\"text-align: justify;\">Na ter\u00e7a-feira (27), o Minist\u00e9rio da Sa\u00fade, o Conass (conselho que representa os secret\u00e1rios estaduais de sa\u00fade) e o Conasems (que representa os secret\u00e1rios municipais de Sa\u00fade)\u00a0assinaram um comunicado sobre a decis\u00e3o de vacinar adolescentes.<\/p>\n<p style=\"text-align: justify;\"><em>Com informa\u00e7\u00f5es: G1 MG.<\/em><\/p>\n","protected":false},"excerpt":{"rendered":"<p>Os adolescentes de 12 a 17 anos de Minas Gerais ser\u00e3o vacinados contra a covid-19 em setembro, segundo o secret\u00e1rio de Estado de Sa\u00fade de Minas Gerais, F\u00e1bio Baccheretti.<\/p>\n","protected":false},"author":3,"featured_media":0,"comment_status":"open","ping_status":"open","sticky":false,"template":"","format":"standard","meta":[],"categories":[7],"tags":[],"yoast_head":"<!-- This site is optimized with the Yoast SEO plugin v15.6.2 - https:\/\/yoast.com\/wordpress\/plugins\/seo\/ -->\n<meta name=\"robots\" content=\"index, follow, max-snippet:-1, max-image-preview:large, max-video-preview:-1\" \/>\n<link rel=\"canonical\" href=\"https:\/\/www.polisrecreio.com.br\/site\/2021\/08\/06\/covid-19-adolescentes-de-12-a-17-anos-serao-vacinados-em-setembro-em-mg\/\" \/>\n<meta property=\"og:locale\" content=\"pt_BR\" \/>\n<meta property=\"og:type\" content=\"article\" \/>\n<meta property=\"og:title\" content=\"Covid-19: adolescentes de 12 a 17 anos ser\u00e3o vacinados em setembro em MG - P\u00f3lis Recreio\" \/>\n<meta property=\"og:description\" content=\"Os adolescentes de 12 a 17 anos de Minas Gerais ser\u00e3o vacinados contra a covid-19 em setembro, segundo o secret\u00e1rio de Estado de Sa\u00fade de Minas Gerais, F\u00e1bio Baccheretti.\" \/>\n<meta property=\"og:url\" content=\"https:\/\/www.polisrecreio.com.br\/site\/2021\/08\/06\/covid-19-adolescentes-de-12-a-17-anos-serao-vacinados-em-setembro-em-mg\/\" \/>\n<meta property=\"og:site_name\" content=\"P\u00f3lis Recreio\" \/>\n<meta property=\"article:publisher\" content=\"https:\/\/www.facebook.com\/Site-P%c3%b3lis-Recreio-MG-181941708571019\/\" \/>\n<meta property=\"article:published_time\" content=\"2021-08-06T17:24:17+00:00\" \/>\n<meta property=\"article:modified_time\" content=\"2021-08-06T17:25:26+00:00\" \/>\n<meta property=\"og:image\" content=\"http:\/\/www.polisrecreio.com.br\/site\/wp-content\/uploads\/2021\/08\/41311_51F34C6FB04AFC16.jpg\" \/>\n<meta name=\"twitter:card\" content=\"summary_large_image\" \/>\n<meta name=\"twitter:creator\" content=\"@PolisRecreio\" \/>\n<meta name=\"twitter:site\" content=\"@PolisRecreio\" \/>\n<meta name=\"twitter:label1\" content=\"Est. reading time\">\n\t<meta name=\"twitter:data1\" content=\"1 minuto\">\n<script type=\"application\/ld+json\" class=\"yoast-schema-graph\">{\"@context\":\"https:\/\/schema.org\",\"@graph\":[{\"@type\":\"WebSite\",\"@id\":\"https:\/\/www.polisrecreio.com.br\/site\/#website\",\"url\":\"https:\/\/www.polisrecreio.com.br\/site\/\",\"name\":\"P\\u00f3lis Recreio\",\"description\":\"\",\"potentialAction\":[{\"@type\":\"SearchAction\",\"target\":\"https:\/\/www.polisrecreio.com.br\/site\/?s={search_term_string}\",\"query-input\":\"required name=search_term_string\"}],\"inLanguage\":\"pt-BR\"},{\"@type\":\"ImageObject\",\"@id\":\"https:\/\/www.polisrecreio.com.br\/site\/2021\/08\/06\/covid-19-adolescentes-de-12-a-17-anos-serao-vacinados-em-setembro-em-mg\/#primaryimage\",\"inLanguage\":\"pt-BR\",\"url\":\"http:\/\/www.polisrecreio.com.br\/site\/wp-content\/uploads\/2021\/08\/41311_51F34C6FB04AFC16.jpg\"},{\"@type\":\"WebPage\",\"@id\":\"https:\/\/www.polisrecreio.com.br\/site\/2021\/08\/06\/covid-19-adolescentes-de-12-a-17-anos-serao-vacinados-em-setembro-em-mg\/#webpage\",\"url\":\"https:\/\/www.polisrecreio.com.br\/site\/2021\/08\/06\/covid-19-adolescentes-de-12-a-17-anos-serao-vacinados-em-setembro-em-mg\/\",\"name\":\"Covid-19: adolescentes de 12 a 17 anos ser\\u00e3o vacinados em setembro em MG - P\\u00f3lis Recreio\",\"isPartOf\":{\"@id\":\"https:\/\/www.polisrecreio.com.br\/site\/#website\"},\"primaryImageOfPage\":{\"@id\":\"https:\/\/www.polisrecreio.com.br\/site\/2021\/08\/06\/covid-19-adolescentes-de-12-a-17-anos-serao-vacinados-em-setembro-em-mg\/#primaryimage\"},\"datePublished\":\"2021-08-06T17:24:17+00:00\",\"dateModified\":\"2021-08-06T17:25:26+00:00\",\"author\":{\"@id\":\"https:\/\/www.polisrecreio.com.br\/site\/#\/schema\/person\/3363c1c78e1e28e1329d97adb387638e\"},\"inLanguage\":\"pt-BR\",\"potentialAction\":[{\"@type\":\"ReadAction\",\"target\":[\"https:\/\/www.polisrecreio.com.br\/site\/2021\/08\/06\/covid-19-adolescentes-de-12-a-17-anos-serao-vacinados-em-setembro-em-mg\/\"]}]},{\"@type\":\"Person\",\"@id\":\"https:\/\/www.polisrecreio.com.br\/site\/#\/schema\/person\/3363c1c78e1e28e1329d97adb387638e\",\"name\":\"Leonardo Ribeiro\",\"image\":{\"@type\":\"ImageObject\",\"@id\":\"https:\/\/www.polisrecreio.com.br\/site\/#personlogo\",\"inLanguage\":\"pt-BR\",\"url\":\"https:\/\/secure.gravatar.com\/avatar\/6ba92a37d621e1a83e23710251178a12?s=96&d=mm&r=g\",\"caption\":\"Leonardo Ribeiro\"},\"sameAs\":[\"http:\/\/www.polisrecreio.com.br\"]}]}<\/script>\n<!-- \/ Yoast SEO plugin. -->","_links":{"self":[{"href":"https:\/\/www.polisrecreio.com.br\/site\/wp-json\/wp\/v2\/posts\/21180"}],"collection":[{"href":"https:\/\/www.polisrecreio.com.br\/site\/wp-json\/wp\/v2\/posts"}],"about":[{"href":"https:\/\/www.polisrecreio.com.br\/site\/wp-json\/wp\/v2\/types\/post"}],"author":[{"embeddable":true,"href":"https:\/\/www.polisrecreio.com.br\/site\/wp-json\/wp\/v2\/users\/3"}],"replies":[{"embeddable":true,"href":"https:\/\/www.polisrecreio.com.br\/site\/wp-json\/wp\/v2\/comments?post=21180"}],"version-history":[{"count":2,"href":"https:\/\/www.polisrecreio.com.br\/site\/wp-json\/wp\/v2\/posts\/21180\/revisions"}],"predecessor-version":[{"id":21183,"href":"https:\/\/www.polisrecreio.com.br\/site\/wp-json\/wp\/v2\/posts\/21180\/revisions\/21183"}],"wp:attachment":[{"href":"https:\/\/www.polisrecreio.com.br\/site\/wp-json\/wp\/v2\/media?parent=21180"}],"wp:term":[{"taxonomy":"category","embeddable":true,"href":"https:\/\/www.polisrecreio.com.br\/site\/wp-json\/wp\/v2\/categories?post=21180"},{"taxonomy":"post_tag","embeddable":true,"href":"https:\/\/www.polisrecreio.com.br\/site\/wp-json\/wp\/v2\/tags?post=21180"}],"curies":[{"name":"wp","href":"https:\/\/api.w.org\/{rel}","templated":true}]}}