{"id":21184,"date":"2021-08-09T11:45:59","date_gmt":"2021-08-09T14:45:59","guid":{"rendered":"http:\/\/www.polisrecreio.com.br\/site\/?p=21184"},"modified":"2021-08-09T11:47:06","modified_gmt":"2021-08-09T14:47:06","slug":"projeto-coracao-de-leao-e-desenvolvido-no-campo-do-recreio-e-c","status":"publish","type":"post","link":"https:\/\/www.polisrecreio.com.br\/site\/2021\/08\/09\/projeto-coracao-de-leao-e-desenvolvido-no-campo-do-recreio-e-c\/","title":{"rendered":"Projeto \u201cCora\u00e7\u00e3o de Le\u00e3o\u201d \u00e9 desenvolvido no campo do Recreio E.C."},"content":{"rendered":"<p style=\"text-align: justify;\">Todas as segundas-feiras, quartas-feiras e sextas-feiras, acontece no Est\u00e1dio Euvaldo Lodi \u2013 campo do Recreio Esporte Clube \u2013 o projeto \u201cCora\u00e7\u00e3o de Le\u00e3o\u201d, totalmente gratuito, para crian\u00e7as de 6 a 13 anos.<\/p>\n<p><!--more--><\/p>\n<p style=\"text-align: justify;\"><a href=\"http:\/\/www.polisrecreio.com.br\/site\/wp-content\/uploads\/2021\/08\/DSC_0005.jpg\"><img loading=\"lazy\" class=\"aligncenter size-full wp-image-21186\" src=\"http:\/\/www.polisrecreio.com.br\/site\/wp-content\/uploads\/2021\/08\/DSC_0005.jpg\" alt=\"\" width=\"750\" height=\"500\" srcset=\"https:\/\/www.polisrecreio.com.br\/site\/wp-content\/uploads\/2021\/08\/DSC_0005.jpg 750w, https:\/\/www.polisrecreio.com.br\/site\/wp-content\/uploads\/2021\/08\/DSC_0005-300x200.jpg 300w\" sizes=\"(max-width: 750px) 100vw, 750px\" \/><\/a><\/p>\n<p style=\"text-align: justify;\">Os treinamentos com atividades f\u00edsicas, futebol e palestras socioeducativas, s\u00e3o coordenados pelo casal, Lob\u00e3o e Joana. O hor\u00e1rio de in\u00edcio \u00e9 as 16:30h.<\/p>\n<p style=\"text-align: justify;\">O projeto j\u00e1 recebeu apoio do com\u00e9rcio local para aquisi\u00e7\u00e3o de uniformes de treinos e outros apoiadores doaram bolas de futebol. A dire\u00e7\u00e3o do Recreio E.C. \u00e9 incentivadora.<\/p>\n<p style=\"text-align: justify;\">\u201cQueremos agradecer a todos que est\u00e3o nos ajudando. No momento estamos precisando tamb\u00e9m de doa\u00e7\u00f5es de meias de futebol, bolas e de chuteiras\u201d, disseram os coordenadores. As doa\u00e7\u00f5es podem ser feitas atrav\u00e9s de contato pelo WhatsApp (21) 9.8627-0052.<\/p>\n<p><a href=\"http:\/\/www.polisrecreio.com.br\/site\/wp-content\/uploads\/2021\/08\/DSC_0003.jpg\"><img loading=\"lazy\" class=\"aligncenter size-full wp-image-21185\" src=\"http:\/\/www.polisrecreio.com.br\/site\/wp-content\/uploads\/2021\/08\/DSC_0003.jpg\" alt=\"\" width=\"750\" height=\"500\" srcset=\"https:\/\/www.polisrecreio.com.br\/site\/wp-content\/uploads\/2021\/08\/DSC_0003.jpg 750w, https:\/\/www.polisrecreio.com.br\/site\/wp-content\/uploads\/2021\/08\/DSC_0003-300x200.jpg 300w\" sizes=\"(max-width: 750px) 100vw, 750px\" \/><\/a><\/p>\n<p><a href=\"http:\/\/www.polisrecreio.com.br\/site\/wp-content\/uploads\/2021\/08\/DSC_0008.jpg\"><img loading=\"lazy\" class=\"aligncenter size-full wp-image-21187\" src=\"http:\/\/www.polisrecreio.com.br\/site\/wp-content\/uploads\/2021\/08\/DSC_0008.jpg\" alt=\"\" width=\"750\" height=\"500\" srcset=\"https:\/\/www.polisrecreio.com.br\/site\/wp-content\/uploads\/2021\/08\/DSC_0008.jpg 750w, https:\/\/www.polisrecreio.com.br\/site\/wp-content\/uploads\/2021\/08\/DSC_0008-300x200.jpg 300w\" sizes=\"(max-width: 750px) 100vw, 750px\" \/><\/a><\/p>\n<p><a href=\"http:\/\/www.polisrecreio.com.br\/site\/wp-content\/uploads\/2021\/08\/DSC_0011.jpg\"><img loading=\"lazy\" class=\"aligncenter size-full wp-image-21188\" src=\"http:\/\/www.polisrecreio.com.br\/site\/wp-content\/uploads\/2021\/08\/DSC_0011.jpg\" alt=\"\" width=\"750\" height=\"500\" srcset=\"https:\/\/www.polisrecreio.com.br\/site\/wp-content\/uploads\/2021\/08\/DSC_0011.jpg 750w, https:\/\/www.polisrecreio.com.br\/site\/wp-content\/uploads\/2021\/08\/DSC_0011-300x200.jpg 300w\" sizes=\"(max-width: 750px) 100vw, 750px\" \/><\/a><\/p>\n<p><a href=\"http:\/\/www.polisrecreio.com.br\/site\/wp-content\/uploads\/2021\/08\/DSC_0015.jpg\"><img loading=\"lazy\" class=\"aligncenter size-full wp-image-21189\" src=\"http:\/\/www.polisrecreio.com.br\/site\/wp-content\/uploads\/2021\/08\/DSC_0015.jpg\" alt=\"\" width=\"750\" height=\"500\" srcset=\"https:\/\/www.polisrecreio.com.br\/site\/wp-content\/uploads\/2021\/08\/DSC_0015.jpg 750w, https:\/\/www.polisrecreio.com.br\/site\/wp-content\/uploads\/2021\/08\/DSC_0015-300x200.jpg 300w\" sizes=\"(max-width: 750px) 100vw, 750px\" \/><\/a><\/p>\n<p><a href=\"http:\/\/www.polisrecreio.com.br\/site\/wp-content\/uploads\/2021\/08\/DSC_0017.jpg\"><img loading=\"lazy\" class=\"aligncenter size-full wp-image-21190\" src=\"http:\/\/www.polisrecreio.com.br\/site\/wp-content\/uploads\/2021\/08\/DSC_0017.jpg\" alt=\"\" width=\"750\" height=\"500\" srcset=\"https:\/\/www.polisrecreio.com.br\/site\/wp-content\/uploads\/2021\/08\/DSC_0017.jpg 750w, https:\/\/www.polisrecreio.com.br\/site\/wp-content\/uploads\/2021\/08\/DSC_0017-300x200.jpg 300w\" sizes=\"(max-width: 750px) 100vw, 750px\" \/><\/a><\/p>\n<p><a href=\"http:\/\/www.polisrecreio.com.br\/site\/wp-content\/uploads\/2021\/08\/DSC_0018-1.jpg\"><img loading=\"lazy\" class=\"aligncenter size-full wp-image-21191\" src=\"http:\/\/www.polisrecreio.com.br\/site\/wp-content\/uploads\/2021\/08\/DSC_0018-1.jpg\" alt=\"\" width=\"750\" height=\"500\" srcset=\"https:\/\/www.polisrecreio.com.br\/site\/wp-content\/uploads\/2021\/08\/DSC_0018-1.jpg 750w, https:\/\/www.polisrecreio.com.br\/site\/wp-content\/uploads\/2021\/08\/DSC_0018-1-300x200.jpg 300w\" sizes=\"(max-width: 750px) 100vw, 750px\" \/><\/a><\/p>\n<p><a href=\"http:\/\/www.polisrecreio.com.br\/site\/wp-content\/uploads\/2021\/08\/DSC_0019.jpg\"><img loading=\"lazy\" class=\"aligncenter size-full wp-image-21192\" src=\"http:\/\/www.polisrecreio.com.br\/site\/wp-content\/uploads\/2021\/08\/DSC_0019.jpg\" alt=\"\" width=\"750\" height=\"500\" srcset=\"https:\/\/www.polisrecreio.com.br\/site\/wp-content\/uploads\/2021\/08\/DSC_0019.jpg 750w, https:\/\/www.polisrecreio.com.br\/site\/wp-content\/uploads\/2021\/08\/DSC_0019-300x200.jpg 300w\" sizes=\"(max-width: 750px) 100vw, 750px\" \/><\/a><\/p>\n","protected":false},"excerpt":{"rendered":"<p>Todas as segundas-feiras, quartas-feiras e sextas-feiras, acontece no Est\u00e1dio Euvaldo Lodi \u2013 campo do Recreio Esporte Clube \u2013 o projeto \u201cCora\u00e7\u00e3o de Le\u00e3o\u201d, totalmente gratuito, para crian\u00e7as de 6 a 13 anos.<\/p>\n","protected":false},"author":3,"featured_media":0,"comment_status":"open","ping_status":"open","sticky":false,"template":"","format":"standard","meta":[],"categories":[4],"tags":[],"yoast_head":"<!-- This site is optimized with the Yoast SEO plugin v15.6.2 - https:\/\/yoast.com\/wordpress\/plugins\/seo\/ -->\n<meta name=\"robots\" content=\"index, follow, max-snippet:-1, max-image-preview:large, max-video-preview:-1\" \/>\n<link rel=\"canonical\" href=\"http:\/\/www.polisrecreio.com.br\/site\/2021\/08\/09\/projeto-coracao-de-leao-e-desenvolvido-no-campo-do-recreio-e-c\/\" \/>\n<meta property=\"og:locale\" content=\"pt_BR\" \/>\n<meta property=\"og:type\" content=\"article\" \/>\n<meta property=\"og:title\" content=\"Projeto \u201cCora\u00e7\u00e3o de Le\u00e3o\u201d \u00e9 desenvolvido no campo do Recreio E.C. - P\u00f3lis Recreio\" \/>\n<meta property=\"og:description\" content=\"Todas as segundas-feiras, quartas-feiras e sextas-feiras, acontece no Est\u00e1dio Euvaldo Lodi \u2013 campo do Recreio Esporte Clube \u2013 o projeto \u201cCora\u00e7\u00e3o de Le\u00e3o\u201d, totalmente gratuito, para crian\u00e7as de 6 a 13 anos.\" \/>\n<meta property=\"og:url\" content=\"http:\/\/www.polisrecreio.com.br\/site\/2021\/08\/09\/projeto-coracao-de-leao-e-desenvolvido-no-campo-do-recreio-e-c\/\" \/>\n<meta property=\"og:site_name\" content=\"P\u00f3lis Recreio\" \/>\n<meta property=\"article:publisher\" content=\"https:\/\/www.facebook.com\/Site-P%c3%b3lis-Recreio-MG-181941708571019\/\" \/>\n<meta property=\"article:published_time\" content=\"2021-08-09T14:45:59+00:00\" \/>\n<meta property=\"article:modified_time\" content=\"2021-08-09T14:47:06+00:00\" \/>\n<meta property=\"og:image\" content=\"http:\/\/www.polisrecreio.com.br\/site\/wp-content\/uploads\/2021\/08\/DSC_0005.jpg\" \/>\n<meta name=\"twitter:card\" content=\"summary_large_image\" \/>\n<meta name=\"twitter:creator\" content=\"@PolisRecreio\" \/>\n<meta name=\"twitter:site\" content=\"@PolisRecreio\" \/>\n<meta name=\"twitter:label1\" content=\"Est. reading time\">\n\t<meta name=\"twitter:data1\" content=\"3 minutos\">\n<script type=\"application\/ld+json\" class=\"yoast-schema-graph\">{\"@context\":\"https:\/\/schema.org\",\"@graph\":[{\"@type\":\"WebSite\",\"@id\":\"https:\/\/www.polisrecreio.com.br\/site\/#website\",\"url\":\"https:\/\/www.polisrecreio.com.br\/site\/\",\"name\":\"P\\u00f3lis Recreio\",\"description\":\"\",\"potentialAction\":[{\"@type\":\"SearchAction\",\"target\":\"https:\/\/www.polisrecreio.com.br\/site\/?s={search_term_string}\",\"query-input\":\"required name=search_term_string\"}],\"inLanguage\":\"pt-BR\"},{\"@type\":\"ImageObject\",\"@id\":\"http:\/\/www.polisrecreio.com.br\/site\/2021\/08\/09\/projeto-coracao-de-leao-e-desenvolvido-no-campo-do-recreio-e-c\/#primaryimage\",\"inLanguage\":\"pt-BR\",\"url\":\"http:\/\/www.polisrecreio.com.br\/site\/wp-content\/uploads\/2021\/08\/DSC_0005.jpg\"},{\"@type\":\"WebPage\",\"@id\":\"http:\/\/www.polisrecreio.com.br\/site\/2021\/08\/09\/projeto-coracao-de-leao-e-desenvolvido-no-campo-do-recreio-e-c\/#webpage\",\"url\":\"http:\/\/www.polisrecreio.com.br\/site\/2021\/08\/09\/projeto-coracao-de-leao-e-desenvolvido-no-campo-do-recreio-e-c\/\",\"name\":\"Projeto \\u201cCora\\u00e7\\u00e3o de Le\\u00e3o\\u201d \\u00e9 desenvolvido no campo do Recreio E.C. - P\\u00f3lis Recreio\",\"isPartOf\":{\"@id\":\"https:\/\/www.polisrecreio.com.br\/site\/#website\"},\"primaryImageOfPage\":{\"@id\":\"http:\/\/www.polisrecreio.com.br\/site\/2021\/08\/09\/projeto-coracao-de-leao-e-desenvolvido-no-campo-do-recreio-e-c\/#primaryimage\"},\"datePublished\":\"2021-08-09T14:45:59+00:00\",\"dateModified\":\"2021-08-09T14:47:06+00:00\",\"author\":{\"@id\":\"https:\/\/www.polisrecreio.com.br\/site\/#\/schema\/person\/3363c1c78e1e28e1329d97adb387638e\"},\"inLanguage\":\"pt-BR\",\"potentialAction\":[{\"@type\":\"ReadAction\",\"target\":[\"http:\/\/www.polisrecreio.com.br\/site\/2021\/08\/09\/projeto-coracao-de-leao-e-desenvolvido-no-campo-do-recreio-e-c\/\"]}]},{\"@type\":\"Person\",\"@id\":\"https:\/\/www.polisrecreio.com.br\/site\/#\/schema\/person\/3363c1c78e1e28e1329d97adb387638e\",\"name\":\"Leonardo Ribeiro\",\"image\":{\"@type\":\"ImageObject\",\"@id\":\"https:\/\/www.polisrecreio.com.br\/site\/#personlogo\",\"inLanguage\":\"pt-BR\",\"url\":\"https:\/\/secure.gravatar.com\/avatar\/6ba92a37d621e1a83e23710251178a12?s=96&d=mm&r=g\",\"caption\":\"Leonardo Ribeiro\"},\"sameAs\":[\"http:\/\/www.polisrecreio.com.br\"]}]}<\/script>\n<!-- \/ Yoast SEO plugin. -->","_links":{"self":[{"href":"https:\/\/www.polisrecreio.com.br\/site\/wp-json\/wp\/v2\/posts\/21184"}],"collection":[{"href":"https:\/\/www.polisrecreio.com.br\/site\/wp-json\/wp\/v2\/posts"}],"about":[{"href":"https:\/\/www.polisrecreio.com.br\/site\/wp-json\/wp\/v2\/types\/post"}],"author":[{"embeddable":true,"href":"https:\/\/www.polisrecreio.com.br\/site\/wp-json\/wp\/v2\/users\/3"}],"replies":[{"embeddable":true,"href":"https:\/\/www.polisrecreio.com.br\/site\/wp-json\/wp\/v2\/comments?post=21184"}],"version-history":[{"count":2,"href":"https:\/\/www.polisrecreio.com.br\/site\/wp-json\/wp\/v2\/posts\/21184\/revisions"}],"predecessor-version":[{"id":21194,"href":"https:\/\/www.polisrecreio.com.br\/site\/wp-json\/wp\/v2\/posts\/21184\/revisions\/21194"}],"wp:attachment":[{"href":"https:\/\/www.polisrecreio.com.br\/site\/wp-json\/wp\/v2\/media?parent=21184"}],"wp:term":[{"taxonomy":"category","embeddable":true,"href":"https:\/\/www.polisrecreio.com.br\/site\/wp-json\/wp\/v2\/categories?post=21184"},{"taxonomy":"post_tag","embeddable":true,"href":"https:\/\/www.polisrecreio.com.br\/site\/wp-json\/wp\/v2\/tags?post=21184"}],"curies":[{"name":"wp","href":"https:\/\/api.w.org\/{rel}","templated":true}]}}