{"id":21195,"date":"2021-08-09T12:57:38","date_gmt":"2021-08-09T15:57:38","guid":{"rendered":"http:\/\/www.polisrecreio.com.br\/site\/?p=21195"},"modified":"2021-08-09T12:57:38","modified_gmt":"2021-08-09T15:57:38","slug":"quase-60-da-populacao-recreiense-ja-foi-vacinada-contra-a-covid-19-com-a-primeira-dose","status":"publish","type":"post","link":"https:\/\/www.polisrecreio.com.br\/site\/2021\/08\/09\/quase-60-da-populacao-recreiense-ja-foi-vacinada-contra-a-covid-19-com-a-primeira-dose\/","title":{"rendered":"Quase 60% da popula\u00e7\u00e3o recreiense j\u00e1 foi vacinada contra a covid-19 com a primeira dose"},"content":{"rendered":"<p style=\"text-align: justify;\">O Vacin\u00f4metro de Recreio da campanha de vacina\u00e7\u00e3o contra a covid-19 foi atualizado nesta segunda-feira (9). Os dados apresentados mostram que quase 60% da popula\u00e7\u00e3o j\u00e1 foi vacinada com a primeira dose.<\/p>\n<p><!--more--><\/p>\n<p><a href=\"http:\/\/www.polisrecreio.com.br\/site\/wp-content\/uploads\/2021\/04\/DSC0403.jpg\"><img loading=\"lazy\" class=\"aligncenter size-full wp-image-20226\" src=\"http:\/\/www.polisrecreio.com.br\/site\/wp-content\/uploads\/2021\/04\/DSC0403.jpg\" alt=\"\" width=\"650\" height=\"432\" srcset=\"https:\/\/www.polisrecreio.com.br\/site\/wp-content\/uploads\/2021\/04\/DSC0403.jpg 650w, https:\/\/www.polisrecreio.com.br\/site\/wp-content\/uploads\/2021\/04\/DSC0403-300x199.jpg 300w\" sizes=\"(max-width: 650px) 100vw, 650px\" \/><\/a><\/p>\n<p style=\"text-align: justify;\">At\u00e9 o momento, s\u00e3o 8.782 doses aplicadas: 6.075 (D1); 2.502 (D2); e 200 (Dose \u00danica). 26,22% da popula\u00e7\u00e3o tomou as duas doses ou a dose \u00fanica.<\/p>\n<p style=\"text-align: justify;\">Neste in\u00edcio de semana, Recreio recebe mais 118 vacinas, assim como todas as cidades da regi\u00e3o integrantes da GRS de Leopoldina. Ser\u00e1 a 34\u00aa remessa distribu\u00edda. Confira o quadro abaixo:<\/p>\n<p><a href=\"http:\/\/www.polisrecreio.com.br\/site\/wp-content\/uploads\/2021\/08\/b08999bb-b311-41d6-8b76-373904076482.jpg\"><img loading=\"lazy\" class=\"aligncenter size-full wp-image-21197\" src=\"http:\/\/www.polisrecreio.com.br\/site\/wp-content\/uploads\/2021\/08\/b08999bb-b311-41d6-8b76-373904076482.jpg\" alt=\"\" width=\"934\" height=\"632\" srcset=\"https:\/\/www.polisrecreio.com.br\/site\/wp-content\/uploads\/2021\/08\/b08999bb-b311-41d6-8b76-373904076482.jpg 934w, https:\/\/www.polisrecreio.com.br\/site\/wp-content\/uploads\/2021\/08\/b08999bb-b311-41d6-8b76-373904076482-300x203.jpg 300w, https:\/\/www.polisrecreio.com.br\/site\/wp-content\/uploads\/2021\/08\/b08999bb-b311-41d6-8b76-373904076482-768x520.jpg 768w\" sizes=\"(max-width: 934px) 100vw, 934px\" \/><\/a><\/p>\n<p><a href=\"http:\/\/www.polisrecreio.com.br\/site\/wp-content\/uploads\/2021\/08\/70699df0-c742-4e01-af7c-b05cfee85a4f.jpg\"><img loading=\"lazy\" class=\"aligncenter size-full wp-image-21196\" src=\"http:\/\/www.polisrecreio.com.br\/site\/wp-content\/uploads\/2021\/08\/70699df0-c742-4e01-af7c-b05cfee85a4f.jpg\" alt=\"\" width=\"1536\" height=\"864\" srcset=\"https:\/\/www.polisrecreio.com.br\/site\/wp-content\/uploads\/2021\/08\/70699df0-c742-4e01-af7c-b05cfee85a4f.jpg 1536w, https:\/\/www.polisrecreio.com.br\/site\/wp-content\/uploads\/2021\/08\/70699df0-c742-4e01-af7c-b05cfee85a4f-300x169.jpg 300w, https:\/\/www.polisrecreio.com.br\/site\/wp-content\/uploads\/2021\/08\/70699df0-c742-4e01-af7c-b05cfee85a4f-1024x576.jpg 1024w, https:\/\/www.polisrecreio.com.br\/site\/wp-content\/uploads\/2021\/08\/70699df0-c742-4e01-af7c-b05cfee85a4f-768x432.jpg 768w\" sizes=\"(max-width: 1536px) 100vw, 1536px\" \/><\/a><\/p>\n<p><strong>Vacin\u00f4metro Recreio\u00a0<\/strong><\/p>\n<p><a href=\"http:\/\/www.polisrecreio.com.br\/site\/wp-content\/uploads\/2021\/08\/8110340e-9b6b-48ac-b661-74916556e7f6.jpg\"><img loading=\"lazy\" class=\"aligncenter size-full wp-image-21198\" src=\"http:\/\/www.polisrecreio.com.br\/site\/wp-content\/uploads\/2021\/08\/8110340e-9b6b-48ac-b661-74916556e7f6.jpg\" alt=\"\" width=\"872\" height=\"839\" srcset=\"https:\/\/www.polisrecreio.com.br\/site\/wp-content\/uploads\/2021\/08\/8110340e-9b6b-48ac-b661-74916556e7f6.jpg 872w, https:\/\/www.polisrecreio.com.br\/site\/wp-content\/uploads\/2021\/08\/8110340e-9b6b-48ac-b661-74916556e7f6-300x289.jpg 300w, https:\/\/www.polisrecreio.com.br\/site\/wp-content\/uploads\/2021\/08\/8110340e-9b6b-48ac-b661-74916556e7f6-768x739.jpg 768w\" sizes=\"(max-width: 872px) 100vw, 872px\" \/><\/a><\/p>\n","protected":false},"excerpt":{"rendered":"<p>O Vacin\u00f4metro de Recreio da campanha de vacina\u00e7\u00e3o contra a covid-19 foi atualizado nesta segunda-feira (9). Os dados apresentados mostram que quase 60% da popula\u00e7\u00e3o j\u00e1 foi vacinada com a primeira dose.<\/p>\n","protected":false},"author":3,"featured_media":0,"comment_status":"open","ping_status":"open","sticky":false,"template":"","format":"standard","meta":[],"categories":[7],"tags":[],"yoast_head":"<!-- This site is optimized with the Yoast SEO plugin v15.6.2 - https:\/\/yoast.com\/wordpress\/plugins\/seo\/ -->\n<meta name=\"robots\" content=\"index, follow, max-snippet:-1, max-image-preview:large, max-video-preview:-1\" \/>\n<link rel=\"canonical\" href=\"https:\/\/www.polisrecreio.com.br\/site\/2021\/08\/09\/quase-60-da-populacao-recreiense-ja-foi-vacinada-contra-a-covid-19-com-a-primeira-dose\/\" \/>\n<meta property=\"og:locale\" content=\"pt_BR\" \/>\n<meta property=\"og:type\" content=\"article\" \/>\n<meta property=\"og:title\" content=\"Quase 60% da popula\u00e7\u00e3o recreiense j\u00e1 foi vacinada contra a covid-19 com a primeira dose - P\u00f3lis Recreio\" \/>\n<meta property=\"og:description\" content=\"O Vacin\u00f4metro de Recreio da campanha de vacina\u00e7\u00e3o contra a covid-19 foi atualizado nesta segunda-feira (9). Os dados apresentados mostram que quase 60% da popula\u00e7\u00e3o j\u00e1 foi vacinada com a primeira dose.\" \/>\n<meta property=\"og:url\" content=\"https:\/\/www.polisrecreio.com.br\/site\/2021\/08\/09\/quase-60-da-populacao-recreiense-ja-foi-vacinada-contra-a-covid-19-com-a-primeira-dose\/\" \/>\n<meta property=\"og:site_name\" content=\"P\u00f3lis Recreio\" \/>\n<meta property=\"article:publisher\" content=\"https:\/\/www.facebook.com\/Site-P%c3%b3lis-Recreio-MG-181941708571019\/\" \/>\n<meta property=\"article:published_time\" content=\"2021-08-09T15:57:38+00:00\" \/>\n<meta property=\"og:image\" content=\"http:\/\/www.polisrecreio.com.br\/site\/wp-content\/uploads\/2021\/04\/DSC0403.jpg\" \/>\n<meta name=\"twitter:card\" content=\"summary_large_image\" \/>\n<meta name=\"twitter:creator\" content=\"@PolisRecreio\" \/>\n<meta name=\"twitter:site\" content=\"@PolisRecreio\" \/>\n<meta name=\"twitter:label1\" content=\"Est. reading time\">\n\t<meta name=\"twitter:data1\" content=\"2 minutos\">\n<script type=\"application\/ld+json\" class=\"yoast-schema-graph\">{\"@context\":\"https:\/\/schema.org\",\"@graph\":[{\"@type\":\"WebSite\",\"@id\":\"https:\/\/www.polisrecreio.com.br\/site\/#website\",\"url\":\"https:\/\/www.polisrecreio.com.br\/site\/\",\"name\":\"P\\u00f3lis Recreio\",\"description\":\"\",\"potentialAction\":[{\"@type\":\"SearchAction\",\"target\":\"https:\/\/www.polisrecreio.com.br\/site\/?s={search_term_string}\",\"query-input\":\"required name=search_term_string\"}],\"inLanguage\":\"pt-BR\"},{\"@type\":\"ImageObject\",\"@id\":\"https:\/\/www.polisrecreio.com.br\/site\/2021\/08\/09\/quase-60-da-populacao-recreiense-ja-foi-vacinada-contra-a-covid-19-com-a-primeira-dose\/#primaryimage\",\"inLanguage\":\"pt-BR\",\"url\":\"http:\/\/www.polisrecreio.com.br\/site\/wp-content\/uploads\/2021\/04\/DSC0403.jpg\"},{\"@type\":\"WebPage\",\"@id\":\"https:\/\/www.polisrecreio.com.br\/site\/2021\/08\/09\/quase-60-da-populacao-recreiense-ja-foi-vacinada-contra-a-covid-19-com-a-primeira-dose\/#webpage\",\"url\":\"https:\/\/www.polisrecreio.com.br\/site\/2021\/08\/09\/quase-60-da-populacao-recreiense-ja-foi-vacinada-contra-a-covid-19-com-a-primeira-dose\/\",\"name\":\"Quase 60% da popula\\u00e7\\u00e3o recreiense j\\u00e1 foi vacinada contra a covid-19 com a primeira dose - P\\u00f3lis Recreio\",\"isPartOf\":{\"@id\":\"https:\/\/www.polisrecreio.com.br\/site\/#website\"},\"primaryImageOfPage\":{\"@id\":\"https:\/\/www.polisrecreio.com.br\/site\/2021\/08\/09\/quase-60-da-populacao-recreiense-ja-foi-vacinada-contra-a-covid-19-com-a-primeira-dose\/#primaryimage\"},\"datePublished\":\"2021-08-09T15:57:38+00:00\",\"dateModified\":\"2021-08-09T15:57:38+00:00\",\"author\":{\"@id\":\"https:\/\/www.polisrecreio.com.br\/site\/#\/schema\/person\/3363c1c78e1e28e1329d97adb387638e\"},\"inLanguage\":\"pt-BR\",\"potentialAction\":[{\"@type\":\"ReadAction\",\"target\":[\"https:\/\/www.polisrecreio.com.br\/site\/2021\/08\/09\/quase-60-da-populacao-recreiense-ja-foi-vacinada-contra-a-covid-19-com-a-primeira-dose\/\"]}]},{\"@type\":\"Person\",\"@id\":\"https:\/\/www.polisrecreio.com.br\/site\/#\/schema\/person\/3363c1c78e1e28e1329d97adb387638e\",\"name\":\"Leonardo Ribeiro\",\"image\":{\"@type\":\"ImageObject\",\"@id\":\"https:\/\/www.polisrecreio.com.br\/site\/#personlogo\",\"inLanguage\":\"pt-BR\",\"url\":\"https:\/\/secure.gravatar.com\/avatar\/6ba92a37d621e1a83e23710251178a12?s=96&d=mm&r=g\",\"caption\":\"Leonardo Ribeiro\"},\"sameAs\":[\"http:\/\/www.polisrecreio.com.br\"]}]}<\/script>\n<!-- \/ Yoast SEO plugin. -->","_links":{"self":[{"href":"https:\/\/www.polisrecreio.com.br\/site\/wp-json\/wp\/v2\/posts\/21195"}],"collection":[{"href":"https:\/\/www.polisrecreio.com.br\/site\/wp-json\/wp\/v2\/posts"}],"about":[{"href":"https:\/\/www.polisrecreio.com.br\/site\/wp-json\/wp\/v2\/types\/post"}],"author":[{"embeddable":true,"href":"https:\/\/www.polisrecreio.com.br\/site\/wp-json\/wp\/v2\/users\/3"}],"replies":[{"embeddable":true,"href":"https:\/\/www.polisrecreio.com.br\/site\/wp-json\/wp\/v2\/comments?post=21195"}],"version-history":[{"count":1,"href":"https:\/\/www.polisrecreio.com.br\/site\/wp-json\/wp\/v2\/posts\/21195\/revisions"}],"predecessor-version":[{"id":21199,"href":"https:\/\/www.polisrecreio.com.br\/site\/wp-json\/wp\/v2\/posts\/21195\/revisions\/21199"}],"wp:attachment":[{"href":"https:\/\/www.polisrecreio.com.br\/site\/wp-json\/wp\/v2\/media?parent=21195"}],"wp:term":[{"taxonomy":"category","embeddable":true,"href":"https:\/\/www.polisrecreio.com.br\/site\/wp-json\/wp\/v2\/categories?post=21195"},{"taxonomy":"post_tag","embeddable":true,"href":"https:\/\/www.polisrecreio.com.br\/site\/wp-json\/wp\/v2\/tags?post=21195"}],"curies":[{"name":"wp","href":"https:\/\/api.w.org\/{rel}","templated":true}]}}