{"id":21200,"date":"2021-08-10T13:01:26","date_gmt":"2021-08-10T16:01:26","guid":{"rendered":"http:\/\/www.polisrecreio.com.br\/site\/?p=21200"},"modified":"2021-08-10T13:05:25","modified_gmt":"2021-08-10T16:05:25","slug":"recreio-tenta-contratar-medico-para-esf-pela-quarta-vez-em-2021","status":"publish","type":"post","link":"https:\/\/www.polisrecreio.com.br\/site\/2021\/08\/10\/recreio-tenta-contratar-medico-para-esf-pela-quarta-vez-em-2021\/","title":{"rendered":"Recreio tenta contratar m\u00e9dico para ESF pela quarta vez em 2021"},"content":{"rendered":"<p style=\"text-align: justify;\">A Prefeitura de Recreio vai tentar pela quarta vez em 2021 a contrata\u00e7\u00e3o de um m\u00e9dico para a equipe do programa Estrat\u00e9gia Sa\u00fade da Fam\u00edlia. O sal\u00e1rio \u00e9 de R$ 10.500, mais uma gratifica\u00e7\u00e3o de R$ 5.500.<\/p>\n<p><!--more--><\/p>\n<p><a href=\"http:\/\/www.polisrecreio.com.br\/site\/wp-content\/uploads\/2021\/08\/Erro_Medico_e_Responsabilidade_Civil.jpg\"><img loading=\"lazy\" class=\"aligncenter size-full wp-image-21201\" src=\"http:\/\/www.polisrecreio.com.br\/site\/wp-content\/uploads\/2021\/08\/Erro_Medico_e_Responsabilidade_Civil.jpg\" alt=\"\" width=\"750\" height=\"498\" srcset=\"https:\/\/www.polisrecreio.com.br\/site\/wp-content\/uploads\/2021\/08\/Erro_Medico_e_Responsabilidade_Civil.jpg 750w, https:\/\/www.polisrecreio.com.br\/site\/wp-content\/uploads\/2021\/08\/Erro_Medico_e_Responsabilidade_Civil-300x199.jpg 300w\" sizes=\"(max-width: 750px) 100vw, 750px\" \/><\/a><\/p>\n<p style=\"text-align: justify;\">Os interessados na vaga podem se inscrever gratuitamente no Pa\u00e7o Municipal nesta quarta-feira (11) e quinta-feira (12), de 8h \u00e0s 12h. A carga hor\u00e1ria \u00e9 de 40 horas\/semanais. O profissional vai atuar nas \u00e1reas das Unidades B\u00e1sicas de Sa\u00fade, Maria Rosa da Concei\u00e7\u00e3o \u2013 bairro do Alto do Asilo e Dr. Ruimar Costa Azevedo \u2013 bairro do Planalto.<\/p>\n<p style=\"text-align: justify;\">O primeiro edital lan\u00e7ado em 2021 foi em abril.<\/p>\n<p><a href=\"https:\/\/recreio.mg.gov.br\/images\/Seletivos\/2021\/seletivo0421.pdf\" target=\"_blank\" rel=\"noopener noreferrer\">Clique e confira o novo edital na \u00edntegra<\/a>.<\/p>\n","protected":false},"excerpt":{"rendered":"<p>A Prefeitura de Recreio vai tentar pela quarta vez em 2021 a contrata\u00e7\u00e3o de um m\u00e9dico para a equipe do programa Estrat\u00e9gia Sa\u00fade da Fam\u00edlia. O sal\u00e1rio \u00e9 de R$ 10.500, mais uma gratifica\u00e7\u00e3o de R$ 5.500.<\/p>\n","protected":false},"author":3,"featured_media":0,"comment_status":"open","ping_status":"open","sticky":false,"template":"","format":"standard","meta":[],"categories":[7],"tags":[],"yoast_head":"<!-- This site is optimized with the Yoast SEO plugin v15.6.2 - https:\/\/yoast.com\/wordpress\/plugins\/seo\/ -->\n<meta name=\"robots\" content=\"index, follow, max-snippet:-1, max-image-preview:large, max-video-preview:-1\" \/>\n<link rel=\"canonical\" href=\"http:\/\/www.polisrecreio.com.br\/site\/2021\/08\/10\/recreio-tenta-contratar-medico-para-esf-pela-quarta-vez-em-2021\/\" \/>\n<meta property=\"og:locale\" content=\"pt_BR\" \/>\n<meta property=\"og:type\" content=\"article\" \/>\n<meta property=\"og:title\" content=\"Recreio tenta contratar m\u00e9dico para ESF pela quarta vez em 2021 - P\u00f3lis Recreio\" \/>\n<meta property=\"og:description\" content=\"A Prefeitura de Recreio vai tentar pela quarta vez em 2021 a contrata\u00e7\u00e3o de um m\u00e9dico para a equipe do programa Estrat\u00e9gia Sa\u00fade da Fam\u00edlia. O sal\u00e1rio \u00e9 de R$ 10.500, mais uma gratifica\u00e7\u00e3o de R$ 5.500.\" \/>\n<meta property=\"og:url\" content=\"http:\/\/www.polisrecreio.com.br\/site\/2021\/08\/10\/recreio-tenta-contratar-medico-para-esf-pela-quarta-vez-em-2021\/\" \/>\n<meta property=\"og:site_name\" content=\"P\u00f3lis Recreio\" \/>\n<meta property=\"article:publisher\" content=\"https:\/\/www.facebook.com\/Site-P%c3%b3lis-Recreio-MG-181941708571019\/\" \/>\n<meta property=\"article:published_time\" content=\"2021-08-10T16:01:26+00:00\" \/>\n<meta property=\"article:modified_time\" content=\"2021-08-10T16:05:25+00:00\" \/>\n<meta property=\"og:image\" content=\"http:\/\/www.polisrecreio.com.br\/site\/wp-content\/uploads\/2021\/08\/Erro_Medico_e_Responsabilidade_Civil.jpg\" \/>\n<meta name=\"twitter:card\" content=\"summary_large_image\" \/>\n<meta name=\"twitter:creator\" content=\"@PolisRecreio\" \/>\n<meta name=\"twitter:site\" content=\"@PolisRecreio\" \/>\n<meta name=\"twitter:label1\" content=\"Est. reading time\">\n\t<meta name=\"twitter:data1\" content=\"1 minuto\">\n<script type=\"application\/ld+json\" class=\"yoast-schema-graph\">{\"@context\":\"https:\/\/schema.org\",\"@graph\":[{\"@type\":\"WebSite\",\"@id\":\"https:\/\/www.polisrecreio.com.br\/site\/#website\",\"url\":\"https:\/\/www.polisrecreio.com.br\/site\/\",\"name\":\"P\\u00f3lis Recreio\",\"description\":\"\",\"potentialAction\":[{\"@type\":\"SearchAction\",\"target\":\"https:\/\/www.polisrecreio.com.br\/site\/?s={search_term_string}\",\"query-input\":\"required name=search_term_string\"}],\"inLanguage\":\"pt-BR\"},{\"@type\":\"ImageObject\",\"@id\":\"http:\/\/www.polisrecreio.com.br\/site\/2021\/08\/10\/recreio-tenta-contratar-medico-para-esf-pela-quarta-vez-em-2021\/#primaryimage\",\"inLanguage\":\"pt-BR\",\"url\":\"http:\/\/www.polisrecreio.com.br\/site\/wp-content\/uploads\/2021\/08\/Erro_Medico_e_Responsabilidade_Civil.jpg\"},{\"@type\":\"WebPage\",\"@id\":\"http:\/\/www.polisrecreio.com.br\/site\/2021\/08\/10\/recreio-tenta-contratar-medico-para-esf-pela-quarta-vez-em-2021\/#webpage\",\"url\":\"http:\/\/www.polisrecreio.com.br\/site\/2021\/08\/10\/recreio-tenta-contratar-medico-para-esf-pela-quarta-vez-em-2021\/\",\"name\":\"Recreio tenta contratar m\\u00e9dico para ESF pela quarta vez em 2021 - P\\u00f3lis Recreio\",\"isPartOf\":{\"@id\":\"https:\/\/www.polisrecreio.com.br\/site\/#website\"},\"primaryImageOfPage\":{\"@id\":\"http:\/\/www.polisrecreio.com.br\/site\/2021\/08\/10\/recreio-tenta-contratar-medico-para-esf-pela-quarta-vez-em-2021\/#primaryimage\"},\"datePublished\":\"2021-08-10T16:01:26+00:00\",\"dateModified\":\"2021-08-10T16:05:25+00:00\",\"author\":{\"@id\":\"https:\/\/www.polisrecreio.com.br\/site\/#\/schema\/person\/3363c1c78e1e28e1329d97adb387638e\"},\"inLanguage\":\"pt-BR\",\"potentialAction\":[{\"@type\":\"ReadAction\",\"target\":[\"http:\/\/www.polisrecreio.com.br\/site\/2021\/08\/10\/recreio-tenta-contratar-medico-para-esf-pela-quarta-vez-em-2021\/\"]}]},{\"@type\":\"Person\",\"@id\":\"https:\/\/www.polisrecreio.com.br\/site\/#\/schema\/person\/3363c1c78e1e28e1329d97adb387638e\",\"name\":\"Leonardo Ribeiro\",\"image\":{\"@type\":\"ImageObject\",\"@id\":\"https:\/\/www.polisrecreio.com.br\/site\/#personlogo\",\"inLanguage\":\"pt-BR\",\"url\":\"https:\/\/secure.gravatar.com\/avatar\/6ba92a37d621e1a83e23710251178a12?s=96&d=mm&r=g\",\"caption\":\"Leonardo Ribeiro\"},\"sameAs\":[\"http:\/\/www.polisrecreio.com.br\"]}]}<\/script>\n<!-- \/ Yoast SEO plugin. -->","_links":{"self":[{"href":"https:\/\/www.polisrecreio.com.br\/site\/wp-json\/wp\/v2\/posts\/21200"}],"collection":[{"href":"https:\/\/www.polisrecreio.com.br\/site\/wp-json\/wp\/v2\/posts"}],"about":[{"href":"https:\/\/www.polisrecreio.com.br\/site\/wp-json\/wp\/v2\/types\/post"}],"author":[{"embeddable":true,"href":"https:\/\/www.polisrecreio.com.br\/site\/wp-json\/wp\/v2\/users\/3"}],"replies":[{"embeddable":true,"href":"https:\/\/www.polisrecreio.com.br\/site\/wp-json\/wp\/v2\/comments?post=21200"}],"version-history":[{"count":5,"href":"https:\/\/www.polisrecreio.com.br\/site\/wp-json\/wp\/v2\/posts\/21200\/revisions"}],"predecessor-version":[{"id":21206,"href":"https:\/\/www.polisrecreio.com.br\/site\/wp-json\/wp\/v2\/posts\/21200\/revisions\/21206"}],"wp:attachment":[{"href":"https:\/\/www.polisrecreio.com.br\/site\/wp-json\/wp\/v2\/media?parent=21200"}],"wp:term":[{"taxonomy":"category","embeddable":true,"href":"https:\/\/www.polisrecreio.com.br\/site\/wp-json\/wp\/v2\/categories?post=21200"},{"taxonomy":"post_tag","embeddable":true,"href":"https:\/\/www.polisrecreio.com.br\/site\/wp-json\/wp\/v2\/tags?post=21200"}],"curies":[{"name":"wp","href":"https:\/\/api.w.org\/{rel}","templated":true}]}}