{"id":21207,"date":"2021-08-10T19:29:09","date_gmt":"2021-08-10T22:29:09","guid":{"rendered":"http:\/\/www.polisrecreio.com.br\/site\/?p=21207"},"modified":"2021-08-10T19:29:09","modified_gmt":"2021-08-10T22:29:09","slug":"defesa-civil-estadual-vai-distribuir-90-mil-cestas-basicas-a-todos-os-853-municipios-de-mg","status":"publish","type":"post","link":"https:\/\/www.polisrecreio.com.br\/site\/2021\/08\/10\/defesa-civil-estadual-vai-distribuir-90-mil-cestas-basicas-a-todos-os-853-municipios-de-mg\/","title":{"rendered":"Defesa Civil Estadual vai distribuir 90 mil cestas b\u00e1sicas a todos os 853 munic\u00edpios de MG"},"content":{"rendered":"<p style=\"text-align: justify;\">O\u00a0Gabinete Militar do Governador (GMG), por meio da\u00a0Coordenadoria Estadual de Defesa Civil (Cedec), vai distribuir 90 mil cestas b\u00e1sicas a todos os 853 munic\u00edpios de Minas Gerais. Cada munic\u00edpio ser\u00e1 contemplado com, no m\u00ednimo, 100 unidades.<\/p>\n<p><!--more--><\/p>\n<p><a href=\"http:\/\/www.polisrecreio.com.br\/site\/wp-content\/uploads\/2021\/08\/cesta_ba\u0301sica_solidariedade_mantimento_doac\u0327a\u0303o_alimento_-_credito_marco_evangelista.jpg\"><img loading=\"lazy\" class=\"aligncenter size-full wp-image-21208\" src=\"http:\/\/www.polisrecreio.com.br\/site\/wp-content\/uploads\/2021\/08\/cesta_ba\u0301sica_solidariedade_mantimento_doac\u0327a\u0303o_alimento_-_credito_marco_evangelista.jpg\" alt=\"\" width=\"750\" height=\"500\" srcset=\"https:\/\/www.polisrecreio.com.br\/site\/wp-content\/uploads\/2021\/08\/cesta_ba\u0301sica_solidariedade_mantimento_doac\u0327a\u0303o_alimento_-_credito_marco_evangelista.jpg 750w, https:\/\/www.polisrecreio.com.br\/site\/wp-content\/uploads\/2021\/08\/cesta_ba\u0301sica_solidariedade_mantimento_doac\u0327a\u0303o_alimento_-_credito_marco_evangelista-300x200.jpg 300w\" sizes=\"(max-width: 750px) 100vw, 750px\" \/><\/a><\/p>\n<p style=\"text-align: justify;\">As cestas foram doadas ao\u00a0Governo de Minas, por meio do GMG\/Cedec, pela Igreja de Jesus Cristo dos Santos dos \u00daltimos Dias, com o intuito de apoiar o Estado no enfrentamento \u00e0 covid-19. A interlocu\u00e7\u00e3o entre o \u00f3rg\u00e3o e a igreja foi promovida pelas secretarias de Estado de\u00a0Governo (Segov)\u00a0e de\u00a0Desenvolvimento Social (Sedese).<\/p>\n<p style=\"text-align: justify;\">\u201cAgradecemos a doa\u00e7\u00e3o da Igreja, que confiou ao Governo de Minas e a n\u00f3s, do Gabinete Militar do Governador, a distribui\u00e7\u00e3o dessas cestas que tanto v\u00e3o ajudar o povo mineiro. Com a\u00e7\u00f5es transversais, principalmente para atender a quest\u00f5es humanit\u00e1rias, faremos essa ajuda chegar a quem realmente precisa\u201d, afirma o chefe do Gabinete Militar do Governador e coordenador estadual de Defesa Civil, o coronel PM Osvaldo de Souza Marques.<\/p>\n<p style=\"text-align: justify;\">Ele tamb\u00e9m destaca a participa\u00e7\u00e3o da\u00a0Pol\u00edcia Militar de Minas Gerais (PMMG)\u00a0e das Regionais da Defesa Civil (Redec), importantes agentes para a forma\u00e7\u00e3o de redes de apoio da Cedec no estado. Esses \u00f3rg\u00e3os tamb\u00e9m promovem a constante interlocu\u00e7\u00e3o com as defesas civis municipais.<\/p>\n<p style=\"text-align: justify;\">\u00a0\u201cCom esse aux\u00edlio vamos conseguir ajudar o estado inteiro, de ponta a ponta\u201d, frisa.<\/p>\n<p style=\"text-align: justify;\"><strong>Planejamento<\/strong><\/p>\n<p style=\"text-align: justify;\">O contato com os munic\u00edpios, para a distribui\u00e7\u00e3o das cestas, come\u00e7a nesta ter\u00e7a-feira (10\/8). Os agentes das Regionais da Defesa Civil presentes nos munic\u00edpios de Juiz de Fora, Uberaba, Lavras, Divin\u00f3polis, Governador Valadares, Uberl\u00e2ndia, Patos de Minas, Montes Claros, Ipatinga, Barbacena, Curvelo, Te\u00f3filo Otoni, Una\u00ed, Pouso Alegre, Po\u00e7os de Caldas e Sete Lagoas v\u00e3o acionar os coordenadores municipais de Defesa Civil (Comdecs) para agendar a retirada dos kits.<\/p>\n<p style=\"text-align: justify;\">Na capital e na Regi\u00e3o Metropolitana de Belo Horizonte, a retirada ser\u00e1 no dep\u00f3sito central da Cedec.<\/p>\n<p style=\"text-align: justify;\"><strong>P\u00fablico priorit\u00e1rio<\/strong><\/p>\n<p style=\"text-align: justify;\">A partir da entrega das cestas b\u00e1sicas, cada munic\u00edpio deve identificar o p\u00fablico priorit\u00e1rio para o recebimento. Posteriormente, a cidade prestar\u00e1 contas ao Estado sobre a distribui\u00e7\u00e3o dos donativos.<\/p>\n<p style=\"text-align: justify;\">Em caso de d\u00favidas, os munic\u00edpios podem entrar em contato com a Defesa Civil Estadual, por meio do endere\u00e7o: defesacivil@defesacivil.mg.gov.br.<\/p>\n<p><em>Com informa\u00e7\u00f5es: Ag\u00eancia Minas. Foto: Marco Evangelista \/ Imprensa MG.<\/em><\/p>\n","protected":false},"excerpt":{"rendered":"<p>O\u00a0Gabinete Militar do Governador (GMG), por meio da\u00a0Coordenadoria Estadual de Defesa Civil (Cedec), vai distribuir 90 mil cestas b\u00e1sicas a todos os 853 munic\u00edpios de Minas Gerais. Cada munic\u00edpio ser\u00e1 contemplado com, no m\u00ednimo, 100 unidades.<\/p>\n","protected":false},"author":3,"featured_media":0,"comment_status":"open","ping_status":"open","sticky":false,"template":"","format":"standard","meta":[],"categories":[5],"tags":[],"yoast_head":"<!-- This site is optimized with the Yoast SEO plugin v15.6.2 - https:\/\/yoast.com\/wordpress\/plugins\/seo\/ -->\n<meta name=\"robots\" content=\"index, follow, max-snippet:-1, max-image-preview:large, max-video-preview:-1\" \/>\n<link rel=\"canonical\" href=\"http:\/\/www.polisrecreio.com.br\/site\/2021\/08\/10\/defesa-civil-estadual-vai-distribuir-90-mil-cestas-basicas-a-todos-os-853-municipios-de-mg\/\" \/>\n<meta property=\"og:locale\" content=\"pt_BR\" \/>\n<meta property=\"og:type\" content=\"article\" \/>\n<meta property=\"og:title\" content=\"Defesa Civil Estadual vai distribuir 90 mil cestas b\u00e1sicas a todos os 853 munic\u00edpios de MG - P\u00f3lis Recreio\" \/>\n<meta property=\"og:description\" content=\"O\u00a0Gabinete Militar do Governador (GMG), por meio da\u00a0Coordenadoria Estadual de Defesa Civil (Cedec), vai distribuir 90 mil cestas b\u00e1sicas a todos os 853 munic\u00edpios de Minas Gerais. Cada munic\u00edpio ser\u00e1 contemplado com, no m\u00ednimo, 100 unidades.\" \/>\n<meta property=\"og:url\" content=\"http:\/\/www.polisrecreio.com.br\/site\/2021\/08\/10\/defesa-civil-estadual-vai-distribuir-90-mil-cestas-basicas-a-todos-os-853-municipios-de-mg\/\" \/>\n<meta property=\"og:site_name\" content=\"P\u00f3lis Recreio\" \/>\n<meta property=\"article:publisher\" content=\"https:\/\/www.facebook.com\/Site-P%c3%b3lis-Recreio-MG-181941708571019\/\" \/>\n<meta property=\"article:published_time\" content=\"2021-08-10T22:29:09+00:00\" \/>\n<meta property=\"og:image\" content=\"http:\/\/www.polisrecreio.com.br\/site\/wp-content\/uploads\/2021\/08\/cesta_ba\u0301sica_solidariedade_mantimento_doac\u0327a\u0303o_alimento_-_credito_marco_evangelista.jpg\" \/>\n<meta name=\"twitter:card\" content=\"summary_large_image\" \/>\n<meta name=\"twitter:creator\" content=\"@PolisRecreio\" \/>\n<meta name=\"twitter:site\" content=\"@PolisRecreio\" \/>\n<meta name=\"twitter:label1\" content=\"Est. reading time\">\n\t<meta name=\"twitter:data1\" content=\"2 minutos\">\n<script type=\"application\/ld+json\" class=\"yoast-schema-graph\">{\"@context\":\"https:\/\/schema.org\",\"@graph\":[{\"@type\":\"WebSite\",\"@id\":\"https:\/\/www.polisrecreio.com.br\/site\/#website\",\"url\":\"https:\/\/www.polisrecreio.com.br\/site\/\",\"name\":\"P\\u00f3lis Recreio\",\"description\":\"\",\"potentialAction\":[{\"@type\":\"SearchAction\",\"target\":\"https:\/\/www.polisrecreio.com.br\/site\/?s={search_term_string}\",\"query-input\":\"required name=search_term_string\"}],\"inLanguage\":\"pt-BR\"},{\"@type\":\"ImageObject\",\"@id\":\"http:\/\/www.polisrecreio.com.br\/site\/2021\/08\/10\/defesa-civil-estadual-vai-distribuir-90-mil-cestas-basicas-a-todos-os-853-municipios-de-mg\/#primaryimage\",\"inLanguage\":\"pt-BR\",\"url\":\"http:\/\/www.polisrecreio.com.br\/site\/wp-content\/uploads\/2021\/08\/cesta_ba\\u0301sica_solidariedade_mantimento_doac\\u0327a\\u0303o_alimento_-_credito_marco_evangelista.jpg\"},{\"@type\":\"WebPage\",\"@id\":\"http:\/\/www.polisrecreio.com.br\/site\/2021\/08\/10\/defesa-civil-estadual-vai-distribuir-90-mil-cestas-basicas-a-todos-os-853-municipios-de-mg\/#webpage\",\"url\":\"http:\/\/www.polisrecreio.com.br\/site\/2021\/08\/10\/defesa-civil-estadual-vai-distribuir-90-mil-cestas-basicas-a-todos-os-853-municipios-de-mg\/\",\"name\":\"Defesa Civil Estadual vai distribuir 90 mil cestas b\\u00e1sicas a todos os 853 munic\\u00edpios de MG - P\\u00f3lis Recreio\",\"isPartOf\":{\"@id\":\"https:\/\/www.polisrecreio.com.br\/site\/#website\"},\"primaryImageOfPage\":{\"@id\":\"http:\/\/www.polisrecreio.com.br\/site\/2021\/08\/10\/defesa-civil-estadual-vai-distribuir-90-mil-cestas-basicas-a-todos-os-853-municipios-de-mg\/#primaryimage\"},\"datePublished\":\"2021-08-10T22:29:09+00:00\",\"dateModified\":\"2021-08-10T22:29:09+00:00\",\"author\":{\"@id\":\"https:\/\/www.polisrecreio.com.br\/site\/#\/schema\/person\/3363c1c78e1e28e1329d97adb387638e\"},\"inLanguage\":\"pt-BR\",\"potentialAction\":[{\"@type\":\"ReadAction\",\"target\":[\"http:\/\/www.polisrecreio.com.br\/site\/2021\/08\/10\/defesa-civil-estadual-vai-distribuir-90-mil-cestas-basicas-a-todos-os-853-municipios-de-mg\/\"]}]},{\"@type\":\"Person\",\"@id\":\"https:\/\/www.polisrecreio.com.br\/site\/#\/schema\/person\/3363c1c78e1e28e1329d97adb387638e\",\"name\":\"Leonardo Ribeiro\",\"image\":{\"@type\":\"ImageObject\",\"@id\":\"https:\/\/www.polisrecreio.com.br\/site\/#personlogo\",\"inLanguage\":\"pt-BR\",\"url\":\"https:\/\/secure.gravatar.com\/avatar\/6ba92a37d621e1a83e23710251178a12?s=96&d=mm&r=g\",\"caption\":\"Leonardo Ribeiro\"},\"sameAs\":[\"http:\/\/www.polisrecreio.com.br\"]}]}<\/script>\n<!-- \/ Yoast SEO plugin. -->","_links":{"self":[{"href":"https:\/\/www.polisrecreio.com.br\/site\/wp-json\/wp\/v2\/posts\/21207"}],"collection":[{"href":"https:\/\/www.polisrecreio.com.br\/site\/wp-json\/wp\/v2\/posts"}],"about":[{"href":"https:\/\/www.polisrecreio.com.br\/site\/wp-json\/wp\/v2\/types\/post"}],"author":[{"embeddable":true,"href":"https:\/\/www.polisrecreio.com.br\/site\/wp-json\/wp\/v2\/users\/3"}],"replies":[{"embeddable":true,"href":"https:\/\/www.polisrecreio.com.br\/site\/wp-json\/wp\/v2\/comments?post=21207"}],"version-history":[{"count":1,"href":"https:\/\/www.polisrecreio.com.br\/site\/wp-json\/wp\/v2\/posts\/21207\/revisions"}],"predecessor-version":[{"id":21209,"href":"https:\/\/www.polisrecreio.com.br\/site\/wp-json\/wp\/v2\/posts\/21207\/revisions\/21209"}],"wp:attachment":[{"href":"https:\/\/www.polisrecreio.com.br\/site\/wp-json\/wp\/v2\/media?parent=21207"}],"wp:term":[{"taxonomy":"category","embeddable":true,"href":"https:\/\/www.polisrecreio.com.br\/site\/wp-json\/wp\/v2\/categories?post=21207"},{"taxonomy":"post_tag","embeddable":true,"href":"https:\/\/www.polisrecreio.com.br\/site\/wp-json\/wp\/v2\/tags?post=21207"}],"curies":[{"name":"wp","href":"https:\/\/api.w.org\/{rel}","templated":true}]}}