{"id":21210,"date":"2021-08-11T11:39:21","date_gmt":"2021-08-11T14:39:21","guid":{"rendered":"http:\/\/www.polisrecreio.com.br\/site\/?p=21210"},"modified":"2021-08-11T11:39:21","modified_gmt":"2021-08-11T14:39:21","slug":"abastecimento-de-agua-em-recreio-esta-suspenso-ate-as-16h-desta-quarta-feira-11","status":"publish","type":"post","link":"https:\/\/www.polisrecreio.com.br\/site\/2021\/08\/11\/abastecimento-de-agua-em-recreio-esta-suspenso-ate-as-16h-desta-quarta-feira-11\/","title":{"rendered":"Abastecimento de \u00e1gua em Recreio est\u00e1 suspenso at\u00e9 \u00e0s 16h desta quarta-feira (11)"},"content":{"rendered":"<p style=\"text-align: justify;\">Na manh\u00e3 desta quarta-feira (11), o SAAE comunicou que o abastecimento de \u00e1gua em Recreio est\u00e1 suspenso at\u00e9 \u00e0s 16h, por causa de rompimento na rede.<\/p>\n<p><!--more--><\/p>\n<figure id=\"attachment_15229\" aria-describedby=\"caption-attachment-15229\" style=\"width: 750px\" class=\"wp-caption aligncenter\"><a href=\"http:\/\/www.polisrecreio.com.br\/site\/wp-content\/uploads\/2019\/09\/DSC_0161.jpg\"><img loading=\"lazy\" class=\"size-full wp-image-15229\" src=\"http:\/\/www.polisrecreio.com.br\/site\/wp-content\/uploads\/2019\/09\/DSC_0161.jpg\" alt=\"\" width=\"750\" height=\"500\" srcset=\"https:\/\/www.polisrecreio.com.br\/site\/wp-content\/uploads\/2019\/09\/DSC_0161.jpg 750w, https:\/\/www.polisrecreio.com.br\/site\/wp-content\/uploads\/2019\/09\/DSC_0161-300x200.jpg 300w\" sizes=\"(max-width: 750px) 100vw, 750px\" \/><\/a><figcaption id=\"caption-attachment-15229\" class=\"wp-caption-text\">Esta\u00e7\u00e3o de Tratamento de \u00c1gua de Recreio.<\/figcaption><\/figure>\n<p style=\"text-align: justify;\">Segundo informa\u00e7\u00f5es, o rompimento aconteceu na adutora que leva a \u00e1gua bruta para o tratamento na Esta\u00e7\u00e3o \u201cETA\u201d, no Alto do Asilo.<\/p>\n<p style=\"text-align: justify;\">O comunicado foi feito pelo carro de som da Sonoriza\u00e7\u00e3o Medeiros pelas ruas da cidade.<\/p>\n","protected":false},"excerpt":{"rendered":"<p>Na manh\u00e3 desta quarta-feira (11), o SAAE comunicou que o abastecimento de \u00e1gua em Recreio est\u00e1 suspenso at\u00e9 \u00e0s 16h, por causa de rompimento na rede.<\/p>\n","protected":false},"author":3,"featured_media":0,"comment_status":"open","ping_status":"open","sticky":false,"template":"","format":"standard","meta":[],"categories":[6],"tags":[],"yoast_head":"<!-- This site is optimized with the Yoast SEO plugin v15.6.2 - https:\/\/yoast.com\/wordpress\/plugins\/seo\/ -->\n<meta name=\"robots\" content=\"index, follow, max-snippet:-1, max-image-preview:large, max-video-preview:-1\" \/>\n<link rel=\"canonical\" href=\"https:\/\/www.polisrecreio.com.br\/site\/2021\/08\/11\/abastecimento-de-agua-em-recreio-esta-suspenso-ate-as-16h-desta-quarta-feira-11\/\" \/>\n<meta property=\"og:locale\" content=\"pt_BR\" \/>\n<meta property=\"og:type\" content=\"article\" \/>\n<meta property=\"og:title\" content=\"Abastecimento de \u00e1gua em Recreio est\u00e1 suspenso at\u00e9 \u00e0s 16h desta quarta-feira (11) - P\u00f3lis Recreio\" \/>\n<meta property=\"og:description\" content=\"Na manh\u00e3 desta quarta-feira (11), o SAAE comunicou que o abastecimento de \u00e1gua em Recreio est\u00e1 suspenso at\u00e9 \u00e0s 16h, por causa de rompimento na rede.\" \/>\n<meta property=\"og:url\" content=\"https:\/\/www.polisrecreio.com.br\/site\/2021\/08\/11\/abastecimento-de-agua-em-recreio-esta-suspenso-ate-as-16h-desta-quarta-feira-11\/\" \/>\n<meta property=\"og:site_name\" content=\"P\u00f3lis Recreio\" \/>\n<meta property=\"article:publisher\" content=\"https:\/\/www.facebook.com\/Site-P%c3%b3lis-Recreio-MG-181941708571019\/\" \/>\n<meta property=\"article:published_time\" content=\"2021-08-11T14:39:21+00:00\" \/>\n<meta property=\"og:image\" content=\"http:\/\/www.polisrecreio.com.br\/site\/wp-content\/uploads\/2019\/09\/DSC_0161.jpg\" \/>\n<meta name=\"twitter:card\" content=\"summary_large_image\" \/>\n<meta name=\"twitter:creator\" content=\"@PolisRecreio\" \/>\n<meta name=\"twitter:site\" content=\"@PolisRecreio\" \/>\n<meta name=\"twitter:label1\" content=\"Est. reading time\">\n\t<meta name=\"twitter:data1\" content=\"1 minuto\">\n<script type=\"application\/ld+json\" class=\"yoast-schema-graph\">{\"@context\":\"https:\/\/schema.org\",\"@graph\":[{\"@type\":\"WebSite\",\"@id\":\"https:\/\/www.polisrecreio.com.br\/site\/#website\",\"url\":\"https:\/\/www.polisrecreio.com.br\/site\/\",\"name\":\"P\\u00f3lis Recreio\",\"description\":\"\",\"potentialAction\":[{\"@type\":\"SearchAction\",\"target\":\"https:\/\/www.polisrecreio.com.br\/site\/?s={search_term_string}\",\"query-input\":\"required name=search_term_string\"}],\"inLanguage\":\"pt-BR\"},{\"@type\":\"ImageObject\",\"@id\":\"https:\/\/www.polisrecreio.com.br\/site\/2021\/08\/11\/abastecimento-de-agua-em-recreio-esta-suspenso-ate-as-16h-desta-quarta-feira-11\/#primaryimage\",\"inLanguage\":\"pt-BR\",\"url\":\"http:\/\/www.polisrecreio.com.br\/site\/wp-content\/uploads\/2019\/09\/DSC_0161.jpg\"},{\"@type\":\"WebPage\",\"@id\":\"https:\/\/www.polisrecreio.com.br\/site\/2021\/08\/11\/abastecimento-de-agua-em-recreio-esta-suspenso-ate-as-16h-desta-quarta-feira-11\/#webpage\",\"url\":\"https:\/\/www.polisrecreio.com.br\/site\/2021\/08\/11\/abastecimento-de-agua-em-recreio-esta-suspenso-ate-as-16h-desta-quarta-feira-11\/\",\"name\":\"Abastecimento de \\u00e1gua em Recreio est\\u00e1 suspenso at\\u00e9 \\u00e0s 16h desta quarta-feira (11) - P\\u00f3lis Recreio\",\"isPartOf\":{\"@id\":\"https:\/\/www.polisrecreio.com.br\/site\/#website\"},\"primaryImageOfPage\":{\"@id\":\"https:\/\/www.polisrecreio.com.br\/site\/2021\/08\/11\/abastecimento-de-agua-em-recreio-esta-suspenso-ate-as-16h-desta-quarta-feira-11\/#primaryimage\"},\"datePublished\":\"2021-08-11T14:39:21+00:00\",\"dateModified\":\"2021-08-11T14:39:21+00:00\",\"author\":{\"@id\":\"https:\/\/www.polisrecreio.com.br\/site\/#\/schema\/person\/3363c1c78e1e28e1329d97adb387638e\"},\"inLanguage\":\"pt-BR\",\"potentialAction\":[{\"@type\":\"ReadAction\",\"target\":[\"https:\/\/www.polisrecreio.com.br\/site\/2021\/08\/11\/abastecimento-de-agua-em-recreio-esta-suspenso-ate-as-16h-desta-quarta-feira-11\/\"]}]},{\"@type\":\"Person\",\"@id\":\"https:\/\/www.polisrecreio.com.br\/site\/#\/schema\/person\/3363c1c78e1e28e1329d97adb387638e\",\"name\":\"Leonardo Ribeiro\",\"image\":{\"@type\":\"ImageObject\",\"@id\":\"https:\/\/www.polisrecreio.com.br\/site\/#personlogo\",\"inLanguage\":\"pt-BR\",\"url\":\"https:\/\/secure.gravatar.com\/avatar\/6ba92a37d621e1a83e23710251178a12?s=96&d=mm&r=g\",\"caption\":\"Leonardo Ribeiro\"},\"sameAs\":[\"http:\/\/www.polisrecreio.com.br\"]}]}<\/script>\n<!-- \/ Yoast SEO plugin. -->","_links":{"self":[{"href":"https:\/\/www.polisrecreio.com.br\/site\/wp-json\/wp\/v2\/posts\/21210"}],"collection":[{"href":"https:\/\/www.polisrecreio.com.br\/site\/wp-json\/wp\/v2\/posts"}],"about":[{"href":"https:\/\/www.polisrecreio.com.br\/site\/wp-json\/wp\/v2\/types\/post"}],"author":[{"embeddable":true,"href":"https:\/\/www.polisrecreio.com.br\/site\/wp-json\/wp\/v2\/users\/3"}],"replies":[{"embeddable":true,"href":"https:\/\/www.polisrecreio.com.br\/site\/wp-json\/wp\/v2\/comments?post=21210"}],"version-history":[{"count":1,"href":"https:\/\/www.polisrecreio.com.br\/site\/wp-json\/wp\/v2\/posts\/21210\/revisions"}],"predecessor-version":[{"id":21211,"href":"https:\/\/www.polisrecreio.com.br\/site\/wp-json\/wp\/v2\/posts\/21210\/revisions\/21211"}],"wp:attachment":[{"href":"https:\/\/www.polisrecreio.com.br\/site\/wp-json\/wp\/v2\/media?parent=21210"}],"wp:term":[{"taxonomy":"category","embeddable":true,"href":"https:\/\/www.polisrecreio.com.br\/site\/wp-json\/wp\/v2\/categories?post=21210"},{"taxonomy":"post_tag","embeddable":true,"href":"https:\/\/www.polisrecreio.com.br\/site\/wp-json\/wp\/v2\/tags?post=21210"}],"curies":[{"name":"wp","href":"https:\/\/api.w.org\/{rel}","templated":true}]}}