{"id":21212,"date":"2021-08-11T13:41:15","date_gmt":"2021-08-11T16:41:15","guid":{"rendered":"http:\/\/www.polisrecreio.com.br\/site\/?p=21212"},"modified":"2021-08-11T13:43:22","modified_gmt":"2021-08-11T16:43:22","slug":"e-e-pres-carlos-luz-distribui-kits-de-alimentacao-a-partir-desta-quinta-feira-12","status":"publish","type":"post","link":"https:\/\/www.polisrecreio.com.br\/site\/2021\/08\/11\/e-e-pres-carlos-luz-distribui-kits-de-alimentacao-a-partir-desta-quinta-feira-12\/","title":{"rendered":"E.E. Pres. Carlos Luz distribui kits de alimenta\u00e7\u00e3o a partir desta quinta-feira (12)"},"content":{"rendered":"<p style=\"text-align: justify;\">A E.E. Presidente Carlos Luz, do distrito de Concei\u00e7\u00e3o da Boa Vista, distribui os kits de alimenta\u00e7\u00e3o escolar para todos os alunos a partir desta quinta-feira (12).<\/p>\n<p><!--more--><\/p>\n<figure id=\"attachment_14677\" aria-describedby=\"caption-attachment-14677\" style=\"width: 750px\" class=\"wp-caption aligncenter\"><a href=\"http:\/\/www.polisrecreio.com.br\/site\/wp-content\/uploads\/2019\/07\/DSC_0309.jpg\"><img loading=\"lazy\" class=\"size-full wp-image-14677\" src=\"http:\/\/www.polisrecreio.com.br\/site\/wp-content\/uploads\/2019\/07\/DSC_0309.jpg\" alt=\"\" width=\"750\" height=\"500\" srcset=\"https:\/\/www.polisrecreio.com.br\/site\/wp-content\/uploads\/2019\/07\/DSC_0309.jpg 750w, https:\/\/www.polisrecreio.com.br\/site\/wp-content\/uploads\/2019\/07\/DSC_0309-300x200.jpg 300w\" sizes=\"(max-width: 750px) 100vw, 750px\" \/><\/a><figcaption id=\"caption-attachment-14677\" class=\"wp-caption-text\">E.E. Presidente Carlos Luz.<\/figcaption><\/figure>\n<p style=\"text-align: justify;\">O pai, m\u00e3e ou respons\u00e1vel pelo estudante deve estar acompanhado do documento de CPF ou RG. A distribui\u00e7\u00e3o acontece em dois hor\u00e1rios: 8h \u00e0s 11h e de 12:30h \u00e0s 15:30h. A orienta\u00e7\u00e3o da dire\u00e7\u00e3o \u00e9 para que todos estejam de m\u00e1scara e que haja respeito ao distanciamento social.<\/p>\n<p style=\"text-align: justify;\">As aulas presenciais est\u00e3o suspensas na Escola desde mar\u00e7o de 2020, por causa da pandemia da covid-19.<\/p>\n","protected":false},"excerpt":{"rendered":"<p>A E.E. Presidente Carlos Luz, do distrito de Concei\u00e7\u00e3o da Boa Vista, distribui os kits de alimenta\u00e7\u00e3o escolar para todos os alunos a partir desta quinta-feira (12).<\/p>\n","protected":false},"author":3,"featured_media":0,"comment_status":"open","ping_status":"open","sticky":false,"template":"","format":"standard","meta":[],"categories":[9],"tags":[],"yoast_head":"<!-- This site is optimized with the Yoast SEO plugin v15.6.2 - https:\/\/yoast.com\/wordpress\/plugins\/seo\/ -->\n<meta name=\"robots\" content=\"index, follow, max-snippet:-1, max-image-preview:large, max-video-preview:-1\" \/>\n<link rel=\"canonical\" href=\"http:\/\/www.polisrecreio.com.br\/site\/2021\/08\/11\/e-e-pres-carlos-luz-distribui-kits-de-alimentacao-a-partir-desta-quinta-feira-12\/\" \/>\n<meta property=\"og:locale\" content=\"pt_BR\" \/>\n<meta property=\"og:type\" content=\"article\" \/>\n<meta property=\"og:title\" content=\"E.E. Pres. Carlos Luz distribui kits de alimenta\u00e7\u00e3o a partir desta quinta-feira (12) - P\u00f3lis Recreio\" \/>\n<meta property=\"og:description\" content=\"A E.E. Presidente Carlos Luz, do distrito de Concei\u00e7\u00e3o da Boa Vista, distribui os kits de alimenta\u00e7\u00e3o escolar para todos os alunos a partir desta quinta-feira (12).\" \/>\n<meta property=\"og:url\" content=\"http:\/\/www.polisrecreio.com.br\/site\/2021\/08\/11\/e-e-pres-carlos-luz-distribui-kits-de-alimentacao-a-partir-desta-quinta-feira-12\/\" \/>\n<meta property=\"og:site_name\" content=\"P\u00f3lis Recreio\" \/>\n<meta property=\"article:publisher\" content=\"https:\/\/www.facebook.com\/Site-P%c3%b3lis-Recreio-MG-181941708571019\/\" \/>\n<meta property=\"article:published_time\" content=\"2021-08-11T16:41:15+00:00\" \/>\n<meta property=\"article:modified_time\" content=\"2021-08-11T16:43:22+00:00\" \/>\n<meta property=\"og:image\" content=\"http:\/\/www.polisrecreio.com.br\/site\/wp-content\/uploads\/2019\/07\/DSC_0309.jpg\" \/>\n<meta name=\"twitter:card\" content=\"summary_large_image\" \/>\n<meta name=\"twitter:creator\" content=\"@PolisRecreio\" \/>\n<meta name=\"twitter:site\" content=\"@PolisRecreio\" \/>\n<meta name=\"twitter:label1\" content=\"Est. reading time\">\n\t<meta name=\"twitter:data1\" content=\"1 minuto\">\n<script type=\"application\/ld+json\" class=\"yoast-schema-graph\">{\"@context\":\"https:\/\/schema.org\",\"@graph\":[{\"@type\":\"WebSite\",\"@id\":\"https:\/\/www.polisrecreio.com.br\/site\/#website\",\"url\":\"https:\/\/www.polisrecreio.com.br\/site\/\",\"name\":\"P\\u00f3lis Recreio\",\"description\":\"\",\"potentialAction\":[{\"@type\":\"SearchAction\",\"target\":\"https:\/\/www.polisrecreio.com.br\/site\/?s={search_term_string}\",\"query-input\":\"required name=search_term_string\"}],\"inLanguage\":\"pt-BR\"},{\"@type\":\"ImageObject\",\"@id\":\"http:\/\/www.polisrecreio.com.br\/site\/2021\/08\/11\/e-e-pres-carlos-luz-distribui-kits-de-alimentacao-a-partir-desta-quinta-feira-12\/#primaryimage\",\"inLanguage\":\"pt-BR\",\"url\":\"http:\/\/www.polisrecreio.com.br\/site\/wp-content\/uploads\/2019\/07\/DSC_0309.jpg\"},{\"@type\":\"WebPage\",\"@id\":\"http:\/\/www.polisrecreio.com.br\/site\/2021\/08\/11\/e-e-pres-carlos-luz-distribui-kits-de-alimentacao-a-partir-desta-quinta-feira-12\/#webpage\",\"url\":\"http:\/\/www.polisrecreio.com.br\/site\/2021\/08\/11\/e-e-pres-carlos-luz-distribui-kits-de-alimentacao-a-partir-desta-quinta-feira-12\/\",\"name\":\"E.E. Pres. Carlos Luz distribui kits de alimenta\\u00e7\\u00e3o a partir desta quinta-feira (12) - P\\u00f3lis Recreio\",\"isPartOf\":{\"@id\":\"https:\/\/www.polisrecreio.com.br\/site\/#website\"},\"primaryImageOfPage\":{\"@id\":\"http:\/\/www.polisrecreio.com.br\/site\/2021\/08\/11\/e-e-pres-carlos-luz-distribui-kits-de-alimentacao-a-partir-desta-quinta-feira-12\/#primaryimage\"},\"datePublished\":\"2021-08-11T16:41:15+00:00\",\"dateModified\":\"2021-08-11T16:43:22+00:00\",\"author\":{\"@id\":\"https:\/\/www.polisrecreio.com.br\/site\/#\/schema\/person\/3363c1c78e1e28e1329d97adb387638e\"},\"inLanguage\":\"pt-BR\",\"potentialAction\":[{\"@type\":\"ReadAction\",\"target\":[\"http:\/\/www.polisrecreio.com.br\/site\/2021\/08\/11\/e-e-pres-carlos-luz-distribui-kits-de-alimentacao-a-partir-desta-quinta-feira-12\/\"]}]},{\"@type\":\"Person\",\"@id\":\"https:\/\/www.polisrecreio.com.br\/site\/#\/schema\/person\/3363c1c78e1e28e1329d97adb387638e\",\"name\":\"Leonardo Ribeiro\",\"image\":{\"@type\":\"ImageObject\",\"@id\":\"https:\/\/www.polisrecreio.com.br\/site\/#personlogo\",\"inLanguage\":\"pt-BR\",\"url\":\"https:\/\/secure.gravatar.com\/avatar\/6ba92a37d621e1a83e23710251178a12?s=96&d=mm&r=g\",\"caption\":\"Leonardo Ribeiro\"},\"sameAs\":[\"http:\/\/www.polisrecreio.com.br\"]}]}<\/script>\n<!-- \/ Yoast SEO plugin. -->","_links":{"self":[{"href":"https:\/\/www.polisrecreio.com.br\/site\/wp-json\/wp\/v2\/posts\/21212"}],"collection":[{"href":"https:\/\/www.polisrecreio.com.br\/site\/wp-json\/wp\/v2\/posts"}],"about":[{"href":"https:\/\/www.polisrecreio.com.br\/site\/wp-json\/wp\/v2\/types\/post"}],"author":[{"embeddable":true,"href":"https:\/\/www.polisrecreio.com.br\/site\/wp-json\/wp\/v2\/users\/3"}],"replies":[{"embeddable":true,"href":"https:\/\/www.polisrecreio.com.br\/site\/wp-json\/wp\/v2\/comments?post=21212"}],"version-history":[{"count":3,"href":"https:\/\/www.polisrecreio.com.br\/site\/wp-json\/wp\/v2\/posts\/21212\/revisions"}],"predecessor-version":[{"id":21215,"href":"https:\/\/www.polisrecreio.com.br\/site\/wp-json\/wp\/v2\/posts\/21212\/revisions\/21215"}],"wp:attachment":[{"href":"https:\/\/www.polisrecreio.com.br\/site\/wp-json\/wp\/v2\/media?parent=21212"}],"wp:term":[{"taxonomy":"category","embeddable":true,"href":"https:\/\/www.polisrecreio.com.br\/site\/wp-json\/wp\/v2\/categories?post=21212"},{"taxonomy":"post_tag","embeddable":true,"href":"https:\/\/www.polisrecreio.com.br\/site\/wp-json\/wp\/v2\/tags?post=21212"}],"curies":[{"name":"wp","href":"https:\/\/api.w.org\/{rel}","templated":true}]}}