{"id":21216,"date":"2021-08-12T07:44:59","date_gmt":"2021-08-12T10:44:59","guid":{"rendered":"http:\/\/www.polisrecreio.com.br\/site\/?p=21216"},"modified":"2021-08-12T07:44:59","modified_gmt":"2021-08-12T10:44:59","slug":"nesta-quinta-feira-12-tem-vacinacao-contra-covid-19-em-recreio","status":"publish","type":"post","link":"https:\/\/www.polisrecreio.com.br\/site\/2021\/08\/12\/nesta-quinta-feira-12-tem-vacinacao-contra-covid-19-em-recreio\/","title":{"rendered":"Nesta quinta-feira (12) tem vacina\u00e7\u00e3o contra covid-19 em Recreio"},"content":{"rendered":"<p style=\"text-align: justify;\">Nesta quinta-feira (12) tem vacina\u00e7\u00e3o contra a covid-19 em Recreio. A campanha continua imunizando as pessoas a partir de 18 anos de idade, sem comorbidades, em todas as Unidades B\u00e1sicas de Sa\u00fade.<\/p>\n<p><!--more--><\/p>\n<p><a href=\"http:\/\/www.polisrecreio.com.br\/site\/wp-content\/uploads\/2021\/07\/51049468978_34e6625226_k-1.jpg\"><img loading=\"lazy\" class=\"aligncenter size-full wp-image-21124\" src=\"http:\/\/www.polisrecreio.com.br\/site\/wp-content\/uploads\/2021\/07\/51049468978_34e6625226_k-1.jpg\" alt=\"\" width=\"750\" height=\"500\" srcset=\"https:\/\/www.polisrecreio.com.br\/site\/wp-content\/uploads\/2021\/07\/51049468978_34e6625226_k-1.jpg 750w, https:\/\/www.polisrecreio.com.br\/site\/wp-content\/uploads\/2021\/07\/51049468978_34e6625226_k-1-300x200.jpg 300w\" sizes=\"(max-width: 750px) 100vw, 750px\" \/><\/a><\/p>\n<p style=\"text-align: justify;\">As senhas ser\u00e3o distribu\u00eddas a partir das 12:30h. As aplica\u00e7\u00f5es acontecem de 13h \u00e0s 15:30h. Todos devem levar Cart\u00e3o do SUS, RG e CPF.<\/p>\n<p style=\"text-align: justify;\">At\u00e9 o momento Recreio j\u00e1 imunizou quase 60% da popula\u00e7\u00e3o com a primeira dose. 26,22% da popula\u00e7\u00e3o tomou as duas doses ou a dose \u00fanica.<\/p>\n","protected":false},"excerpt":{"rendered":"<p>Nesta quinta-feira (12) tem vacina\u00e7\u00e3o contra a covid-19 em Recreio. A campanha continua imunizando as pessoas a partir de 18 anos de idade, sem comorbidades, em todas as Unidades B\u00e1sicas de Sa\u00fade.<\/p>\n","protected":false},"author":3,"featured_media":0,"comment_status":"open","ping_status":"open","sticky":false,"template":"","format":"standard","meta":[],"categories":[7],"tags":[],"yoast_head":"<!-- This site is optimized with the Yoast SEO plugin v15.6.2 - https:\/\/yoast.com\/wordpress\/plugins\/seo\/ -->\n<meta name=\"robots\" content=\"index, follow, max-snippet:-1, max-image-preview:large, max-video-preview:-1\" \/>\n<link rel=\"canonical\" href=\"http:\/\/www.polisrecreio.com.br\/site\/2021\/08\/12\/nesta-quinta-feira-12-tem-vacinacao-contra-covid-19-em-recreio\/\" \/>\n<meta property=\"og:locale\" content=\"pt_BR\" \/>\n<meta property=\"og:type\" content=\"article\" \/>\n<meta property=\"og:title\" content=\"Nesta quinta-feira (12) tem vacina\u00e7\u00e3o contra covid-19 em Recreio - P\u00f3lis Recreio\" \/>\n<meta property=\"og:description\" content=\"Nesta quinta-feira (12) tem vacina\u00e7\u00e3o contra a covid-19 em Recreio. A campanha continua imunizando as pessoas a partir de 18 anos de idade, sem comorbidades, em todas as Unidades B\u00e1sicas de Sa\u00fade.\" \/>\n<meta property=\"og:url\" content=\"http:\/\/www.polisrecreio.com.br\/site\/2021\/08\/12\/nesta-quinta-feira-12-tem-vacinacao-contra-covid-19-em-recreio\/\" \/>\n<meta property=\"og:site_name\" content=\"P\u00f3lis Recreio\" \/>\n<meta property=\"article:publisher\" content=\"https:\/\/www.facebook.com\/Site-P%c3%b3lis-Recreio-MG-181941708571019\/\" \/>\n<meta property=\"article:published_time\" content=\"2021-08-12T10:44:59+00:00\" \/>\n<meta property=\"og:image\" content=\"http:\/\/www.polisrecreio.com.br\/site\/wp-content\/uploads\/2021\/07\/51049468978_34e6625226_k-1.jpg\" \/>\n<meta name=\"twitter:card\" content=\"summary_large_image\" \/>\n<meta name=\"twitter:creator\" content=\"@PolisRecreio\" \/>\n<meta name=\"twitter:site\" content=\"@PolisRecreio\" \/>\n<meta name=\"twitter:label1\" content=\"Est. reading time\">\n\t<meta name=\"twitter:data1\" content=\"1 minuto\">\n<script type=\"application\/ld+json\" class=\"yoast-schema-graph\">{\"@context\":\"https:\/\/schema.org\",\"@graph\":[{\"@type\":\"WebSite\",\"@id\":\"https:\/\/www.polisrecreio.com.br\/site\/#website\",\"url\":\"https:\/\/www.polisrecreio.com.br\/site\/\",\"name\":\"P\\u00f3lis Recreio\",\"description\":\"\",\"potentialAction\":[{\"@type\":\"SearchAction\",\"target\":\"https:\/\/www.polisrecreio.com.br\/site\/?s={search_term_string}\",\"query-input\":\"required name=search_term_string\"}],\"inLanguage\":\"pt-BR\"},{\"@type\":\"ImageObject\",\"@id\":\"http:\/\/www.polisrecreio.com.br\/site\/2021\/08\/12\/nesta-quinta-feira-12-tem-vacinacao-contra-covid-19-em-recreio\/#primaryimage\",\"inLanguage\":\"pt-BR\",\"url\":\"http:\/\/www.polisrecreio.com.br\/site\/wp-content\/uploads\/2021\/07\/51049468978_34e6625226_k-1.jpg\"},{\"@type\":\"WebPage\",\"@id\":\"http:\/\/www.polisrecreio.com.br\/site\/2021\/08\/12\/nesta-quinta-feira-12-tem-vacinacao-contra-covid-19-em-recreio\/#webpage\",\"url\":\"http:\/\/www.polisrecreio.com.br\/site\/2021\/08\/12\/nesta-quinta-feira-12-tem-vacinacao-contra-covid-19-em-recreio\/\",\"name\":\"Nesta quinta-feira (12) tem vacina\\u00e7\\u00e3o contra covid-19 em Recreio - P\\u00f3lis Recreio\",\"isPartOf\":{\"@id\":\"https:\/\/www.polisrecreio.com.br\/site\/#website\"},\"primaryImageOfPage\":{\"@id\":\"http:\/\/www.polisrecreio.com.br\/site\/2021\/08\/12\/nesta-quinta-feira-12-tem-vacinacao-contra-covid-19-em-recreio\/#primaryimage\"},\"datePublished\":\"2021-08-12T10:44:59+00:00\",\"dateModified\":\"2021-08-12T10:44:59+00:00\",\"author\":{\"@id\":\"https:\/\/www.polisrecreio.com.br\/site\/#\/schema\/person\/3363c1c78e1e28e1329d97adb387638e\"},\"inLanguage\":\"pt-BR\",\"potentialAction\":[{\"@type\":\"ReadAction\",\"target\":[\"http:\/\/www.polisrecreio.com.br\/site\/2021\/08\/12\/nesta-quinta-feira-12-tem-vacinacao-contra-covid-19-em-recreio\/\"]}]},{\"@type\":\"Person\",\"@id\":\"https:\/\/www.polisrecreio.com.br\/site\/#\/schema\/person\/3363c1c78e1e28e1329d97adb387638e\",\"name\":\"Leonardo Ribeiro\",\"image\":{\"@type\":\"ImageObject\",\"@id\":\"https:\/\/www.polisrecreio.com.br\/site\/#personlogo\",\"inLanguage\":\"pt-BR\",\"url\":\"https:\/\/secure.gravatar.com\/avatar\/6ba92a37d621e1a83e23710251178a12?s=96&d=mm&r=g\",\"caption\":\"Leonardo Ribeiro\"},\"sameAs\":[\"http:\/\/www.polisrecreio.com.br\"]}]}<\/script>\n<!-- \/ Yoast SEO plugin. -->","_links":{"self":[{"href":"https:\/\/www.polisrecreio.com.br\/site\/wp-json\/wp\/v2\/posts\/21216"}],"collection":[{"href":"https:\/\/www.polisrecreio.com.br\/site\/wp-json\/wp\/v2\/posts"}],"about":[{"href":"https:\/\/www.polisrecreio.com.br\/site\/wp-json\/wp\/v2\/types\/post"}],"author":[{"embeddable":true,"href":"https:\/\/www.polisrecreio.com.br\/site\/wp-json\/wp\/v2\/users\/3"}],"replies":[{"embeddable":true,"href":"https:\/\/www.polisrecreio.com.br\/site\/wp-json\/wp\/v2\/comments?post=21216"}],"version-history":[{"count":1,"href":"https:\/\/www.polisrecreio.com.br\/site\/wp-json\/wp\/v2\/posts\/21216\/revisions"}],"predecessor-version":[{"id":21217,"href":"https:\/\/www.polisrecreio.com.br\/site\/wp-json\/wp\/v2\/posts\/21216\/revisions\/21217"}],"wp:attachment":[{"href":"https:\/\/www.polisrecreio.com.br\/site\/wp-json\/wp\/v2\/media?parent=21216"}],"wp:term":[{"taxonomy":"category","embeddable":true,"href":"https:\/\/www.polisrecreio.com.br\/site\/wp-json\/wp\/v2\/categories?post=21216"},{"taxonomy":"post_tag","embeddable":true,"href":"https:\/\/www.polisrecreio.com.br\/site\/wp-json\/wp\/v2\/tags?post=21216"}],"curies":[{"name":"wp","href":"https:\/\/api.w.org\/{rel}","templated":true}]}}