{"id":21218,"date":"2021-08-12T18:51:45","date_gmt":"2021-08-12T21:51:45","guid":{"rendered":"http:\/\/www.polisrecreio.com.br\/site\/?p=21218"},"modified":"2021-08-12T18:51:45","modified_gmt":"2021-08-12T21:51:45","slug":"recreio-volta-registrar-caso-de-hospitalizacao-por-covid-19","status":"publish","type":"post","link":"https:\/\/www.polisrecreio.com.br\/site\/2021\/08\/12\/recreio-volta-registrar-caso-de-hospitalizacao-por-covid-19\/","title":{"rendered":"Recreio volta registrar caso de hospitaliza\u00e7\u00e3o por covid-19"},"content":{"rendered":"<p style=\"text-align: justify;\">Ap\u00f3s tr\u00eas semanas sem interna\u00e7\u00f5es, Recreio voltou a registrar uma hospitaliza\u00e7\u00e3o por covid-19. Outra informa\u00e7\u00e3o de alerta \u00e9 o aumento de casos ativos em rela\u00e7\u00e3o ao in\u00edcio da semana.<\/p>\n<p><!--more--><\/p>\n<figure id=\"attachment_20023\" aria-describedby=\"caption-attachment-20023\" style=\"width: 650px\" class=\"wp-caption aligncenter\"><a href=\"http:\/\/www.polisrecreio.com.br\/site\/wp-content\/uploads\/2021\/03\/100_3832.jpg\"><img loading=\"lazy\" class=\"size-full wp-image-20023\" src=\"http:\/\/www.polisrecreio.com.br\/site\/wp-content\/uploads\/2021\/03\/100_3832.jpg\" alt=\"\" width=\"650\" height=\"437\" srcset=\"https:\/\/www.polisrecreio.com.br\/site\/wp-content\/uploads\/2021\/03\/100_3832.jpg 650w, https:\/\/www.polisrecreio.com.br\/site\/wp-content\/uploads\/2021\/03\/100_3832-300x202.jpg 300w\" sizes=\"(max-width: 650px) 100vw, 650px\" \/><\/a><figcaption id=\"caption-attachment-20023\" class=\"wp-caption-text\">Pra\u00e7a dos Ferrovi\u00e1rios: Foto: Arquivo.<\/figcaption><\/figure>\n<p style=\"text-align: justify;\">O \u00faltimo boletim epidemiol\u00f3gico com dados de interna\u00e7\u00e3o foi divulgado em 23 de julho. O paciente acabou falecendo.<\/p>\n<p style=\"text-align: justify;\">Em compara\u00e7\u00e3o com o in\u00edcio desta semana houve um aumento de 14 casos ativos para 19, conforme boletim atualizado nesta quinta-feira (12).<\/p>\n<p>Desde o in\u00edcio da pandemia o Site P\u00f3lis n\u00e3o divulga nomes por quest\u00f5es \u00e9ticas.<\/p>\n<p style=\"text-align: justify;\">Dados da semana at\u00e9 o momento:<\/p>\n<ul>\n<li style=\"text-align: justify;\">Segunda-feira \u2013 0 positivo;<\/li>\n<li style=\"text-align: justify;\">Ter\u00e7a-feira \u2013 1 positivo;<\/li>\n<li style=\"text-align: justify;\">Quarta-feira \u2013 2 positivos;<\/li>\n<li style=\"text-align: justify;\">Quinta-feira \u2013 2 positivos (1 internado).<\/li>\n<\/ul>\n<p><a href=\"http:\/\/www.polisrecreio.com.br\/site\/wp-content\/uploads\/2021\/08\/boletim120821.jpg\"><img loading=\"lazy\" class=\"aligncenter size-full wp-image-21219\" src=\"http:\/\/www.polisrecreio.com.br\/site\/wp-content\/uploads\/2021\/08\/boletim120821.jpg\" alt=\"\" width=\"960\" height=\"640\" srcset=\"https:\/\/www.polisrecreio.com.br\/site\/wp-content\/uploads\/2021\/08\/boletim120821.jpg 960w, https:\/\/www.polisrecreio.com.br\/site\/wp-content\/uploads\/2021\/08\/boletim120821-300x200.jpg 300w, https:\/\/www.polisrecreio.com.br\/site\/wp-content\/uploads\/2021\/08\/boletim120821-768x512.jpg 768w\" sizes=\"(max-width: 960px) 100vw, 960px\" \/><\/a><\/p>\n","protected":false},"excerpt":{"rendered":"<p>Ap\u00f3s tr\u00eas semanas sem interna\u00e7\u00f5es, Recreio voltou a registrar uma hospitaliza\u00e7\u00e3o por covid-19. Outra informa\u00e7\u00e3o de alerta \u00e9 o aumento de casos ativos em rela\u00e7\u00e3o ao in\u00edcio da semana.<\/p>\n","protected":false},"author":3,"featured_media":0,"comment_status":"open","ping_status":"open","sticky":false,"template":"","format":"standard","meta":[],"categories":[7],"tags":[],"yoast_head":"<!-- This site is optimized with the Yoast SEO plugin v15.6.2 - https:\/\/yoast.com\/wordpress\/plugins\/seo\/ -->\n<meta name=\"robots\" content=\"index, follow, max-snippet:-1, max-image-preview:large, max-video-preview:-1\" \/>\n<link rel=\"canonical\" href=\"http:\/\/www.polisrecreio.com.br\/site\/2021\/08\/12\/recreio-volta-registrar-caso-de-hospitalizacao-por-covid-19\/\" \/>\n<meta property=\"og:locale\" content=\"pt_BR\" \/>\n<meta property=\"og:type\" content=\"article\" \/>\n<meta property=\"og:title\" content=\"Recreio volta registrar caso de hospitaliza\u00e7\u00e3o por covid-19 - P\u00f3lis Recreio\" \/>\n<meta property=\"og:description\" content=\"Ap\u00f3s tr\u00eas semanas sem interna\u00e7\u00f5es, Recreio voltou a registrar uma hospitaliza\u00e7\u00e3o por covid-19. Outra informa\u00e7\u00e3o de alerta \u00e9 o aumento de casos ativos em rela\u00e7\u00e3o ao in\u00edcio da semana.\" \/>\n<meta property=\"og:url\" content=\"http:\/\/www.polisrecreio.com.br\/site\/2021\/08\/12\/recreio-volta-registrar-caso-de-hospitalizacao-por-covid-19\/\" \/>\n<meta property=\"og:site_name\" content=\"P\u00f3lis Recreio\" \/>\n<meta property=\"article:publisher\" content=\"https:\/\/www.facebook.com\/Site-P%c3%b3lis-Recreio-MG-181941708571019\/\" \/>\n<meta property=\"article:published_time\" content=\"2021-08-12T21:51:45+00:00\" \/>\n<meta property=\"og:image\" content=\"http:\/\/www.polisrecreio.com.br\/site\/wp-content\/uploads\/2021\/03\/100_3832.jpg\" \/>\n<meta name=\"twitter:card\" content=\"summary_large_image\" \/>\n<meta name=\"twitter:creator\" content=\"@PolisRecreio\" \/>\n<meta name=\"twitter:site\" content=\"@PolisRecreio\" \/>\n<meta name=\"twitter:label1\" content=\"Est. reading time\">\n\t<meta name=\"twitter:data1\" content=\"1 minuto\">\n<script type=\"application\/ld+json\" class=\"yoast-schema-graph\">{\"@context\":\"https:\/\/schema.org\",\"@graph\":[{\"@type\":\"WebSite\",\"@id\":\"https:\/\/www.polisrecreio.com.br\/site\/#website\",\"url\":\"https:\/\/www.polisrecreio.com.br\/site\/\",\"name\":\"P\\u00f3lis Recreio\",\"description\":\"\",\"potentialAction\":[{\"@type\":\"SearchAction\",\"target\":\"https:\/\/www.polisrecreio.com.br\/site\/?s={search_term_string}\",\"query-input\":\"required name=search_term_string\"}],\"inLanguage\":\"pt-BR\"},{\"@type\":\"ImageObject\",\"@id\":\"http:\/\/www.polisrecreio.com.br\/site\/2021\/08\/12\/recreio-volta-registrar-caso-de-hospitalizacao-por-covid-19\/#primaryimage\",\"inLanguage\":\"pt-BR\",\"url\":\"http:\/\/www.polisrecreio.com.br\/site\/wp-content\/uploads\/2021\/03\/100_3832.jpg\"},{\"@type\":\"WebPage\",\"@id\":\"http:\/\/www.polisrecreio.com.br\/site\/2021\/08\/12\/recreio-volta-registrar-caso-de-hospitalizacao-por-covid-19\/#webpage\",\"url\":\"http:\/\/www.polisrecreio.com.br\/site\/2021\/08\/12\/recreio-volta-registrar-caso-de-hospitalizacao-por-covid-19\/\",\"name\":\"Recreio volta registrar caso de hospitaliza\\u00e7\\u00e3o por covid-19 - P\\u00f3lis Recreio\",\"isPartOf\":{\"@id\":\"https:\/\/www.polisrecreio.com.br\/site\/#website\"},\"primaryImageOfPage\":{\"@id\":\"http:\/\/www.polisrecreio.com.br\/site\/2021\/08\/12\/recreio-volta-registrar-caso-de-hospitalizacao-por-covid-19\/#primaryimage\"},\"datePublished\":\"2021-08-12T21:51:45+00:00\",\"dateModified\":\"2021-08-12T21:51:45+00:00\",\"author\":{\"@id\":\"https:\/\/www.polisrecreio.com.br\/site\/#\/schema\/person\/3363c1c78e1e28e1329d97adb387638e\"},\"inLanguage\":\"pt-BR\",\"potentialAction\":[{\"@type\":\"ReadAction\",\"target\":[\"http:\/\/www.polisrecreio.com.br\/site\/2021\/08\/12\/recreio-volta-registrar-caso-de-hospitalizacao-por-covid-19\/\"]}]},{\"@type\":\"Person\",\"@id\":\"https:\/\/www.polisrecreio.com.br\/site\/#\/schema\/person\/3363c1c78e1e28e1329d97adb387638e\",\"name\":\"Leonardo Ribeiro\",\"image\":{\"@type\":\"ImageObject\",\"@id\":\"https:\/\/www.polisrecreio.com.br\/site\/#personlogo\",\"inLanguage\":\"pt-BR\",\"url\":\"https:\/\/secure.gravatar.com\/avatar\/6ba92a37d621e1a83e23710251178a12?s=96&d=mm&r=g\",\"caption\":\"Leonardo Ribeiro\"},\"sameAs\":[\"http:\/\/www.polisrecreio.com.br\"]}]}<\/script>\n<!-- \/ Yoast SEO plugin. -->","_links":{"self":[{"href":"https:\/\/www.polisrecreio.com.br\/site\/wp-json\/wp\/v2\/posts\/21218"}],"collection":[{"href":"https:\/\/www.polisrecreio.com.br\/site\/wp-json\/wp\/v2\/posts"}],"about":[{"href":"https:\/\/www.polisrecreio.com.br\/site\/wp-json\/wp\/v2\/types\/post"}],"author":[{"embeddable":true,"href":"https:\/\/www.polisrecreio.com.br\/site\/wp-json\/wp\/v2\/users\/3"}],"replies":[{"embeddable":true,"href":"https:\/\/www.polisrecreio.com.br\/site\/wp-json\/wp\/v2\/comments?post=21218"}],"version-history":[{"count":1,"href":"https:\/\/www.polisrecreio.com.br\/site\/wp-json\/wp\/v2\/posts\/21218\/revisions"}],"predecessor-version":[{"id":21220,"href":"https:\/\/www.polisrecreio.com.br\/site\/wp-json\/wp\/v2\/posts\/21218\/revisions\/21220"}],"wp:attachment":[{"href":"https:\/\/www.polisrecreio.com.br\/site\/wp-json\/wp\/v2\/media?parent=21218"}],"wp:term":[{"taxonomy":"category","embeddable":true,"href":"https:\/\/www.polisrecreio.com.br\/site\/wp-json\/wp\/v2\/categories?post=21218"},{"taxonomy":"post_tag","embeddable":true,"href":"https:\/\/www.polisrecreio.com.br\/site\/wp-json\/wp\/v2\/tags?post=21218"}],"curies":[{"name":"wp","href":"https:\/\/api.w.org\/{rel}","templated":true}]}}