{"id":21222,"date":"2021-08-13T21:56:42","date_gmt":"2021-08-14T00:56:42","guid":{"rendered":"http:\/\/www.polisrecreio.com.br\/site\/?p=21222"},"modified":"2021-08-13T21:56:42","modified_gmt":"2021-08-14T00:56:42","slug":"recreio-recebeu-100-cestas-basicas-da-defesa-civil-estadual","status":"publish","type":"post","link":"https:\/\/www.polisrecreio.com.br\/site\/2021\/08\/13\/recreio-recebeu-100-cestas-basicas-da-defesa-civil-estadual\/","title":{"rendered":"Recreio recebeu 100 cestas b\u00e1sicas da Defesa Civil Estadual"},"content":{"rendered":"<p style=\"text-align: justify;\">O munic\u00edpio de Recreio recebeu esta semana 100 cestas b\u00e1sicas da Defesa Civil Estadual de Minas Gerais. As doa\u00e7\u00f5es para as fam\u00edlias em situa\u00e7\u00e3o de vulnerabilidade social s\u00e3o feitas atrav\u00e9s do Centro de Refer\u00eancia de Assist\u00eancia Social \u201cCRAS\u201d.<\/p>\n<p><!--more--><\/p>\n<p><a href=\"http:\/\/www.polisrecreio.com.br\/site\/wp-content\/uploads\/2021\/08\/cesta.jpg\"><img loading=\"lazy\" class=\"aligncenter size-full wp-image-21223\" src=\"http:\/\/www.polisrecreio.com.br\/site\/wp-content\/uploads\/2021\/08\/cesta.jpg\" alt=\"\" width=\"750\" height=\"499\" srcset=\"https:\/\/www.polisrecreio.com.br\/site\/wp-content\/uploads\/2021\/08\/cesta.jpg 750w, https:\/\/www.polisrecreio.com.br\/site\/wp-content\/uploads\/2021\/08\/cesta-300x200.jpg 300w\" sizes=\"(max-width: 750px) 100vw, 750px\" \/><\/a><\/p>\n<p style=\"text-align: justify;\">As cestas foram distribu\u00eddas para todos os munic\u00edpios de Minas Gerais ap\u00f3s doa\u00e7\u00e3o da Igreja de Jesus Cristo dos Santos dos \u00daltimos Dias, com o intuito de apoiar o Estado no enfrentamento \u00e0 covid-19.<\/p>\n<p style=\"text-align: justify;\">Segundo informa\u00e7\u00f5es, o comunicado da libera\u00e7\u00e3o dos mantimentos para Recreio foi feito por meio do Destacamento da Pol\u00edcia Militar. Fam\u00edlias j\u00e1 come\u00e7aram a receber os donativos de alimentos.<\/p>\n<p style=\"text-align: justify;\">As cestas foram retiradas na Regional de Defesa Civil, em Juiz de Fora, na \u00faltima quarta-feira (11). Os secret\u00e1rios municipais, Fernando Barcellos (Desenvolvimento Econ\u00f4mico e Sustent\u00e1vel e coordenador da Defesa Civil Municipal) e Marcelo Andrade (Desenvolvimento Social) estiveram no ato.<\/p>\n","protected":false},"excerpt":{"rendered":"<p>O munic\u00edpio de Recreio recebeu esta semana 100 cestas b\u00e1sicas da Defesa Civil Estadual de Minas Gerais. As doa\u00e7\u00f5es para as fam\u00edlias em situa\u00e7\u00e3o de vulnerabilidade social s\u00e3o feitas atrav\u00e9s do Centro de Refer\u00eancia de Assist\u00eancia Social \u201cCRAS\u201d.<\/p>\n","protected":false},"author":3,"featured_media":0,"comment_status":"open","ping_status":"open","sticky":false,"template":"","format":"standard","meta":[],"categories":[6],"tags":[],"yoast_head":"<!-- This site is optimized with the Yoast SEO plugin v15.6.2 - https:\/\/yoast.com\/wordpress\/plugins\/seo\/ -->\n<meta name=\"robots\" content=\"index, follow, max-snippet:-1, max-image-preview:large, max-video-preview:-1\" \/>\n<link rel=\"canonical\" href=\"http:\/\/www.polisrecreio.com.br\/site\/2021\/08\/13\/recreio-recebeu-100-cestas-basicas-da-defesa-civil-estadual\/\" \/>\n<meta property=\"og:locale\" content=\"pt_BR\" \/>\n<meta property=\"og:type\" content=\"article\" \/>\n<meta property=\"og:title\" content=\"Recreio recebeu 100 cestas b\u00e1sicas da Defesa Civil Estadual - P\u00f3lis Recreio\" \/>\n<meta property=\"og:description\" content=\"O munic\u00edpio de Recreio recebeu esta semana 100 cestas b\u00e1sicas da Defesa Civil Estadual de Minas Gerais. As doa\u00e7\u00f5es para as fam\u00edlias em situa\u00e7\u00e3o de vulnerabilidade social s\u00e3o feitas atrav\u00e9s do Centro de Refer\u00eancia de Assist\u00eancia Social \u201cCRAS\u201d.\" \/>\n<meta property=\"og:url\" content=\"http:\/\/www.polisrecreio.com.br\/site\/2021\/08\/13\/recreio-recebeu-100-cestas-basicas-da-defesa-civil-estadual\/\" \/>\n<meta property=\"og:site_name\" content=\"P\u00f3lis Recreio\" \/>\n<meta property=\"article:publisher\" content=\"https:\/\/www.facebook.com\/Site-P%c3%b3lis-Recreio-MG-181941708571019\/\" \/>\n<meta property=\"article:published_time\" content=\"2021-08-14T00:56:42+00:00\" \/>\n<meta property=\"og:image\" content=\"http:\/\/www.polisrecreio.com.br\/site\/wp-content\/uploads\/2021\/08\/cesta.jpg\" \/>\n<meta name=\"twitter:card\" content=\"summary_large_image\" \/>\n<meta name=\"twitter:creator\" content=\"@PolisRecreio\" \/>\n<meta name=\"twitter:site\" content=\"@PolisRecreio\" \/>\n<meta name=\"twitter:label1\" content=\"Est. reading time\">\n\t<meta name=\"twitter:data1\" content=\"1 minuto\">\n<script type=\"application\/ld+json\" class=\"yoast-schema-graph\">{\"@context\":\"https:\/\/schema.org\",\"@graph\":[{\"@type\":\"WebSite\",\"@id\":\"https:\/\/www.polisrecreio.com.br\/site\/#website\",\"url\":\"https:\/\/www.polisrecreio.com.br\/site\/\",\"name\":\"P\\u00f3lis Recreio\",\"description\":\"\",\"potentialAction\":[{\"@type\":\"SearchAction\",\"target\":\"https:\/\/www.polisrecreio.com.br\/site\/?s={search_term_string}\",\"query-input\":\"required name=search_term_string\"}],\"inLanguage\":\"pt-BR\"},{\"@type\":\"ImageObject\",\"@id\":\"http:\/\/www.polisrecreio.com.br\/site\/2021\/08\/13\/recreio-recebeu-100-cestas-basicas-da-defesa-civil-estadual\/#primaryimage\",\"inLanguage\":\"pt-BR\",\"url\":\"http:\/\/www.polisrecreio.com.br\/site\/wp-content\/uploads\/2021\/08\/cesta.jpg\"},{\"@type\":\"WebPage\",\"@id\":\"http:\/\/www.polisrecreio.com.br\/site\/2021\/08\/13\/recreio-recebeu-100-cestas-basicas-da-defesa-civil-estadual\/#webpage\",\"url\":\"http:\/\/www.polisrecreio.com.br\/site\/2021\/08\/13\/recreio-recebeu-100-cestas-basicas-da-defesa-civil-estadual\/\",\"name\":\"Recreio recebeu 100 cestas b\\u00e1sicas da Defesa Civil Estadual - P\\u00f3lis Recreio\",\"isPartOf\":{\"@id\":\"https:\/\/www.polisrecreio.com.br\/site\/#website\"},\"primaryImageOfPage\":{\"@id\":\"http:\/\/www.polisrecreio.com.br\/site\/2021\/08\/13\/recreio-recebeu-100-cestas-basicas-da-defesa-civil-estadual\/#primaryimage\"},\"datePublished\":\"2021-08-14T00:56:42+00:00\",\"dateModified\":\"2021-08-14T00:56:42+00:00\",\"author\":{\"@id\":\"https:\/\/www.polisrecreio.com.br\/site\/#\/schema\/person\/3363c1c78e1e28e1329d97adb387638e\"},\"inLanguage\":\"pt-BR\",\"potentialAction\":[{\"@type\":\"ReadAction\",\"target\":[\"http:\/\/www.polisrecreio.com.br\/site\/2021\/08\/13\/recreio-recebeu-100-cestas-basicas-da-defesa-civil-estadual\/\"]}]},{\"@type\":\"Person\",\"@id\":\"https:\/\/www.polisrecreio.com.br\/site\/#\/schema\/person\/3363c1c78e1e28e1329d97adb387638e\",\"name\":\"Leonardo Ribeiro\",\"image\":{\"@type\":\"ImageObject\",\"@id\":\"https:\/\/www.polisrecreio.com.br\/site\/#personlogo\",\"inLanguage\":\"pt-BR\",\"url\":\"https:\/\/secure.gravatar.com\/avatar\/6ba92a37d621e1a83e23710251178a12?s=96&d=mm&r=g\",\"caption\":\"Leonardo Ribeiro\"},\"sameAs\":[\"http:\/\/www.polisrecreio.com.br\"]}]}<\/script>\n<!-- \/ Yoast SEO plugin. -->","_links":{"self":[{"href":"https:\/\/www.polisrecreio.com.br\/site\/wp-json\/wp\/v2\/posts\/21222"}],"collection":[{"href":"https:\/\/www.polisrecreio.com.br\/site\/wp-json\/wp\/v2\/posts"}],"about":[{"href":"https:\/\/www.polisrecreio.com.br\/site\/wp-json\/wp\/v2\/types\/post"}],"author":[{"embeddable":true,"href":"https:\/\/www.polisrecreio.com.br\/site\/wp-json\/wp\/v2\/users\/3"}],"replies":[{"embeddable":true,"href":"https:\/\/www.polisrecreio.com.br\/site\/wp-json\/wp\/v2\/comments?post=21222"}],"version-history":[{"count":1,"href":"https:\/\/www.polisrecreio.com.br\/site\/wp-json\/wp\/v2\/posts\/21222\/revisions"}],"predecessor-version":[{"id":21224,"href":"https:\/\/www.polisrecreio.com.br\/site\/wp-json\/wp\/v2\/posts\/21222\/revisions\/21224"}],"wp:attachment":[{"href":"https:\/\/www.polisrecreio.com.br\/site\/wp-json\/wp\/v2\/media?parent=21222"}],"wp:term":[{"taxonomy":"category","embeddable":true,"href":"https:\/\/www.polisrecreio.com.br\/site\/wp-json\/wp\/v2\/categories?post=21222"},{"taxonomy":"post_tag","embeddable":true,"href":"https:\/\/www.polisrecreio.com.br\/site\/wp-json\/wp\/v2\/tags?post=21222"}],"curies":[{"name":"wp","href":"https:\/\/api.w.org\/{rel}","templated":true}]}}