{"id":21225,"date":"2021-08-14T09:12:30","date_gmt":"2021-08-14T12:12:30","guid":{"rendered":"http:\/\/www.polisrecreio.com.br\/site\/?p=21225"},"modified":"2021-08-14T09:13:36","modified_gmt":"2021-08-14T12:13:36","slug":"ministerio-da-saude-deve-iniciar-estudo-de-terceira-dose-de-vacinas-contra-covid-19","status":"publish","type":"post","link":"https:\/\/www.polisrecreio.com.br\/site\/2021\/08\/14\/ministerio-da-saude-deve-iniciar-estudo-de-terceira-dose-de-vacinas-contra-covid-19\/","title":{"rendered":"Minist\u00e9rio da Sa\u00fade deve iniciar estudo de terceira dose de vacinas contra covid-19"},"content":{"rendered":"<p style=\"text-align: justify;\">O Minist\u00e9rio da Sa\u00fade, em parceria com a Universidade Federal de S\u00e3o Paulo (Unifesp), deve iniciar, na segunda-feira (16), um estudo in\u00e9dito para avaliar a necessidade de uma terceira dose de vacinas contra covid-19 para quem tomou duas doses da CoronaVac.<\/p>\n<p><!--more--><\/p>\n<figure id=\"attachment_21226\" aria-describedby=\"caption-attachment-21226\" style=\"width: 750px\" class=\"wp-caption aligncenter\"><a href=\"http:\/\/www.polisrecreio.com.br\/site\/wp-content\/uploads\/2021\/08\/Vacina-Covid19-Vacinacao-Seringa-Agulha-Aplicacao-Coronavirus-114-868x644-1.jpg\"><img loading=\"lazy\" class=\"wp-image-21226 size-full\" src=\"http:\/\/www.polisrecreio.com.br\/site\/wp-content\/uploads\/2021\/08\/Vacina-Covid19-Vacinacao-Seringa-Agulha-Aplicacao-Coronavirus-114-868x644-1.jpg\" alt=\"\" width=\"750\" height=\"499\" srcset=\"https:\/\/www.polisrecreio.com.br\/site\/wp-content\/uploads\/2021\/08\/Vacina-Covid19-Vacinacao-Seringa-Agulha-Aplicacao-Coronavirus-114-868x644-1.jpg 750w, https:\/\/www.polisrecreio.com.br\/site\/wp-content\/uploads\/2021\/08\/Vacina-Covid19-Vacinacao-Seringa-Agulha-Aplicacao-Coronavirus-114-868x644-1-300x200.jpg 300w\" sizes=\"(max-width: 750px) 100vw, 750px\" \/><\/a><figcaption id=\"caption-attachment-21226\" class=\"wp-caption-text\">Foto: S\u00e9rgio Lima\/Poder360.<\/figcaption><\/figure>\n<p style=\"text-align: justify;\">As vacinas para serem usadas neste estudo chegaram na quinta-feira (12). Os pesquisadores v\u00e3o estudar os 4 imunizantes aplicados no Brasil: AstraZeneca, Pfizer, CoronaVac e Janssen.<\/p>\n<p style=\"text-align: justify;\">Alguns volunt\u00e1rios v\u00e3o receber uma dose adicional de uma vacina diferente daquela que ele j\u00e1 tomou antes. Outros v\u00e3o receber uma terceira dose da CoronaVac. O objetivo \u00e9 descobrir qual a prote\u00e7\u00e3o quando se cruza os imunizantes ou se mant\u00e9m o mesmo na terceira dose.<\/p>\n<p style=\"text-align: justify;\">Os 1.200 volunt\u00e1rios v\u00e3o ser divididos em 4 grupos e, cada grupo, recebe uma dose de refor\u00e7o de uma \u00fanica vacina.<\/p>\n<p style=\"text-align: justify;\">Em julho,\u00a0a Anvisa autorizou que os laborat\u00f3rios Pfizer e AstraZeneca investigassem efeitos e necessidades de uma dose extra contra a covid-19. Os estudos est\u00e3o em andamento em pelo menos cinco estados.<\/p>\n<p style=\"text-align: justify;\"><strong>Estudos de 3\u00aa dose em andamento<\/strong><\/p>\n<ul>\n<li style=\"text-align: justify;\">Pfizer: O laborat\u00f3rio recebeu libera\u00e7\u00e3o da Anvisa em julho para iniciar a pesquisa que investiga os efeitos, a seguran\u00e7a e o benef\u00edcio de uma dose de refor\u00e7o da sua vacina, a Comirnaty. O imunizante extra j\u00e1 foi aplicado em 1.164 pessoas que tomaram as duas doses completas h\u00e1 pelo menos seis meses. Dessas, 546 tomaram no estado de S\u00e3o Paulo. Agora, seguem sendo acompanhados pelos pesquisadores diariamente. Depois de seis meses, eles ir\u00e3o receber a visita dos pesquisadores para a coleta de exames de sangue. Al\u00e9m do Brasil, esse estudo est\u00e1 sendo conduzido nos Estados Unidos e \u00c1frica do Sul. Ao todo, ser\u00e3o 10.200 participantes nos tr\u00eas pa\u00edses.<\/li>\n<\/ul>\n<hr \/>\n<ul>\n<li style=\"text-align: justify;\">AstraZeneca: a farmac\u00eautica desenvolveu uma segunda vers\u00e3o da vacina que est\u00e1 em uso no pa\u00eds, buscando prote\u00e7\u00e3o contra a variante beta. Parte do ensaio cl\u00ednico prev\u00ea que uma dose da nova vers\u00e3o da vacina (AZD2816) seja aplicada em pessoas que receberam as duas doses da vers\u00e3o atual da AstraZeneca (AZD1222). Agora, os pesquisadores tamb\u00e9m realizam um estudo pioneiro para avaliar a necessidade de uma 3\u00aa dose ap\u00f3s 12 meses em pessoas que tomaram as duas doses do imunizante. Em todo o pa\u00eds, j\u00e1 est\u00e3o sendo testadas 4.600 pessoas em S\u00e3o Paulo, Rio de Janeiro, Salvador, Natal, Porto Alegre e Santa Maria (RS). O Brasil \u00e9 o \u00fanico, por enquanto, a fazer esse tipo de estudo, segundo os pesquisadores.<\/li>\n<\/ul>\n<hr \/>\n<ul>\n<li style=\"text-align: justify;\">Unifesp: os pesquisadores devem dar in\u00edcio na segunda (16) a um novo estudo do Minist\u00e9rio da Sa\u00fade para avaliar a necessidade de uma terceira dose de vacinas para Covid-19 para quem tomou Coronavac. A pesquisa ser\u00e1 feita com 1.200 volunt\u00e1rios em S\u00e3o Paulo e Salvador em quem tomou as duas doses de Coronavac h\u00e1 seis meses. De acordo com a coordenadora do Centro de Refer\u00eancia de Imunobiologia Especial (Crie) da Unifesp, Dra. Lily Yin Weckx, o grupo ser\u00e1 dividido em quatro: 25% v\u00e3o receber como terceira dose a vacina da Pfizer, 25% da Astrazeneca, 25% da Janssen e 25% da Coronavac. O objetivo \u00e9 saber se a terceira dose vai aumentar o n\u00famero de anticorpos. Os pesquisadores tamb\u00e9m v\u00e3o avaliar a seguran\u00e7a dessa terceira dose, poss\u00edveis rea\u00e7\u00f5es, como febre e dor, j\u00e1 que ser\u00e3o testadas vacinas diferentes em cada grupo.<\/li>\n<\/ul>\n<hr \/>\n<ul>\n<li style=\"text-align: justify;\">Butantan: o Instituto tamb\u00e9m se prepara para come\u00e7ar a pesquisa que ir\u00e1 avaliar a efic\u00e1cia de uma terceira dose da Coronavac no Brasil. Na ter\u00e7a-feira (10), a fabricante Sinovac divulgou o resultado de um estudo feito na China. A dose adicional administrada em adultos e num prazo de seis a oito meses depois da segunda dose, aumentou em at\u00e9 cinco vezes o n\u00famero de anticorpos no organismo.<\/li>\n<\/ul>\n<p style=\"text-align: justify;\">De acordo com a Anvisa, h\u00e1 apenas tr\u00eas estudos autorizados no Brasil para investiga\u00e7\u00e3o de doses extras, dois da AstraZeneca e um da Pfizer. O est\u00e1gio de andamento dos estudos \u00e9 de responsabilidade dos laborat\u00f3rios patrocinadores de cada pesquisa.<\/p>\n<p><em>Com informa\u00e7\u00f5es: G1.<\/em><\/p>\n","protected":false},"excerpt":{"rendered":"<p>O Minist\u00e9rio da Sa\u00fade, em parceria com a Universidade Federal de S\u00e3o Paulo (Unifesp), deve iniciar, na segunda-feira (16), um estudo in\u00e9dito para avaliar a necessidade de uma terceira dose de vacinas contra covid-19 para quem tomou duas doses da CoronaVac.<\/p>\n","protected":false},"author":3,"featured_media":0,"comment_status":"open","ping_status":"open","sticky":false,"template":"","format":"standard","meta":[],"categories":[7],"tags":[],"yoast_head":"<!-- This site is optimized with the Yoast SEO plugin v15.6.2 - https:\/\/yoast.com\/wordpress\/plugins\/seo\/ -->\n<meta name=\"robots\" content=\"index, follow, max-snippet:-1, max-image-preview:large, max-video-preview:-1\" \/>\n<link rel=\"canonical\" href=\"https:\/\/www.polisrecreio.com.br\/site\/2021\/08\/14\/ministerio-da-saude-deve-iniciar-estudo-de-terceira-dose-de-vacinas-contra-covid-19\/\" \/>\n<meta property=\"og:locale\" content=\"pt_BR\" \/>\n<meta property=\"og:type\" content=\"article\" \/>\n<meta property=\"og:title\" content=\"Minist\u00e9rio da Sa\u00fade deve iniciar estudo de terceira dose de vacinas contra covid-19 - P\u00f3lis Recreio\" \/>\n<meta property=\"og:description\" content=\"O Minist\u00e9rio da Sa\u00fade, em parceria com a Universidade Federal de S\u00e3o Paulo (Unifesp), deve iniciar, na segunda-feira (16), um estudo in\u00e9dito para avaliar a necessidade de uma terceira dose de vacinas contra covid-19 para quem tomou duas doses da CoronaVac.\" \/>\n<meta property=\"og:url\" content=\"https:\/\/www.polisrecreio.com.br\/site\/2021\/08\/14\/ministerio-da-saude-deve-iniciar-estudo-de-terceira-dose-de-vacinas-contra-covid-19\/\" \/>\n<meta property=\"og:site_name\" content=\"P\u00f3lis Recreio\" \/>\n<meta property=\"article:publisher\" content=\"https:\/\/www.facebook.com\/Site-P%c3%b3lis-Recreio-MG-181941708571019\/\" \/>\n<meta property=\"article:published_time\" content=\"2021-08-14T12:12:30+00:00\" \/>\n<meta property=\"article:modified_time\" content=\"2021-08-14T12:13:36+00:00\" \/>\n<meta property=\"og:image\" content=\"http:\/\/www.polisrecreio.com.br\/site\/wp-content\/uploads\/2021\/08\/Vacina-Covid19-Vacinacao-Seringa-Agulha-Aplicacao-Coronavirus-114-868x644-1.jpg\" \/>\n<meta name=\"twitter:card\" content=\"summary_large_image\" \/>\n<meta name=\"twitter:creator\" content=\"@PolisRecreio\" \/>\n<meta name=\"twitter:site\" content=\"@PolisRecreio\" \/>\n<meta name=\"twitter:label1\" content=\"Est. reading time\">\n\t<meta name=\"twitter:data1\" content=\"4 minutos\">\n<script type=\"application\/ld+json\" class=\"yoast-schema-graph\">{\"@context\":\"https:\/\/schema.org\",\"@graph\":[{\"@type\":\"WebSite\",\"@id\":\"https:\/\/www.polisrecreio.com.br\/site\/#website\",\"url\":\"https:\/\/www.polisrecreio.com.br\/site\/\",\"name\":\"P\\u00f3lis Recreio\",\"description\":\"\",\"potentialAction\":[{\"@type\":\"SearchAction\",\"target\":\"https:\/\/www.polisrecreio.com.br\/site\/?s={search_term_string}\",\"query-input\":\"required name=search_term_string\"}],\"inLanguage\":\"pt-BR\"},{\"@type\":\"ImageObject\",\"@id\":\"https:\/\/www.polisrecreio.com.br\/site\/2021\/08\/14\/ministerio-da-saude-deve-iniciar-estudo-de-terceira-dose-de-vacinas-contra-covid-19\/#primaryimage\",\"inLanguage\":\"pt-BR\",\"url\":\"http:\/\/www.polisrecreio.com.br\/site\/wp-content\/uploads\/2021\/08\/Vacina-Covid19-Vacinacao-Seringa-Agulha-Aplicacao-Coronavirus-114-868x644-1.jpg\"},{\"@type\":\"WebPage\",\"@id\":\"https:\/\/www.polisrecreio.com.br\/site\/2021\/08\/14\/ministerio-da-saude-deve-iniciar-estudo-de-terceira-dose-de-vacinas-contra-covid-19\/#webpage\",\"url\":\"https:\/\/www.polisrecreio.com.br\/site\/2021\/08\/14\/ministerio-da-saude-deve-iniciar-estudo-de-terceira-dose-de-vacinas-contra-covid-19\/\",\"name\":\"Minist\\u00e9rio da Sa\\u00fade deve iniciar estudo de terceira dose de vacinas contra covid-19 - P\\u00f3lis Recreio\",\"isPartOf\":{\"@id\":\"https:\/\/www.polisrecreio.com.br\/site\/#website\"},\"primaryImageOfPage\":{\"@id\":\"https:\/\/www.polisrecreio.com.br\/site\/2021\/08\/14\/ministerio-da-saude-deve-iniciar-estudo-de-terceira-dose-de-vacinas-contra-covid-19\/#primaryimage\"},\"datePublished\":\"2021-08-14T12:12:30+00:00\",\"dateModified\":\"2021-08-14T12:13:36+00:00\",\"author\":{\"@id\":\"https:\/\/www.polisrecreio.com.br\/site\/#\/schema\/person\/3363c1c78e1e28e1329d97adb387638e\"},\"inLanguage\":\"pt-BR\",\"potentialAction\":[{\"@type\":\"ReadAction\",\"target\":[\"https:\/\/www.polisrecreio.com.br\/site\/2021\/08\/14\/ministerio-da-saude-deve-iniciar-estudo-de-terceira-dose-de-vacinas-contra-covid-19\/\"]}]},{\"@type\":\"Person\",\"@id\":\"https:\/\/www.polisrecreio.com.br\/site\/#\/schema\/person\/3363c1c78e1e28e1329d97adb387638e\",\"name\":\"Leonardo Ribeiro\",\"image\":{\"@type\":\"ImageObject\",\"@id\":\"https:\/\/www.polisrecreio.com.br\/site\/#personlogo\",\"inLanguage\":\"pt-BR\",\"url\":\"https:\/\/secure.gravatar.com\/avatar\/6ba92a37d621e1a83e23710251178a12?s=96&d=mm&r=g\",\"caption\":\"Leonardo Ribeiro\"},\"sameAs\":[\"http:\/\/www.polisrecreio.com.br\"]}]}<\/script>\n<!-- \/ Yoast SEO plugin. -->","_links":{"self":[{"href":"https:\/\/www.polisrecreio.com.br\/site\/wp-json\/wp\/v2\/posts\/21225"}],"collection":[{"href":"https:\/\/www.polisrecreio.com.br\/site\/wp-json\/wp\/v2\/posts"}],"about":[{"href":"https:\/\/www.polisrecreio.com.br\/site\/wp-json\/wp\/v2\/types\/post"}],"author":[{"embeddable":true,"href":"https:\/\/www.polisrecreio.com.br\/site\/wp-json\/wp\/v2\/users\/3"}],"replies":[{"embeddable":true,"href":"https:\/\/www.polisrecreio.com.br\/site\/wp-json\/wp\/v2\/comments?post=21225"}],"version-history":[{"count":2,"href":"https:\/\/www.polisrecreio.com.br\/site\/wp-json\/wp\/v2\/posts\/21225\/revisions"}],"predecessor-version":[{"id":21228,"href":"https:\/\/www.polisrecreio.com.br\/site\/wp-json\/wp\/v2\/posts\/21225\/revisions\/21228"}],"wp:attachment":[{"href":"https:\/\/www.polisrecreio.com.br\/site\/wp-json\/wp\/v2\/media?parent=21225"}],"wp:term":[{"taxonomy":"category","embeddable":true,"href":"https:\/\/www.polisrecreio.com.br\/site\/wp-json\/wp\/v2\/categories?post=21225"},{"taxonomy":"post_tag","embeddable":true,"href":"https:\/\/www.polisrecreio.com.br\/site\/wp-json\/wp\/v2\/tags?post=21225"}],"curies":[{"name":"wp","href":"https:\/\/api.w.org\/{rel}","templated":true}]}}