{"id":21229,"date":"2021-08-16T12:19:37","date_gmt":"2021-08-16T15:19:37","guid":{"rendered":"http:\/\/www.polisrecreio.com.br\/site\/?p=21229"},"modified":"2021-08-16T12:25:18","modified_gmt":"2021-08-16T15:25:18","slug":"governo-de-minas-anuncia-pagamento-de-ferias-premio-a-aposentados-a-partir-de-setembro","status":"publish","type":"post","link":"https:\/\/www.polisrecreio.com.br\/site\/2021\/08\/16\/governo-de-minas-anuncia-pagamento-de-ferias-premio-a-aposentados-a-partir-de-setembro\/","title":{"rendered":"Governo de Minas anuncia pagamento de f\u00e9rias-pr\u00eamio a aposentados a partir de setembro"},"content":{"rendered":"<p style=\"text-align: justify;\">A Secretaria de Estado de Fazenda (SEF) divulgou nesta segunda-feira (16)\u00a0o cronograma de pagamento das f\u00e9rias-pr\u00eamio dos aposentados mineiros. O an\u00fancio da quita\u00e7\u00e3o do benef\u00edcio foi feito pelo governador Romeu Zema (Novo), em uma rede social, na manh\u00e3 deste domingo (15).<\/p>\n<p><!--more--><\/p>\n<p><a href=\"http:\/\/www.polisrecreio.com.br\/site\/wp-content\/uploads\/2020\/04\/2302_cidade-adminsitraiva.jpg\"><img loading=\"lazy\" class=\"aligncenter size-full wp-image-17226\" src=\"http:\/\/www.polisrecreio.com.br\/site\/wp-content\/uploads\/2020\/04\/2302_cidade-adminsitraiva.jpg\" alt=\"\" width=\"709\" height=\"472\" srcset=\"https:\/\/www.polisrecreio.com.br\/site\/wp-content\/uploads\/2020\/04\/2302_cidade-adminsitraiva.jpg 709w, https:\/\/www.polisrecreio.com.br\/site\/wp-content\/uploads\/2020\/04\/2302_cidade-adminsitraiva-300x200.jpg 300w\" sizes=\"(max-width: 709px) 100vw, 709px\" \/><\/a><\/p>\n<p style=\"text-align: justify;\">O governador informou que prev\u00ea o pagamento em parcela \u00fanica. O crit\u00e9rio para o dep\u00f3sito ser\u00e1 a ordem cronol\u00f3gica de vig\u00eancia das aposentadorias.<\/p>\n<p style=\"text-align: justify;\">No dia 27 de setembro, ser\u00e1 efetuado o primeiro pagamento, de cerca de R$ 210 milh\u00f5es, contemplando mais de 12 mil servidores, ou seja, aproximadamente 50% daqueles que t\u00eam valores a receber.<\/p>\n<p style=\"text-align: justify;\">Os demais servidores ser\u00e3o beneficiados em escalas mensais que totalizar\u00e3o cerca de R$ 32 milh\u00f5es por m\u00eas, at\u00e9 dezembro de 2022.<\/p>\n<p style=\"text-align: justify;\">Os pagamentos ser\u00e3o realizados na \u00faltima semana de cada m\u00eas e, mensalmente, ser\u00e3o divulgados quais meses e ano ser\u00e3o quitados. Para cerca de tr\u00eas mil servidores, que est\u00e3o com a\u00e7\u00f5es na Justi\u00e7a, a negocia\u00e7\u00e3o ser\u00e1 feita em separado.<\/p>\n<p style=\"text-align: justify;\">Segundo o governo,\u00a0cerca de 25 mil servidores aposentados est\u00e3o sem receber\u00a0o benef\u00edcio. A Secretaria de Estado de Fazenda (SEF) disse que o passivo gerado \u00e9 de R$ 701 milh\u00f5es.<\/p>\n<p style=\"text-align: justify;\">A pasta explicou que o benef\u00edcio foi concedido pelo estado at\u00e9 2004, quando servidores podiam optar converter os dias de folga por remunera\u00e7\u00e3o em esp\u00e9cie a ser paga na aposentadoria. A secretaria alegou que em outubro de 2015, esse pagamento, j\u00e1 garantido, foi paralisado pelo governo anterior, mas retomado parcialmente em novembro de 2019.<\/p>\n<p style=\"text-align: justify;\">&#8220;Do total de R$ 701 milh\u00f5es em atraso, aproximadamente 80% corresponde a f\u00e9rias-pr\u00eamio devidas at\u00e9 2018&#8221;, informou a secretaria.<\/p>\n<p><em>Com informa\u00e7\u00f5es: G1 MG.<\/em><\/p>\n","protected":false},"excerpt":{"rendered":"<p>A Secretaria de Estado de Fazenda (SEF) divulgou nesta segunda-feira (16)\u00a0o cronograma de pagamento das f\u00e9rias-pr\u00eamio dos aposentados mineiros. O an\u00fancio da quita\u00e7\u00e3o do benef\u00edcio foi feito pelo governador Romeu Zema (Novo), em uma rede social, na manh\u00e3 deste domingo (15).<\/p>\n","protected":false},"author":3,"featured_media":0,"comment_status":"open","ping_status":"open","sticky":false,"template":"","format":"standard","meta":[],"categories":[5],"tags":[],"yoast_head":"<!-- This site is optimized with the Yoast SEO plugin v15.6.2 - https:\/\/yoast.com\/wordpress\/plugins\/seo\/ -->\n<meta name=\"robots\" content=\"index, follow, max-snippet:-1, max-image-preview:large, max-video-preview:-1\" \/>\n<link rel=\"canonical\" href=\"http:\/\/www.polisrecreio.com.br\/site\/2021\/08\/16\/governo-de-minas-anuncia-pagamento-de-ferias-premio-a-aposentados-a-partir-de-setembro\/\" \/>\n<meta property=\"og:locale\" content=\"pt_BR\" \/>\n<meta property=\"og:type\" content=\"article\" \/>\n<meta property=\"og:title\" content=\"Governo de Minas anuncia pagamento de f\u00e9rias-pr\u00eamio a aposentados a partir de setembro - P\u00f3lis Recreio\" \/>\n<meta property=\"og:description\" content=\"A Secretaria de Estado de Fazenda (SEF) divulgou nesta segunda-feira (16)\u00a0o cronograma de pagamento das f\u00e9rias-pr\u00eamio dos aposentados mineiros. O an\u00fancio da quita\u00e7\u00e3o do benef\u00edcio foi feito pelo governador Romeu Zema (Novo), em uma rede social, na manh\u00e3 deste domingo (15).\" \/>\n<meta property=\"og:url\" content=\"http:\/\/www.polisrecreio.com.br\/site\/2021\/08\/16\/governo-de-minas-anuncia-pagamento-de-ferias-premio-a-aposentados-a-partir-de-setembro\/\" \/>\n<meta property=\"og:site_name\" content=\"P\u00f3lis Recreio\" \/>\n<meta property=\"article:publisher\" content=\"https:\/\/www.facebook.com\/Site-P%c3%b3lis-Recreio-MG-181941708571019\/\" \/>\n<meta property=\"article:published_time\" content=\"2021-08-16T15:19:37+00:00\" \/>\n<meta property=\"article:modified_time\" content=\"2021-08-16T15:25:18+00:00\" \/>\n<meta property=\"og:image\" content=\"http:\/\/www.polisrecreio.com.br\/site\/wp-content\/uploads\/2020\/04\/2302_cidade-adminsitraiva.jpg\" \/>\n<meta name=\"twitter:card\" content=\"summary_large_image\" \/>\n<meta name=\"twitter:creator\" content=\"@PolisRecreio\" \/>\n<meta name=\"twitter:site\" content=\"@PolisRecreio\" \/>\n<meta name=\"twitter:label1\" content=\"Est. reading time\">\n\t<meta name=\"twitter:data1\" content=\"2 minutos\">\n<script type=\"application\/ld+json\" class=\"yoast-schema-graph\">{\"@context\":\"https:\/\/schema.org\",\"@graph\":[{\"@type\":\"WebSite\",\"@id\":\"https:\/\/www.polisrecreio.com.br\/site\/#website\",\"url\":\"https:\/\/www.polisrecreio.com.br\/site\/\",\"name\":\"P\\u00f3lis Recreio\",\"description\":\"\",\"potentialAction\":[{\"@type\":\"SearchAction\",\"target\":\"https:\/\/www.polisrecreio.com.br\/site\/?s={search_term_string}\",\"query-input\":\"required name=search_term_string\"}],\"inLanguage\":\"pt-BR\"},{\"@type\":\"ImageObject\",\"@id\":\"http:\/\/www.polisrecreio.com.br\/site\/2021\/08\/16\/governo-de-minas-anuncia-pagamento-de-ferias-premio-a-aposentados-a-partir-de-setembro\/#primaryimage\",\"inLanguage\":\"pt-BR\",\"url\":\"http:\/\/www.polisrecreio.com.br\/site\/wp-content\/uploads\/2020\/04\/2302_cidade-adminsitraiva.jpg\"},{\"@type\":\"WebPage\",\"@id\":\"http:\/\/www.polisrecreio.com.br\/site\/2021\/08\/16\/governo-de-minas-anuncia-pagamento-de-ferias-premio-a-aposentados-a-partir-de-setembro\/#webpage\",\"url\":\"http:\/\/www.polisrecreio.com.br\/site\/2021\/08\/16\/governo-de-minas-anuncia-pagamento-de-ferias-premio-a-aposentados-a-partir-de-setembro\/\",\"name\":\"Governo de Minas anuncia pagamento de f\\u00e9rias-pr\\u00eamio a aposentados a partir de setembro - P\\u00f3lis Recreio\",\"isPartOf\":{\"@id\":\"https:\/\/www.polisrecreio.com.br\/site\/#website\"},\"primaryImageOfPage\":{\"@id\":\"http:\/\/www.polisrecreio.com.br\/site\/2021\/08\/16\/governo-de-minas-anuncia-pagamento-de-ferias-premio-a-aposentados-a-partir-de-setembro\/#primaryimage\"},\"datePublished\":\"2021-08-16T15:19:37+00:00\",\"dateModified\":\"2021-08-16T15:25:18+00:00\",\"author\":{\"@id\":\"https:\/\/www.polisrecreio.com.br\/site\/#\/schema\/person\/3363c1c78e1e28e1329d97adb387638e\"},\"inLanguage\":\"pt-BR\",\"potentialAction\":[{\"@type\":\"ReadAction\",\"target\":[\"http:\/\/www.polisrecreio.com.br\/site\/2021\/08\/16\/governo-de-minas-anuncia-pagamento-de-ferias-premio-a-aposentados-a-partir-de-setembro\/\"]}]},{\"@type\":\"Person\",\"@id\":\"https:\/\/www.polisrecreio.com.br\/site\/#\/schema\/person\/3363c1c78e1e28e1329d97adb387638e\",\"name\":\"Leonardo Ribeiro\",\"image\":{\"@type\":\"ImageObject\",\"@id\":\"https:\/\/www.polisrecreio.com.br\/site\/#personlogo\",\"inLanguage\":\"pt-BR\",\"url\":\"https:\/\/secure.gravatar.com\/avatar\/6ba92a37d621e1a83e23710251178a12?s=96&d=mm&r=g\",\"caption\":\"Leonardo Ribeiro\"},\"sameAs\":[\"http:\/\/www.polisrecreio.com.br\"]}]}<\/script>\n<!-- \/ Yoast SEO plugin. -->","_links":{"self":[{"href":"https:\/\/www.polisrecreio.com.br\/site\/wp-json\/wp\/v2\/posts\/21229"}],"collection":[{"href":"https:\/\/www.polisrecreio.com.br\/site\/wp-json\/wp\/v2\/posts"}],"about":[{"href":"https:\/\/www.polisrecreio.com.br\/site\/wp-json\/wp\/v2\/types\/post"}],"author":[{"embeddable":true,"href":"https:\/\/www.polisrecreio.com.br\/site\/wp-json\/wp\/v2\/users\/3"}],"replies":[{"embeddable":true,"href":"https:\/\/www.polisrecreio.com.br\/site\/wp-json\/wp\/v2\/comments?post=21229"}],"version-history":[{"count":2,"href":"https:\/\/www.polisrecreio.com.br\/site\/wp-json\/wp\/v2\/posts\/21229\/revisions"}],"predecessor-version":[{"id":21231,"href":"https:\/\/www.polisrecreio.com.br\/site\/wp-json\/wp\/v2\/posts\/21229\/revisions\/21231"}],"wp:attachment":[{"href":"https:\/\/www.polisrecreio.com.br\/site\/wp-json\/wp\/v2\/media?parent=21229"}],"wp:term":[{"taxonomy":"category","embeddable":true,"href":"https:\/\/www.polisrecreio.com.br\/site\/wp-json\/wp\/v2\/categories?post=21229"},{"taxonomy":"post_tag","embeddable":true,"href":"https:\/\/www.polisrecreio.com.br\/site\/wp-json\/wp\/v2\/tags?post=21229"}],"curies":[{"name":"wp","href":"https:\/\/api.w.org\/{rel}","templated":true}]}}