{"id":21232,"date":"2021-08-16T20:45:24","date_gmt":"2021-08-16T23:45:24","guid":{"rendered":"http:\/\/www.polisrecreio.com.br\/site\/?p=21232"},"modified":"2021-08-16T21:07:04","modified_gmt":"2021-08-17T00:07:04","slug":"recreio-retorna-aulas-presenciais-em-setembro","status":"publish","type":"post","link":"https:\/\/www.polisrecreio.com.br\/site\/2021\/08\/16\/recreio-retorna-aulas-presenciais-em-setembro\/","title":{"rendered":"Recreio retorna aulas presenciais em setembro"},"content":{"rendered":"<p style=\"text-align: justify;\">O retorno das aulas presenciais em Recreio est\u00e1 previsto para setembro, ap\u00f3s quase 18 meses de distanciamento dos estudantes de suas escolas, por medidas de preven\u00e7\u00e3o ao covid-19. As atividades ser\u00e3o em sistema h\u00edbrido.<\/p>\n<p><!--more--><\/p>\n<p><a href=\"http:\/\/www.polisrecreio.com.br\/site\/wp-content\/uploads\/2021\/08\/preparacao_escolas_1.jpeg\"><img loading=\"lazy\" class=\"aligncenter size-full wp-image-21233\" src=\"http:\/\/www.polisrecreio.com.br\/site\/wp-content\/uploads\/2021\/08\/preparacao_escolas_1.jpeg\" alt=\"\" width=\"750\" height=\"501\" srcset=\"https:\/\/www.polisrecreio.com.br\/site\/wp-content\/uploads\/2021\/08\/preparacao_escolas_1.jpeg 750w, https:\/\/www.polisrecreio.com.br\/site\/wp-content\/uploads\/2021\/08\/preparacao_escolas_1-300x200.jpeg 300w\" sizes=\"(max-width: 750px) 100vw, 750px\" \/><\/a><\/p>\n<p style=\"text-align: justify;\">O Decreto 535\/2021 foi assinado pelo prefeito Z\u00e9 Maria Barros no dia 13 de agosto e revogou o Decreto 514\/2021, que determinava que as aulas estariam suspensas at\u00e9 1\u00ba de outubro.<\/p>\n<p style=\"text-align: justify;\">Confira como ficou o cronograma de retomada:<\/p>\n<ul>\n<li style=\"text-align: justify;\">1\u00ba a 10 de setembro: escolas dever\u00e3o se dedicar \u00e0 organiza\u00e7\u00e3o interna de suas depend\u00eancias, mantendo as aulas e atividades de forma remota de acordo com o planejamento pedag\u00f3gico de cada institui\u00e7\u00e3o;<br \/>\n<hr \/>\n<\/li>\n<li style=\"text-align: justify;\">13 a 17 de setembro: fase de acolhimento e adapta\u00e7\u00e3o dos profissionais de forma presencial (modelo h\u00edbrido);<br \/>\n<hr \/>\n<\/li>\n<li style=\"text-align: justify;\">20 de setembro: in\u00edcio oficial das aulas presenciais no formato h\u00edbrido, segundo o protocolo sanit\u00e1rio municipal;<\/li>\n<\/ul>\n<p style=\"text-align: justify;\">&#8211; retornar\u00e3o as seguintes modalidades: Ensino Infantil (1\u00ba e 2\u00ba Per\u00edodo) e Ensino Fundamental Anos Iniciais (1\u00ba ao 5\u00ba ano) e Ensino M\u00e9dio;<\/p>\n<hr \/>\n<ul>\n<li style=\"text-align: justify;\">4 de outubro: retornar\u00e1 o Ensino Fundamental Anos Finais (6\u00ba ao 9\u00ba ano).<\/li>\n<\/ul>\n<p style=\"text-align: justify;\">Na rede particular as atividades presenciais est\u00e3o autorizadas a retornar a partir do dia 18 de agosto.<\/p>\n<p style=\"text-align: justify;\">Em todas as unidades escolares a participa\u00e7\u00e3o do aluno em aulas presenciais \u00e9 facultativa. Antes do retorno os col\u00e9gios passar\u00e3o por uma vistoria da Vigil\u00e2ncia Sanit\u00e1ria.<\/p>\n<p style=\"text-align: justify;\">Confira <a href=\"https:\/\/www.recreio.mg.gov.br\/images\/Decretos\/2021\/decreto535.pdf\" target=\"_blank\" rel=\"noopener noreferrer\">o Decreto 535 na \u00edntegra e o Plano de Retomada<\/a>.<\/p>\n","protected":false},"excerpt":{"rendered":"<p>O retorno das aulas presenciais em Recreio est\u00e1 previsto para setembro, ap\u00f3s quase 18 meses de distanciamento dos estudantes de suas escolas, por medidas de preven\u00e7\u00e3o ao covid-19. As atividades ser\u00e3o em sistema h\u00edbrido.<\/p>\n","protected":false},"author":3,"featured_media":0,"comment_status":"open","ping_status":"open","sticky":false,"template":"","format":"standard","meta":[],"categories":[9],"tags":[],"yoast_head":"<!-- This site is optimized with the Yoast SEO plugin v15.6.2 - https:\/\/yoast.com\/wordpress\/plugins\/seo\/ -->\n<meta name=\"robots\" content=\"index, follow, max-snippet:-1, max-image-preview:large, max-video-preview:-1\" \/>\n<link rel=\"canonical\" href=\"http:\/\/www.polisrecreio.com.br\/site\/2021\/08\/16\/recreio-retorna-aulas-presenciais-em-setembro\/\" \/>\n<meta property=\"og:locale\" content=\"pt_BR\" \/>\n<meta property=\"og:type\" content=\"article\" \/>\n<meta property=\"og:title\" content=\"Recreio retorna aulas presenciais em setembro - P\u00f3lis Recreio\" \/>\n<meta property=\"og:description\" content=\"O retorno das aulas presenciais em Recreio est\u00e1 previsto para setembro, ap\u00f3s quase 18 meses de distanciamento dos estudantes de suas escolas, por medidas de preven\u00e7\u00e3o ao covid-19. As atividades ser\u00e3o em sistema h\u00edbrido.\" \/>\n<meta property=\"og:url\" content=\"http:\/\/www.polisrecreio.com.br\/site\/2021\/08\/16\/recreio-retorna-aulas-presenciais-em-setembro\/\" \/>\n<meta property=\"og:site_name\" content=\"P\u00f3lis Recreio\" \/>\n<meta property=\"article:publisher\" content=\"https:\/\/www.facebook.com\/Site-P%c3%b3lis-Recreio-MG-181941708571019\/\" \/>\n<meta property=\"article:published_time\" content=\"2021-08-16T23:45:24+00:00\" \/>\n<meta property=\"article:modified_time\" content=\"2021-08-17T00:07:04+00:00\" \/>\n<meta property=\"og:image\" content=\"http:\/\/www.polisrecreio.com.br\/site\/wp-content\/uploads\/2021\/08\/preparacao_escolas_1.jpeg\" \/>\n<meta name=\"twitter:card\" content=\"summary_large_image\" \/>\n<meta name=\"twitter:creator\" content=\"@PolisRecreio\" \/>\n<meta name=\"twitter:site\" content=\"@PolisRecreio\" \/>\n<meta name=\"twitter:label1\" content=\"Est. reading time\">\n\t<meta name=\"twitter:data1\" content=\"2 minutos\">\n<script type=\"application\/ld+json\" class=\"yoast-schema-graph\">{\"@context\":\"https:\/\/schema.org\",\"@graph\":[{\"@type\":\"WebSite\",\"@id\":\"https:\/\/www.polisrecreio.com.br\/site\/#website\",\"url\":\"https:\/\/www.polisrecreio.com.br\/site\/\",\"name\":\"P\\u00f3lis Recreio\",\"description\":\"\",\"potentialAction\":[{\"@type\":\"SearchAction\",\"target\":\"https:\/\/www.polisrecreio.com.br\/site\/?s={search_term_string}\",\"query-input\":\"required name=search_term_string\"}],\"inLanguage\":\"pt-BR\"},{\"@type\":\"ImageObject\",\"@id\":\"http:\/\/www.polisrecreio.com.br\/site\/2021\/08\/16\/recreio-retorna-aulas-presenciais-em-setembro\/#primaryimage\",\"inLanguage\":\"pt-BR\",\"url\":\"http:\/\/www.polisrecreio.com.br\/site\/wp-content\/uploads\/2021\/08\/preparacao_escolas_1.jpeg\"},{\"@type\":\"WebPage\",\"@id\":\"http:\/\/www.polisrecreio.com.br\/site\/2021\/08\/16\/recreio-retorna-aulas-presenciais-em-setembro\/#webpage\",\"url\":\"http:\/\/www.polisrecreio.com.br\/site\/2021\/08\/16\/recreio-retorna-aulas-presenciais-em-setembro\/\",\"name\":\"Recreio retorna aulas presenciais em setembro - P\\u00f3lis Recreio\",\"isPartOf\":{\"@id\":\"https:\/\/www.polisrecreio.com.br\/site\/#website\"},\"primaryImageOfPage\":{\"@id\":\"http:\/\/www.polisrecreio.com.br\/site\/2021\/08\/16\/recreio-retorna-aulas-presenciais-em-setembro\/#primaryimage\"},\"datePublished\":\"2021-08-16T23:45:24+00:00\",\"dateModified\":\"2021-08-17T00:07:04+00:00\",\"author\":{\"@id\":\"https:\/\/www.polisrecreio.com.br\/site\/#\/schema\/person\/3363c1c78e1e28e1329d97adb387638e\"},\"inLanguage\":\"pt-BR\",\"potentialAction\":[{\"@type\":\"ReadAction\",\"target\":[\"http:\/\/www.polisrecreio.com.br\/site\/2021\/08\/16\/recreio-retorna-aulas-presenciais-em-setembro\/\"]}]},{\"@type\":\"Person\",\"@id\":\"https:\/\/www.polisrecreio.com.br\/site\/#\/schema\/person\/3363c1c78e1e28e1329d97adb387638e\",\"name\":\"Leonardo Ribeiro\",\"image\":{\"@type\":\"ImageObject\",\"@id\":\"https:\/\/www.polisrecreio.com.br\/site\/#personlogo\",\"inLanguage\":\"pt-BR\",\"url\":\"https:\/\/secure.gravatar.com\/avatar\/6ba92a37d621e1a83e23710251178a12?s=96&d=mm&r=g\",\"caption\":\"Leonardo Ribeiro\"},\"sameAs\":[\"http:\/\/www.polisrecreio.com.br\"]}]}<\/script>\n<!-- \/ Yoast SEO plugin. -->","_links":{"self":[{"href":"https:\/\/www.polisrecreio.com.br\/site\/wp-json\/wp\/v2\/posts\/21232"}],"collection":[{"href":"https:\/\/www.polisrecreio.com.br\/site\/wp-json\/wp\/v2\/posts"}],"about":[{"href":"https:\/\/www.polisrecreio.com.br\/site\/wp-json\/wp\/v2\/types\/post"}],"author":[{"embeddable":true,"href":"https:\/\/www.polisrecreio.com.br\/site\/wp-json\/wp\/v2\/users\/3"}],"replies":[{"embeddable":true,"href":"https:\/\/www.polisrecreio.com.br\/site\/wp-json\/wp\/v2\/comments?post=21232"}],"version-history":[{"count":5,"href":"https:\/\/www.polisrecreio.com.br\/site\/wp-json\/wp\/v2\/posts\/21232\/revisions"}],"predecessor-version":[{"id":21238,"href":"https:\/\/www.polisrecreio.com.br\/site\/wp-json\/wp\/v2\/posts\/21232\/revisions\/21238"}],"wp:attachment":[{"href":"https:\/\/www.polisrecreio.com.br\/site\/wp-json\/wp\/v2\/media?parent=21232"}],"wp:term":[{"taxonomy":"category","embeddable":true,"href":"https:\/\/www.polisrecreio.com.br\/site\/wp-json\/wp\/v2\/categories?post=21232"},{"taxonomy":"post_tag","embeddable":true,"href":"https:\/\/www.polisrecreio.com.br\/site\/wp-json\/wp\/v2\/tags?post=21232"}],"curies":[{"name":"wp","href":"https:\/\/api.w.org\/{rel}","templated":true}]}}